
{"id":5910,"date":"2018-04-18T11:04:44","date_gmt":"2018-04-18T09:04:44","guid":{"rendered":"https:\/\/www.fjardhundraland.se\/?p=5910"},"modified":"2026-02-05T13:42:58","modified_gmt":"2026-02-05T12:42:58","slug":"tagesausfluge-von-stockholm","status":"publish","type":"post","link":"https:\/\/www.fjardhundraland.se\/de\/inlagg\/2018\/dagsutflykter-fran-stockholm\/","title":{"rendered":"Tagesausfl\u00fcge von Stockholm aus"},"content":{"rendered":"<p>Alle Ausfl\u00fcge sind in Fj\u00e4rdhundraland ganz in der N\u00e4he. Werfen Sie einen Blick auf die Karte. Sie beginnt in Kungs\u00e4ngen, dann f\u00e4hrt Fj\u00e4rdhundraland weiter \u00fcber Enk\u00f6ping nach V\u00e4ster\u00e5s und Uppsala.<\/p>\n\n\n\n<p><a href=\"https:\/\/www.fjardhundraland.se\/de\/\">Hier sind alle Standorte<\/a>.<\/p>\n\n\n\n\n\n\n\n<p>M\u00f6chten Sie einen Tag au\u00dferhalb der Stadt verbringen? Hier sind unsere Vorschl\u00e4ge. Weitere werden folgen!<\/p>\n\n\n\n<h2 class=\"wp-block-heading\">Ein Tagesausflug ins Stockholmer Umland<\/h2>\n\n\n\n<ul class=\"wp-block-list\"><li>Ein Auto mieten <a href=\"https:\/\/www.snappcar.se\/?tduid=4e1679758548e3a138ef19d32e91c891&amp;utm_source=tradedoubler&amp;utm_medium=affiliate&amp;utm_campaign=Sponsorhuset.se\" target=\"_blank\" rel=\"noopener\">von einer lokalen <\/a>(versichert und sicher) oder von <a href=\"https:\/\/clk.tradedoubler.com\/click?p=284579&amp;g=24075746&amp;a=1212080&amp;epi=186b805084c93261f59ca22eddc42d93\" target=\"_blank\" rel=\"noopener\">Notizen<\/a><\/li><li>Nehmen Sie die E18 nach Westen. Stellen Sie das GPS auf 59.66696, 17.44379, um nach <a href=\"https:\/\/test.fjardhundraland.se\/plats\/sussis-gardsbageri\/\">Sussi's Bauernhof B\u00e4ckerei<\/a>, eine kleine B\u00e4ckerei auf dem Lande, vierzig Minuten von Stockholm entfernt.<\/li><li>Von dort aus k\u00f6nnen Sie einen Spaziergang machen oder mit dem Auto nach <a href=\"https:\/\/www.tripadvisor.co.uk\/Attraction_Review-g1572362-d10062225-Reviews-Hjalstaviken_Naturreservat-Enkoping_Uppsala_County.html\" target=\"_blank\" rel=\"noopener\">Hj\u00e4lstaviken<\/a>, ein Paradies f\u00fcr Vogelliebhaber, wo Ornithologen (und V\u00f6gel) zusammenkommen, um viele der h\u00e4ufigen und weniger h\u00e4ufigen schwedischen V\u00f6gel zu beobachten.<\/li><\/ul>\n\n\n\n<ul class=\"wp-block-gallery columns-3 is-cropped wp-block-gallery-1 is-layout-flex wp-block-gallery-is-layout-flex\"><li class=\"blocks-gallery-item\"><figure><img decoding=\"async\" src=\"https:\/\/test.fjardhundraland.se\/english\/wp-content\/uploads\/2018\/04\/birds.jpg\" alt=\"\" data-id=\"606\" class=\"wp-image-606\" title=\"\"><\/figure><\/li><li class=\"blocks-gallery-item\"><figure><img decoding=\"async\" src=\"https:\/\/test.fjardhundraland.se\/english\/wp-content\/uploads\/2018\/04\/birdwatching-day-trip-stockholm.jpg\" alt=\"Vogelbeobachter auf Tagesausflug in Stockholm\" data-id=\"607\" class=\"wp-image-607\" title=\"\"><\/figure><\/li><li class=\"blocks-gallery-item\"><figure><img decoding=\"async\" src=\"https:\/\/test.fjardhundraland.se\/english\/wp-content\/uploads\/2018\/04\/geese-hjacc88lstaviken.jpg\" alt=\"\" data-id=\"608\" class=\"wp-image-608\" title=\"\"><\/figure><\/li><\/ul>","protected":false},"excerpt":{"rendered":"<p>Alla utflykter \u00e4r n\u00e4ra tillhands i Fj\u00e4rdhundraland. Ta en titt p\u00e5 kartan. I Kungs\u00e4ngen b\u00f6rjar det, sedan forts\u00e4tter Fj\u00e4rdhundraland via Enk\u00f6ping till V\u00e4ster\u00e5s och Uppsala. H\u00e4r finns alla platser. Looking for a day out of the city? Here are our suggestions. More to follow! A day trip to the Stockholm Countryside Rent a car from [&hellip;]<\/p>\n","protected":false},"author":1,"featured_media":1580,"comment_status":"closed","ping_status":"closed","sticky":false,"template":"","format":"standard","meta":{"_acf_changed":false,"_relevanssi_hide_post":"","_relevanssi_hide_content":"","_relevanssi_pin_for_all":"","_relevanssi_pin_keywords":"","_relevanssi_unpin_keywords":"","_relevanssi_related_keywords":"","_relevanssi_related_include_ids":"","_relevanssi_related_exclude_ids":"","_relevanssi_related_no_append":"","_relevanssi_related_not_related":"","_relevanssi_related_posts":"","_relevanssi_noindex_reason":"","_genesis_hide_title":false,"_genesis_hide_breadcrumbs":false,"_genesis_hide_singular_image":false,"_genesis_hide_footer_widgets":false,"_genesis_custom_body_class":"","_genesis_custom_post_class":"","_genesis_layout":"","_jetpack_memberships_contains_paid_content":false,"footnotes":""},"categories":[353,1,280],"tags":[],"class_list":{"0":"post-5910","1":"post","2":"type-post","3":"status-publish","4":"format-standard","5":"has-post-thumbnail","7":"category-aldre-inlagg","8":"category-inlagg","9":"category-svensk-landsbygd","10":"entry"},"acf":[],"visa":null,"geo_latitude":null,"geo_longitude":null,"jetpack_featured_media_url":"https:\/\/www.fjardhundraland.se\/wp-content\/uploads\/2012\/05\/marstallen_ny.jpg","featured_image_src":"https:\/\/www.fjardhundraland.se\/wp-content\/uploads\/2012\/05\/marstallen_ny.jpg","featured_image_src_square":"https:\/\/www.fjardhundraland.se\/wp-content\/uploads\/2012\/05\/marstallen_ny.jpg","author_info":{"display_name":"Mats Thorburn","author_link":"https:\/\/www.fjardhundraland.se\/de\/author\/matst\/"},"jetpack-related-posts":[{"id":31,"url":"https:\/\/www.fjardhundraland.se\/de\/externt\/2010\/welcome-to-fjardhundraland\/","url_meta":{"origin":5910,"position":0},"title":"Willkommen bei Fj\u00e4rdhundraland","author":"Mats Thorburn","date":"12 Oktober 2010","format":false,"excerpt":"Die mittelalterliche Provinz Fj\u00e4drundaland ist heute ein Teil von Uppland, Schweden. Heute arbeiten wir mit einer modernen Anpassung: Fj\u00e4rdhundraland. Die Landschaft rund um die Gemeinde Fj\u00e4rdhundra bietet Ihnen einen Besuch in einer der \u00e4ltesten und interessantesten historischen Regionen Schwedens - und eine bl\u00fchende Unternehmergemeinschaft, die auf Sie wartet...","rel":"","context":"In &quot;\u00c4ldre inl\u00e4gg&quot;","block_context":{"text":"\u00c4ldre inl\u00e4gg","link":"https:\/\/www.fjardhundraland.se\/de\/aldre-inlagg\/"},"img":{"alt_text":"","src":"","width":0,"height":0},"classes":[]},{"id":5897,"url":"https:\/\/www.fjardhundraland.se\/de\/turismutveckling\/2019\/stod-den-levande-landsbygden\/","url_meta":{"origin":5910,"position":1},"title":"Unterst\u00fctzung f\u00fcr eine lebendige Landschaft","author":"Mats Thorburn","date":"6 August 2019","format":false,"excerpt":"","rel":"","context":"In &quot;Turismutveckling&quot;","block_context":{"text":"Turismutveckling","link":"https:\/\/www.fjardhundraland.se\/de\/turismutveckling\/"},"img":{"alt_text":"","src":"https:\/\/i0.wp.com\/www.fjardhundraland.se\/wp-content\/uploads\/2019\/08\/stocc88d-fjacc88rdhundraland.jpg?resize=350%2C200&ssl=1","width":350,"height":200,"srcset":"https:\/\/i0.wp.com\/www.fjardhundraland.se\/wp-content\/uploads\/2019\/08\/stocc88d-fjacc88rdhundraland.jpg?resize=350%2C200&ssl=1 1x, https:\/\/i0.wp.com\/www.fjardhundraland.se\/wp-content\/uploads\/2019\/08\/stocc88d-fjacc88rdhundraland.jpg?resize=525%2C300&ssl=1 1.5x, https:\/\/i0.wp.com\/www.fjardhundraland.se\/wp-content\/uploads\/2019\/08\/stocc88d-fjacc88rdhundraland.jpg?resize=700%2C400&ssl=1 2x, https:\/\/i0.wp.com\/www.fjardhundraland.se\/wp-content\/uploads\/2019\/08\/stocc88d-fjacc88rdhundraland.jpg?resize=1050%2C600&ssl=1 3x, https:\/\/i0.wp.com\/www.fjardhundraland.se\/wp-content\/uploads\/2019\/08\/stocc88d-fjacc88rdhundraland.jpg?resize=1400%2C800&ssl=1 4x"},"classes":[]},{"id":3363,"url":"https:\/\/www.fjardhundraland.se\/de\/inlagg\/2016\/midsommar-fjardhundraland-2016\/","url_meta":{"origin":5910,"position":2},"title":"Mittsommer in Fj\u00e4rdhundraland 2016","author":"Ylva Fontell","date":"21 Juni 2016","format":false,"excerpt":"Mittsommer sollte auf dem Lande gefeiert werden! Und dann passt es gut zu der Landschaft, die sowohl in der N\u00e4he von Enk\u00f6ping als auch von V\u00e4ster\u00e5s, Sala, Uppsala und Stockholm liegt. Willkommen zu einem Mittsommerausflug! Mittsommerfest auf dem H\u00e4rledg\u00e5rden in Torstuna. Tanz um den Pfahl auf dem H\u00e4rledg\u00e5rden. Unterhaltung. Volkst\u00e4nze. Kaffeegedeck. Freier Eintritt. 13.30 Uhr Mittsommerpfahl wird hereingetragen und aufgestellt mehr Info Mittsommerfest...","rel":"","context":"In &quot;\u00c4ldre inl\u00e4gg&quot;","block_context":{"text":"\u00c4ldre inl\u00e4gg","link":"https:\/\/www.fjardhundraland.se\/de\/aldre-inlagg\/"},"img":{"alt_text":"Folkdanslag p\u00e5 H\u00e4rledg\u00e5rden p\u00e5 midsommar","src":"https:\/\/i0.wp.com\/www.fjardhundraland.se\/wp-content\/uploads\/2012\/05\/H%C3%A4rledg%C3%A5rden.jpg?resize=350%2C200&ssl=1","width":350,"height":200,"srcset":"https:\/\/i0.wp.com\/www.fjardhundraland.se\/wp-content\/uploads\/2012\/05\/H%C3%A4rledg%C3%A5rden.jpg?resize=350%2C200&ssl=1 1x, https:\/\/i0.wp.com\/www.fjardhundraland.se\/wp-content\/uploads\/2012\/05\/H%C3%A4rledg%C3%A5rden.jpg?resize=525%2C300&ssl=1 1.5x, https:\/\/i0.wp.com\/www.fjardhundraland.se\/wp-content\/uploads\/2012\/05\/H%C3%A4rledg%C3%A5rden.jpg?resize=700%2C400&ssl=1 2x, https:\/\/i0.wp.com\/www.fjardhundraland.se\/wp-content\/uploads\/2012\/05\/H%C3%A4rledg%C3%A5rden.jpg?resize=1050%2C600&ssl=1 3x, https:\/\/i0.wp.com\/www.fjardhundraland.se\/wp-content\/uploads\/2012\/05\/H%C3%A4rledg%C3%A5rden.jpg?resize=1400%2C800&ssl=1 4x"},"classes":[]},{"id":6999,"url":"https:\/\/www.fjardhundraland.se\/de\/inlagg\/2020\/midsommar-i-fjardhundraland-2020\/","url_meta":{"origin":5910,"position":3},"title":"Mittsommer in Fj\u00e4rdhundraland 2020","author":"Mats Thorburn","date":"17 Juni 2020","format":false,"excerpt":"M\u00f6chten Sie Mittsommer auf dem Land, in der N\u00e4he von Stockholm, Uppsala, V\u00e4ster\u00e5s und Enk\u00f6ping feiern? Dieses Jahr wird es anders sein. Die gro\u00dfen Mittsommerfeiern fallen aus, aber die kleinen Feiern k\u00f6nnen Sie selbst organisieren. Buchen Sie sich in eine unserer sch\u00f6nen Unterk\u00fcnfte ein und feiern Sie Mittsommer in der Natur! Hier finden Sie Tipps zur Unterkunft. Und hier...","rel":"","context":"In &quot;\u00c4ldre inl\u00e4gg&quot;","block_context":{"text":"\u00c4ldre inl\u00e4gg","link":"https:\/\/www.fjardhundraland.se\/de\/aldre-inlagg\/"},"img":{"alt_text":"A\u0308ng med pra\u0308stkragar midsommar","src":"https:\/\/i0.wp.com\/www.fjardhundraland.se\/wp-content\/uploads\/2020\/06\/acc88ng-pracc88stkragar-midsommar-fjacc88rdhundraland.jpg?resize=350%2C200&ssl=1","width":350,"height":200,"srcset":"https:\/\/i0.wp.com\/www.fjardhundraland.se\/wp-content\/uploads\/2020\/06\/acc88ng-pracc88stkragar-midsommar-fjacc88rdhundraland.jpg?resize=350%2C200&ssl=1 1x, https:\/\/i0.wp.com\/www.fjardhundraland.se\/wp-content\/uploads\/2020\/06\/acc88ng-pracc88stkragar-midsommar-fjacc88rdhundraland.jpg?resize=525%2C300&ssl=1 1.5x, https:\/\/i0.wp.com\/www.fjardhundraland.se\/wp-content\/uploads\/2020\/06\/acc88ng-pracc88stkragar-midsommar-fjacc88rdhundraland.jpg?resize=700%2C400&ssl=1 2x, https:\/\/i0.wp.com\/www.fjardhundraland.se\/wp-content\/uploads\/2020\/06\/acc88ng-pracc88stkragar-midsommar-fjacc88rdhundraland.jpg?resize=1050%2C600&ssl=1 3x, https:\/\/i0.wp.com\/www.fjardhundraland.se\/wp-content\/uploads\/2020\/06\/acc88ng-pracc88stkragar-midsommar-fjacc88rdhundraland.jpg?resize=1400%2C800&ssl=1 4x"},"classes":[]},{"id":1345,"url":"https:\/\/www.fjardhundraland.se\/de\/turistinformation\/2013\/svang-a\/","url_meta":{"origin":5910,"position":4},"title":"Biegen Sie in Richtung des Touristeninformationszentrums ab!","author":"Mats Thorburn","date":"7 Juni 2013","format":false,"excerpt":"M\u00f6chten Sie mehr wissen und pers\u00f6nliche Tipps \u00fcber Fj\u00e4rdhundraland erhalten? Besuchen Sie das Touristeninformationszentrum Fj\u00e4rdhundraland in G\u00e4stre, s\u00fcdlich von Fj\u00e4rdhundra an der Stra\u00dfe 70 Enk\u00f6ping-Sala. Ab heute, dem 7. Juni, ist es freitags und samstags von 12-16 Uhr ge\u00f6ffnet (bis zum 7. September, mit einigen Ausnahmen - siehe Website). Herzlich willkommen zu einer kleinen, pers\u00f6nlichen Touristeninformation!","rel":"","context":"In &quot;\u00c4ldre inl\u00e4gg&quot;","block_context":{"text":"\u00c4ldre inl\u00e4gg","link":"https:\/\/www.fjardhundraland.se\/de\/aldre-inlagg\/"},"img":{"alt_text":"OLYMPUS DIGITAL CAMERA","src":"https:\/\/i0.wp.com\/www.fjardhundraland.se\/wp-content\/uploads\/2013\/06\/turistskylt.jpg?resize=350%2C200&ssl=1","width":350,"height":200,"srcset":"https:\/\/i0.wp.com\/www.fjardhundraland.se\/wp-content\/uploads\/2013\/06\/turistskylt.jpg?resize=350%2C200&ssl=1 1x, https:\/\/i0.wp.com\/www.fjardhundraland.se\/wp-content\/uploads\/2013\/06\/turistskylt.jpg?resize=525%2C300&ssl=1 1.5x, https:\/\/i0.wp.com\/www.fjardhundraland.se\/wp-content\/uploads\/2013\/06\/turistskylt.jpg?resize=700%2C400&ssl=1 2x, https:\/\/i0.wp.com\/www.fjardhundraland.se\/wp-content\/uploads\/2013\/06\/turistskylt.jpg?resize=1050%2C600&ssl=1 3x, https:\/\/i0.wp.com\/www.fjardhundraland.se\/wp-content\/uploads\/2013\/06\/turistskylt.jpg?resize=1400%2C800&ssl=1 4x"},"classes":[]},{"id":1440,"url":"https:\/\/www.fjardhundraland.se\/de\/externt\/2013\/hostmarknad-i-dunderbo-2\/","url_meta":{"origin":5910,"position":5},"title":"Herbstmarkt in Dunderbo","author":"Ylva Fontell","date":"9 September 2013","format":false,"excerpt":"Am 14. und 15. September findet in Dunderbo ein Herbstmarkt f\u00fcr Kerzen und Kunsthandwerk statt, mit Honig, Marmelade, \u00c4pfeln, Pilzen und viel Kunsthandwerk. Es gibt Kaffee und selbstgebackenen Kuchen, und an beiden Tagen k\u00f6nnen Sie um 13.00 Uhr an einer gef\u00fchrten Wanderung auf dem Kriegspfad teilnehmen. Der Markt ist von 10.00 bis 16.00 Uhr ge\u00f6ffnet. Das vollst\u00e4ndige Programm finden Sie unter www.dunderbohantverk.se","rel":"","context":"In &quot;\u00c4ldre inl\u00e4gg&quot;","block_context":{"text":"\u00c4ldre inl\u00e4gg","link":"https:\/\/www.fjardhundraland.se\/de\/aldre-inlagg\/"},"img":{"alt_text":"","src":"","width":0,"height":0},"classes":[]}],"jetpack_sharing_enabled":true,"_links":{"self":[{"href":"https:\/\/www.fjardhundraland.se\/de\/wp-json\/wp\/v2\/posts\/5910","targetHints":{"allow":["GET"]}}],"collection":[{"href":"https:\/\/www.fjardhundraland.se\/de\/wp-json\/wp\/v2\/posts"}],"about":[{"href":"https:\/\/www.fjardhundraland.se\/de\/wp-json\/wp\/v2\/types\/post"}],"author":[{"embeddable":true,"href":"https:\/\/www.fjardhundraland.se\/de\/wp-json\/wp\/v2\/users\/1"}],"replies":[{"embeddable":true,"href":"https:\/\/www.fjardhundraland.se\/de\/wp-json\/wp\/v2\/comments?post=5910"}],"version-history":[{"count":1,"href":"https:\/\/www.fjardhundraland.se\/de\/wp-json\/wp\/v2\/posts\/5910\/revisions"}],"predecessor-version":[{"id":19795,"href":"https:\/\/www.fjardhundraland.se\/de\/wp-json\/wp\/v2\/posts\/5910\/revisions\/19795"}],"wp:featuredmedia":[{"embeddable":true,"href":"https:\/\/www.fjardhundraland.se\/de\/wp-json\/wp\/v2\/media\/1580"}],"wp:attachment":[{"href":"https:\/\/www.fjardhundraland.se\/de\/wp-json\/wp\/v2\/media?parent=5910"}],"wp:term":[{"taxonomy":"category","embeddable":true,"href":"https:\/\/www.fjardhundraland.se\/de\/wp-json\/wp\/v2\/categories?post=5910"},{"taxonomy":"post_tag","embeddable":true,"href":"https:\/\/www.fjardhundraland.se\/de\/wp-json\/wp\/v2\/tags?post=5910"}],"curies":[{"name":"wp","href":"https:\/\/api.w.org\/{rel}","templated":true}]}}