
{"id":572,"date":"2011-08-09T07:02:38","date_gmt":"2011-08-09T05:02:38","guid":{"rendered":"http:\/\/www.fjardhundraland.se\/?p=572"},"modified":"2026-02-05T13:40:41","modified_gmt":"2026-02-05T12:40:41","slug":"lagerlofska-magazin","status":"publish","type":"post","link":"https:\/\/www.fjardhundraland.se\/de\/gardsbutiker\/2011\/lagerlofska-magasinet\/","title":{"rendered":"Hofladen mit Lebensmitteln und Kuriosit\u00e4ten"},"content":{"rendered":"<p>Zwei Meilen n\u00f6rdlich von Enk\u00f6ping, nur einen Steinwurf von der Autobahn 70 entfernt, befindet sich der Hofladen <a title=\"Zeitschrift Lagerl\u00f6fska\" href=\"https:\/\/lagerlofska.se\/\" target=\"_blank\" rel=\"noopener\">Zeitschrift Lagerl\u00f6fska.<\/a> Sie k\u00f6nnen hier lokal produzierte Lebensmittel, Kunsthandwerk und Kunst von lokalen Kunsthandwerkern kaufen. Der Laden bietet auch Kuriosit\u00e4ten und Flohmarktfunde. Im Sommer wird im Garten Kaffee serviert, und wenn der Holzofen in Betrieb ist, gibt es frisch gebackenes Brot! <a title=\"Lagerl\u00f6ska Magazin - der Shop\" href=\"https:\/\/lagerlofska.se\/butiken\/\" target=\"_blank\" rel=\"noopener\">Erfahren Sie mehr \u00fcber das Sortiment des Shops<\/a>!<\/p>\n<p><a href=\"https:\/\/www.fjardhundraland.se\/de\/blog\/2011\/08\/09\/lagerlofska-magazin\/2011-bilder-239-1024x768\/\" rel=\"attachment wp-att-583\"><img decoding=\"async\" class=\"alignnone size-medium wp-image-583\" title=\"Zeitschrift Lagerl\u00f6fska\" src=\"https:\/\/www.fjardhundraland.se\/wp-content\/uploads\/2011\/08\/2011-bilder-239-1024x768-630x472.jpg\" alt=\"Zeitschrift Lagerl\u00f6fska\" width=\"630\" height=\"472\" \/><\/a><\/p>","protected":false},"excerpt":{"rendered":"<p>2 Meilen n\u00f6rdlich von Enk\u00f6ping, nur einen Steinwurf von der Autobahn 70 entfernt, befindet sich der Hofladen Lagerl\u00f6fska magasinet. Hier k\u00f6nnen Sie lokal produzierte Lebensmittel, Kunsthandwerk und Kunst von lokalen Kunsthandwerkern kaufen. <\/p>","protected":false},"author":1,"featured_media":0,"comment_status":"open","ping_status":"open","sticky":false,"template":"","format":"standard","meta":{"_acf_changed":false,"_relevanssi_hide_post":"","_relevanssi_hide_content":"","_relevanssi_pin_for_all":"","_relevanssi_pin_keywords":"","_relevanssi_unpin_keywords":"","_relevanssi_related_keywords":"","_relevanssi_related_include_ids":"","_relevanssi_related_exclude_ids":"","_relevanssi_related_no_append":"","_relevanssi_related_not_related":"","_relevanssi_related_posts":"","_relevanssi_noindex_reason":"Rank Math Uteslut fr\u00e5n Relevanssi index","_genesis_hide_title":false,"_genesis_hide_breadcrumbs":false,"_genesis_hide_singular_image":false,"_genesis_hide_footer_widgets":false,"_genesis_custom_body_class":"","_genesis_custom_post_class":"","_genesis_layout":"","_jetpack_memberships_contains_paid_content":false,"footnotes":""},"categories":[353,18,9,65,22],"tags":[352,64],"class_list":{"0":"post-572","1":"post","2":"type-post","3":"status-publish","4":"format-standard","6":"category-aldre-inlagg","7":"category-externt","8":"category-gardsbutiker","9":"category-loppis","10":"category-mat","11":"tag-aldre-inlagg","12":"tag-lagerlofska-magasinet","13":"entry"},"acf":[],"visa":null,"geo_latitude":null,"geo_longitude":null,"jetpack_featured_media_url":"","featured_image_src":null,"featured_image_src_square":null,"author_info":{"display_name":"Mats Thorburn","author_link":"https:\/\/www.fjardhundraland.se\/de\/author\/matst\/"},"jetpack-related-posts":[{"id":1379,"url":"https:\/\/www.fjardhundraland.se\/de\/gardsbutiker\/2013\/rebusrundan-2013\/","url_meta":{"origin":572,"position":0},"title":"Die Tour der Weinberge 2013","author":"Ylva Fontell","date":"27 Juli 2013","format":false,"excerpt":"Machen Sie mit Ihrer Familie oder Ihren Freunden einen Ausflug in Fj\u00e4rdhundraland. An den Sonntagen 4. und 11. August haben Attraktionen und Gesch\u00e4fte im ganzen Bezirk extra ge\u00f6ffnet. Besuchen und kaufen Sie ein, trinken Sie einen Kaffee, erleben Sie etwas - und nehmen Sie gleichzeitig an einem lustigen und einfachen Rebus-Wettbewerb teil! Hier sind die Startkarten und...","rel":"","context":"In &quot;\u00c4ldre inl\u00e4gg&quot;","block_context":{"text":"\u00c4ldre inl\u00e4gg","link":"https:\/\/www.fjardhundraland.se\/de\/aldre-inlagg\/"},"img":{"alt_text":"","src":"","width":0,"height":0},"classes":[]},{"id":4259,"url":"https:\/\/www.fjardhundraland.se\/de\/rebusrunda\/2017\/medverkande-rebusrundan-2017\/","url_meta":{"origin":572,"position":1},"title":"Teilnehmer an der Rebus-Runde 2017","author":"Ylva Fontell","date":"5 Juni 2017","format":false,"excerpt":"Dieses Jahr k\u00f6nnen Sie auf der Rebus-Tour nicht weniger als 40 verschiedene Organisationen besuchen! Hier ist die vollst\u00e4ndige Liste. Klicken Sie auf die Links, um mehr \u00fcber jeden Ort zu erfahren. Alsta tr\u00e4dg\u00e5rdar - Gartencaf\u00e9, Galerie und Inspirationsgarten. Essen &amp; Kaffeebrote aus der eigenen K\u00fcche. Lustige und phantasievolle Ausstellung! Altuna bygdeg\u00e5rdsf\u00f6rening - Verpflegung mit Kaffee...","rel":"","context":"In &quot;Rebusrunda&quot;","block_context":{"text":"Rebusrunda","link":"https:\/\/www.fjardhundraland.se\/de\/rebusrunda\/"},"img":{"alt_text":"Startkort Rebusrundan","src":"https:\/\/i0.wp.com\/www.fjardhundraland.se\/wp-content\/uploads\/2017\/07\/startkort.jpg?resize=350%2C200&ssl=1","width":350,"height":200,"srcset":"https:\/\/i0.wp.com\/www.fjardhundraland.se\/wp-content\/uploads\/2017\/07\/startkort.jpg?resize=350%2C200&ssl=1 1x, https:\/\/i0.wp.com\/www.fjardhundraland.se\/wp-content\/uploads\/2017\/07\/startkort.jpg?resize=525%2C300&ssl=1 1.5x, https:\/\/i0.wp.com\/www.fjardhundraland.se\/wp-content\/uploads\/2017\/07\/startkort.jpg?resize=700%2C400&ssl=1 2x, https:\/\/i0.wp.com\/www.fjardhundraland.se\/wp-content\/uploads\/2017\/07\/startkort.jpg?resize=1050%2C600&ssl=1 3x, https:\/\/i0.wp.com\/www.fjardhundraland.se\/wp-content\/uploads\/2017\/07\/startkort.jpg?resize=1400%2C800&ssl=1 4x"},"classes":[]},{"id":1444,"url":"https:\/\/www.fjardhundraland.se\/de\/externt\/2013\/fjardhundralands-hostglod\/","url_meta":{"origin":572,"position":2},"title":"Fj\u00e4rdhundralands Herbstgl\u00fchen","author":"Ylva Fontell","date":"30 September 2013","format":false,"excerpt":"Am Sonntag, dem 13. Oktober, sind Sie zu einem farbenfrohen Herbstumzug in der Lundellska Galerie in Simtuna eingeladen. Sie k\u00f6nnen regionale Produkte einkaufen, sich im Gew\u00e4chshaus beraten und massieren lassen, eine Pilzausstellung mit der Pilzberaterin Eva Allestedt besuchen oder sich Tipps zu den besten Apfelsorten holen. Es gibt Musik und die Gartenexpertin Lena M\u00e5nsson wird \u00fcber Blumenzwiebeln sprechen. Nehmen Sie ...","rel":"","context":"In &quot;\u00c4ldre inl\u00e4gg&quot;","block_context":{"text":"\u00c4ldre inl\u00e4gg","link":"https:\/\/www.fjardhundraland.se\/de\/aldre-inlagg\/"},"img":{"alt_text":"","src":"","width":0,"height":0},"classes":[]},{"id":714,"url":"https:\/\/www.fjardhundraland.se\/de\/gardsbutiker\/2011\/christina-tog-sm-medalj-i-mathantverk\/","url_meta":{"origin":572,"position":3},"title":"Christina gewann eine Medaille bei der schwedischen Meisterschaft im Lebensmittelhandwerk","author":"Ylva Fontell","date":"17 November 2011","format":false,"excerpt":"Herzlichen Gl\u00fcckwunsch an Christina Lagerl\u00f6f von Lagerl\u00f6fska Magasinet, die bei der schwedischen Meisterschaft in Mathantverk Silber gewonnen hat! Christina nahm mit ihrer \u201dPistage\u201d - einer Apfel-Zitrus-Marmelade - in der Kategorie Andere Marmeladen teil. Die Begr\u00fcndung der Jury lautete: \u201dEine neue und aufregende Marmelade mit einer sch\u00f6nen Ausgewogenheit und frischer S\u00e4ure von hausgemachtem Apfelessig. Die Pistazien waren gut mit den feinen Apfelst\u00fcckchen integriert...","rel":"","context":"In &quot;\u00c4ldre inl\u00e4gg&quot;","block_context":{"text":"\u00c4ldre inl\u00e4gg","link":"https:\/\/www.fjardhundraland.se\/de\/aldre-inlagg\/"},"img":{"alt_text":"","src":"","width":0,"height":0},"classes":[]},{"id":2690,"url":"https:\/\/www.fjardhundraland.se\/de\/rebusrunda\/2016\/medverkande-rebusrundan\/","url_meta":{"origin":572,"position":4},"title":"Teilnehmer an der Rebus-Runde 2016","author":"","date":"2 M\u00e4rz 2016","format":false,"excerpt":"Hier finden Sie alle Gesch\u00e4fte, Caf\u00e9s und Restaurants, Sehensw\u00fcrdigkeiten und sch\u00f6ne Orte, die Sie w\u00e4hrend der Rebus-Tour besuchen k\u00f6nnen. F\u00fcllen Sie Ihr Auto mit Freunden und Familie und besuchen Sie so viele Orte wie m\u00f6glich. Oder nimm deine beste Freundin mit auf ein Fahrradabenteuer in der Natur. Aber vor allem l\u00f6sen Sie den Rebus und sammeln dabei Erfahrungen, gute...","rel":"","context":"In &quot;Rebusrunda&quot;","block_context":{"text":"Rebusrunda","link":"https:\/\/www.fjardhundraland.se\/de\/rebusrunda\/"},"img":{"alt_text":"Rebusrundan 2016","src":"https:\/\/i0.wp.com\/www.fjardhundraland.se\/wp-content\/uploads\/2016\/07\/rebusrundan2016.jpg?resize=350%2C200&ssl=1","width":350,"height":200,"srcset":"https:\/\/i0.wp.com\/www.fjardhundraland.se\/wp-content\/uploads\/2016\/07\/rebusrundan2016.jpg?resize=350%2C200&ssl=1 1x, https:\/\/i0.wp.com\/www.fjardhundraland.se\/wp-content\/uploads\/2016\/07\/rebusrundan2016.jpg?resize=525%2C300&ssl=1 1.5x, https:\/\/i0.wp.com\/www.fjardhundraland.se\/wp-content\/uploads\/2016\/07\/rebusrundan2016.jpg?resize=700%2C400&ssl=1 2x, https:\/\/i0.wp.com\/www.fjardhundraland.se\/wp-content\/uploads\/2016\/07\/rebusrundan2016.jpg?resize=1050%2C600&ssl=1 3x, https:\/\/i0.wp.com\/www.fjardhundraland.se\/wp-content\/uploads\/2016\/07\/rebusrundan2016.jpg?resize=1400%2C800&ssl=1 4x"},"classes":[]},{"id":3505,"url":"https:\/\/www.fjardhundraland.se\/de\/marknad-2\/2016\/smaka-pa-enkoping\/","url_meta":{"origin":572,"position":5},"title":"Verkostung des Enk\u00f6ping 2016","author":"Mats Thorburn","date":"17 August 2016","format":false,"excerpt":"Am 3. September findet im Rahmen des Gartentages der \"Taste of Enk\u00f6ping\" statt. Die Veranstaltung bringt lokal produzierte und biologische Lebensmittel auf einer Messe und einem Markt entlang der Uferpromenade am Fluss Enk\u00f6ping zusammen. Fj\u00e4rdhundraland ist das Herzst\u00fcck der lokalen Produktion und l\u00e4dt Sie zu einem Markt auf der Wiese neben den Restaurants von Smaka p\u00e5 Enk\u00f6ping ein. Teilnehmer...","rel":"","context":"In &quot;Marknad&quot;","block_context":{"text":"Marknad","link":"https:\/\/www.fjardhundraland.se\/de\/marknad-2\/"},"img":{"alt_text":"Fj\u00e4rdhundraland p\u00e5 marknad Smaka p\u00e5 enkoping","src":"https:\/\/i0.wp.com\/www.fjardhundraland.se\/wp-content\/uploads\/2016\/03\/Fjardhundraland-marknad-smaka-pa-enkoping.jpg?resize=350%2C200&ssl=1","width":350,"height":200,"srcset":"https:\/\/i0.wp.com\/www.fjardhundraland.se\/wp-content\/uploads\/2016\/03\/Fjardhundraland-marknad-smaka-pa-enkoping.jpg?resize=350%2C200&ssl=1 1x, https:\/\/i0.wp.com\/www.fjardhundraland.se\/wp-content\/uploads\/2016\/03\/Fjardhundraland-marknad-smaka-pa-enkoping.jpg?resize=525%2C300&ssl=1 1.5x, https:\/\/i0.wp.com\/www.fjardhundraland.se\/wp-content\/uploads\/2016\/03\/Fjardhundraland-marknad-smaka-pa-enkoping.jpg?resize=700%2C400&ssl=1 2x, https:\/\/i0.wp.com\/www.fjardhundraland.se\/wp-content\/uploads\/2016\/03\/Fjardhundraland-marknad-smaka-pa-enkoping.jpg?resize=1050%2C600&ssl=1 3x, https:\/\/i0.wp.com\/www.fjardhundraland.se\/wp-content\/uploads\/2016\/03\/Fjardhundraland-marknad-smaka-pa-enkoping.jpg?resize=1400%2C800&ssl=1 4x"},"classes":[]}],"jetpack_sharing_enabled":true,"_links":{"self":[{"href":"https:\/\/www.fjardhundraland.se\/de\/wp-json\/wp\/v2\/posts\/572","targetHints":{"allow":["GET"]}}],"collection":[{"href":"https:\/\/www.fjardhundraland.se\/de\/wp-json\/wp\/v2\/posts"}],"about":[{"href":"https:\/\/www.fjardhundraland.se\/de\/wp-json\/wp\/v2\/types\/post"}],"author":[{"embeddable":true,"href":"https:\/\/www.fjardhundraland.se\/de\/wp-json\/wp\/v2\/users\/1"}],"replies":[{"embeddable":true,"href":"https:\/\/www.fjardhundraland.se\/de\/wp-json\/wp\/v2\/comments?post=572"}],"version-history":[{"count":1,"href":"https:\/\/www.fjardhundraland.se\/de\/wp-json\/wp\/v2\/posts\/572\/revisions"}],"predecessor-version":[{"id":19743,"href":"https:\/\/www.fjardhundraland.se\/de\/wp-json\/wp\/v2\/posts\/572\/revisions\/19743"}],"wp:attachment":[{"href":"https:\/\/www.fjardhundraland.se\/de\/wp-json\/wp\/v2\/media?parent=572"}],"wp:term":[{"taxonomy":"category","embeddable":true,"href":"https:\/\/www.fjardhundraland.se\/de\/wp-json\/wp\/v2\/categories?post=572"},{"taxonomy":"post_tag","embeddable":true,"href":"https:\/\/www.fjardhundraland.se\/de\/wp-json\/wp\/v2\/tags?post=572"}],"curies":[{"name":"wp","href":"https:\/\/api.w.org\/{rel}","templated":true}]}}