
{"id":5692,"date":"2019-04-14T10:00:12","date_gmt":"2019-04-14T08:00:12","guid":{"rendered":"https:\/\/www.fjardhundraland.se\/?p=5692"},"modified":"2026-02-05T13:42:58","modified_gmt":"2026-02-05T12:42:58","slug":"reisepass-cup-2019","status":"publish","type":"post","link":"https:\/\/www.fjardhundraland.se\/de\/utflykt\/2019\/paskoppet-2019\/","title":{"rendered":"Ostereinkauf 2019"},"content":{"rendered":"<p><strong>P\u00e5sk \u00e4r startskottet f\u00f6r m\u00e5nga bes\u00f6ksm\u00e5l i Fj\u00e4rdhundraland, men ocks\u00e5 ett bra tillf\u00e4lle f\u00f6r den f\u00f6rsta v\u00e5rutflykten p\u00e5 landet. H\u00e4r \u00e4r n\u00e5gra bra st\u00e4llen att bes\u00f6ka p\u00e5skhelgen 2019!\u00a0<\/strong><\/p>\n<h2><a href=\"https:\/\/www.fjardhundraland.se\/plats\/pepparrotsstadens-tradgard-hantverk\/\">Pepparrotsstadens Tr\u00e4dg\u00e5rd &amp; Hantverk<\/a><\/h2>\n<p>P\u00e5sk\u00f6ppet med smed p\u00e5 plats. L\u00e5ngfredag 19\/4\u2013annandag p\u00e5sk 22\/4, 11\u201316 varje dag.<\/p>\n<p>Vi har \u00f6ppet hela p\u00e5sken, l\u00e5ngfredag till annandag p\u00e5sk 11\u201316. I st\u00e4llet f\u00f6r traditionellt p\u00e5skris har vi ett ovanligt storv\u00e4xt ogr\u00e4s som p\u00e5skprydnad, en smidd skulptur i form av en maskros. Dessutom kommer v\u00e5r hus-smed Lisa Rundberg att st\u00e5 och smida utanf\u00f6r butiken varje dag. V\u00e4lkommen \u00f6nskar Lena och Elisabet!<\/p>\n<h2><a href=\"https:\/\/www.fjardhundraland.se\/plats\/dunderbo-ljus-och-hantverk\/\">Dunderbo Ljus &amp; Hantverk<\/a><\/h2>\n<p>Under p\u00e5sken har vi extra\u00f6ppet och hoppas att ni har tid att titta f\u00f6rbi! \u00d6ppet 19\u201322 April (P\u00e5skhelgen, Fre\u2013M\u00e5n) 10\u201316.<\/p>\n<p>Vi har \u00e4ven i \u00e5r de fina marmorerade \u00e4ggljusen och \u00e4ven andra ljus i p\u00e5skens f\u00e4rger! Vi har \u00e4ven m\u00e5nga nya trasmattor i v\u00e5rens f\u00e4rger, nyv\u00e4vda i v\u00e4vstolen i Dunderbo av Annika.<\/p>\n<h2><a href=\"http:\/\/Broby g\u00e5rd\">Broby g\u00e5rd<\/a><\/h2>\n<p>Fre-m\u00e5n 12\u201316. Vi deltar i V\u00e5rkonst med 4st utst\u00e4llare.<\/p>\n<h2><a href=\"https:\/\/www.fjardhundraland.se\/plats\/gula-stallet-butik-kafe\/\">Gula Stallet Mat &amp; Rum<\/a><\/h2>\n<p>\u00d6ppet l\u00f6rdag s\u00f6ndag under p\u00e5sk.<\/p>\n<h2><a href=\"https:\/\/www.fjardhundraland.se\/plats\/salnecke-slottscafe\/\">Salnecke slottscaf\u00e9<\/a><\/h2>\n<p>\u00d6ppet alla p\u00e5skdagar 11-17. P\u00e5sktallrik serveras 19\u201322\/4. Boka g\u00e4rna p\u00e5 skogsbackensost@gmail.com eller s\u00e4g till i kassan. Under p\u00e5skdagarna har vi \u00e4ven ostbrickor f\u00f6r 150 kr som presenter.<\/p>\n<h2><a href=\"https:\/\/www.fjardhundraland.se\/plats\/landsberga-gard\/\">Landsberga g\u00e5rdsbutik<\/a><\/h2>\n<p>I caf\u00e9et serveras \u00c4gg Cocotte med kr\u00e4mig laxr\u00f6ra och g\u00e5rdens egen p\u00e5skkaka med vispgr\u00e4dde och butikshyllorna \u00e4r fyllda med handgjort p\u00e5skpynt och n\u00e4rproducerade delikatesser. Butiken har \u00f6ppet hela p\u00e5skhelgen mellan 11 och 16 och som p\u00e5skerbjudande ger vi tio procents rabatt p\u00e5 alla \u00e4gg, sillinl\u00e4ggningar och p\u00e5 uppl\u00e4ndsk fudge och choklad.<\/p>\n<h2><a href=\"https:\/\/www.fjardhundraland.se\/plats\/orresta-golf-konferens\/\">Orresta Golf &amp; Konferens<\/a><\/h2>\n<p><strong>V\u00e4lkomna p\u00e5 P\u00e5skpub med \u00e4ggjakt!<\/strong><br \/>\nTorsdagen den 18 april fr\u00e5n kl 17:00 \u00e4r puben \u00f6ppen p\u00e5 Orresta Golf &amp; Konferens,<br \/>\nKl. 18:30 serveras en 2-r\u00e4tters middag med kaffe och p\u00e5skgodis. 195 kr. 99 kr f\u00f6r barn<br \/>\nP\u00e5sk\u00e4ggsjakt f\u00f6r alla barn. Anm\u00e4lan senast 14\/4 till <a href=\"mailto:boka@orrestagolf.se\">boka@orrestagolf.se<\/a> eller 0171-44 32 20.<\/p>\n<p>Golfbanan \u00f6ppnar f\u00f6r s\u00e4songen p\u00e5 sk\u00e4rtorsdagen den 18 april.<\/p>\n<h2><a href=\"https:\/\/www.fjardhundraland.se\/plats\/tuna-tradgard\/\">Tuna tr\u00e4dg\u00e5rd &amp; Matlust<\/a><\/h2>\n<p>Under p\u00e5skhelgen \u00e4r det konstrunda i Enk\u00f6pings kommun. P\u00e5 Tuna tr\u00e4dg\u00e5rd st\u00e4ller Jajja Hansdotter ut sina akvareller och Matlust serverar GoFika.<\/p>\n<p>\u00d6ppet 11-16 19\/4-22\/4.<\/p>\n<h2><a href=\"https:\/\/www.fjardhundraland.se\/plats\/forsby-kvarn-kafe\/\">Forsby kvarn kaf\u00e9<\/a><\/h2>\n<p>\u00d6ppet L\u00e5ngfredag, p\u00e5skafton och p\u00e5skdagen.<\/p>\n<p>St\u00e4ngt sk\u00e4rtorsdag och annandag p\u00e5sk.<\/p>\n<p>\u00d6ppettider:<\/p>\n<p>Fredag 19 april kl 17-21 pizza<\/p>\n<p>Bordsbokning p\u00e5 0703-798099.<\/p>\n<p>L\u00f6r\/s\u00f6n 20\/21 april kl 12-16\u00a0gofika med s\u00f6tebr\u00f6d och m\u00e4ttande sm\u00f6rrebr\u00f6d.<\/p>\n<h2><a href=\"http:\/\/Alsta Tr\u00e4dg\u00e5rdar\">Alsta Tr\u00e4dg\u00e5rdar<\/a><\/h2>\n<p>\u00d6ppet fredag -m\u00e5ndag 11\u201316<\/p>\n<p>L\u00e5ngfredag vernissage M\u00e5leri Monica Holm \u2013 14.00 Folkmusik p\u00e5 nyckelharpa &amp; cittra: Jane, Lars &amp; Tommy spelar l\u00e5tar komponerade av Jane Karlsdotter och andra Uppl\u00e4ndska l\u00e5tar.<\/p>\n<h2><a href=\"http:\/\/M\u00e5lhammar galleri\">M\u00e5lhammar galleri<\/a><\/h2>\n<p>Marie Winderudh \u201dMellanrum&#8221; 19 april\u201326 maj 2019<\/p>\n<p>Vernissage l\u00e5ngfredagen 19 april 12\u201316\u2013Varmt v\u00e4lkomna!<\/p>\n<p>\u00d6ppet hela p\u00e5skhelgen fred\u2013m\u00e5nd 12\u201316<\/p>\n<p>\u00d6vriga \u00f6ppettider: l\u00f6rdag och s\u00f6ndag 12\u201316, eller enligt \u00f6verenskommelse.<\/p>\n<h2><a href=\"http:\/\/Sussis g\u00e5rdsbageri\">Sussis g\u00e5rdsbageri<\/a><\/h2>\n<p>\u00d6ppet ions-tors 8-17 \u00a0fre 10-14 och l\u00f6rdag 8-14. Bageri och cafe och gamla bagarstugan blir en liten presentbod med saker fr\u00e5n Webbfloristen.<\/p>\n<h2><a href=\"https:\/\/www.fjardhundraland.se\/plats\/kromsta-lantbod\/\">Kromsta lantbod<\/a><\/h2>\n<p>\u00d6ppet l\u00e5ngfredag 11-15 och d\u00e5 finns vallgarns g\u00e5rdsmejeri hos oss och ber\u00e4ttar om sin ost.<\/p>\n<p>P\u00e5skafton 10-15, b\u00e5da dagarna har vi grillen t\u00e4nd. Prinskorv till p\u00e5sk\u00a0.<\/p>\n<h2><a href=\"https:\/\/www.fjardhundraland.se\/plats\/franzens-charkuterier\/\">Franz\u00e9ns charkuterier<\/a><\/h2>\n<p>\u00d6ppet varje dag 8-20. Bland annat finns skivad karr\u00e9 och fina urbenade kotletter till grillen, och lufttorkad karr\u00e9 och lufttorkat ytterl\u00e5r till p\u00e5skbuff\u00e9n. Allt fr\u00e5n uteg\u00e5ende linder\u00f6dssvin.<\/p>\n<h2><a href=\"https:\/\/www.fjardhundraland.se\/plats\/kvarnnibble-butik-och-musteri\/\">Kvarnnibble butik och musteri<\/a><\/h2>\n<p>Onsdag 17\/4 15-18, Sk\u00e4rtorsdag 11-18, L\u00e5ngfredag 11-14.<br \/>\nLammk\u00f6tt, sillar, \u00e4gg medmera medmera.<\/p>\n<h2><a href=\"http:\/\/gyllenebrunnen.se\/\" target=\"_blank\" rel=\"noopener noreferrer\">Gyllene brunnen<\/a><\/h2>\n<p>\u00d6ppet fredag och s\u00f6ndag 12-16. Hantverk, kakbuff\u00e9 och godisjakt.<\/p>\n<h2><a href=\"https:\/\/www.fjardhundraland.se\/plats\/resta-gard\/\">Resta g\u00e5rd<\/a><\/h2>\n<p>\u00d6ppet p\u00e5skafton och p\u00e5skdagen 11-16<\/p>\n<p>Vi har fullt med nyslaktat k\u00f6tt och korv fr\u00e5n gr\u00e4s\u00e4tande lamm och n\u00f6t och vi har f\u00e5tt massor med kalvar s\u00e5 nu har vi gott om mejeriprodukter ocks\u00e5. Vi har f\u00e5tt \u00e5rets lammexplosion s\u00e5 det finns mycket s\u00f6tt att titta och klappa p\u00e5. Det finns fortfarande obokade n\u00e4ra-lamm-upplevelser under sk\u00e4rtorsdagen och resten av helgen. Se mer p\u00e5\u00a0<a href=\"http:\/\/www.restagard.se\/upplevelser\" target=\"_blank\" rel=\"noopener\">www.restagard.se\/upplevelser<\/a><\/p>\n<h2><a href=\"https:\/\/www.fjardhundraland.se\/plats\/lata-pigan\/\">Lata Pigan<\/a><\/h2>\n<p>\u00f6ppnar f\u00f6r s\u00e4songen 21\u201322 april kl 11\u201317.<\/p>\n<h2>Lagunda f\u00f6rsamling<\/h2>\n<p>Bland annat gudstj\u00e4nster i <a href=\"https:\/\/www.fjardhundraland.se\/plats\/nysatra-kyrka\/\">Nys\u00e4tra<\/a>, <a href=\"https:\/\/www.fjardhundraland.se\/plats\/gryta-kyrka\/\">Gryta<\/a>, <a href=\"https:\/\/www.fjardhundraland.se\/plats\/kulla-kyrka\/\">Kulla<\/a>, <a href=\"https:\/\/www.fjardhundraland.se\/plats\/froslunda-kyrka\/\">Fr\u00f6slunda<\/a>, Balingsta, <a href=\"https:\/\/www.fjardhundraland.se\/plats\/giresta-kyrka\/\">Giresta<\/a>, Hj\u00e4lsta och <a href=\"https:\/\/www.fjardhundraland.se\/plats\/biskopskulla-kyrka\/\">Biskopskulla<\/a> kyrkor. <a href=\"https:\/\/www.fjardhundraland.se\/wp-content\/uploads\/2019\/04\/2019-pa\u030ask-och-va\u030ar_final.pdf\">Se programmet h\u00e4r<\/a> [pdf].<\/p>\n","protected":false},"excerpt":{"rendered":"<p>Ostern ist der Ausgangspunkt f\u00fcr viele Reiseziele in Fj\u00e4rdhundraland, aber es ist auch ein guter Zeitpunkt f\u00fcr den ersten Fr\u00fchlingsausflug in die Natur. Hier sind einige tolle Orte, die Sie Ostern 2019 besuchen k\u00f6nnen! <\/p>","protected":false},"author":1,"featured_media":5695,"comment_status":"closed","ping_status":"closed","sticky":false,"template":"","format":"standard","meta":{"_acf_changed":false,"_relevanssi_hide_post":"","_relevanssi_hide_content":"","_relevanssi_pin_for_all":"","_relevanssi_pin_keywords":"","_relevanssi_unpin_keywords":"","_relevanssi_related_keywords":"","_relevanssi_related_include_ids":"","_relevanssi_related_exclude_ids":"","_relevanssi_related_no_append":"","_relevanssi_related_not_related":"","_relevanssi_related_posts":"","_relevanssi_noindex_reason":"","_genesis_hide_title":false,"_genesis_hide_breadcrumbs":false,"_genesis_hide_singular_image":false,"_genesis_hide_footer_widgets":false,"_genesis_custom_body_class":"","_genesis_custom_post_class":"","_genesis_layout":"","_jetpack_memberships_contains_paid_content":false,"footnotes":""},"categories":[87,353],"tags":[86],"class_list":{"0":"post-5692","1":"post","2":"type-post","3":"status-publish","4":"format-standard","5":"has-post-thumbnail","7":"category-utflykt","8":"category-aldre-inlagg","9":"tag-pask","10":"entry"},"acf":[],"visa":null,"geo_latitude":null,"geo_longitude":null,"jetpack_featured_media_url":"https:\/\/www.fjardhundraland.se\/wp-content\/uploads\/2019\/04\/paskhonor2019.jpg","featured_image_src":"https:\/\/www.fjardhundraland.se\/wp-content\/uploads\/2019\/04\/paskhonor2019.jpg","featured_image_src_square":"https:\/\/www.fjardhundraland.se\/wp-content\/uploads\/2019\/04\/paskhonor2019.jpg","author_info":{"display_name":"Mats Thorburn","author_link":"https:\/\/www.fjardhundraland.se\/de\/author\/matst\/"},"jetpack-related-posts":[{"id":4023,"url":"https:\/\/www.fjardhundraland.se\/de\/utflykt\/2017\/paskoppet-fjardhundraland-2017\/","url_meta":{"origin":5692,"position":0},"title":"Ostereink\u00e4ufe in Fj\u00e4rdhundraland 2017","author":"Ylva Fontell","date":"5 April 2017","format":false,"excerpt":"Zu Ostern \u00f6ffnen viele der Kleinode von Fj\u00e4rdhundraland ihre Pforten f\u00fcr Besucher. Machen Sie einen Ausflug auf verschlungenen Landstra\u00dfen - finden Sie Ruhe und Frieden, lauschen Sie dem Gesang der V\u00f6gel und genie\u00dfen Sie \u00f6sterliche Leckereien. Ge\u00f6ffnet zu Ostern: Alsta Gardens ist von Karfreitag bis Ostermontag von 11 bis 16 Uhr ge\u00f6ffnet. Die erste Ausstellung des Fr\u00fchjahrs mit Webarbeiten von Eva Sundstr\u00f6m und Keramiken,...","rel":"","context":"In &quot;Utflykt&quot;","block_context":{"text":"Utflykt","link":"https:\/\/www.fjardhundraland.se\/de\/utflykt\/"},"img":{"alt_text":"P\u00e5sktupp","src":"https:\/\/i0.wp.com\/www.fjardhundraland.se\/wp-content\/uploads\/2015\/04\/pasktupp-1.jpg?resize=350%2C200&ssl=1","width":350,"height":200,"srcset":"https:\/\/i0.wp.com\/www.fjardhundraland.se\/wp-content\/uploads\/2015\/04\/pasktupp-1.jpg?resize=350%2C200&ssl=1 1x, https:\/\/i0.wp.com\/www.fjardhundraland.se\/wp-content\/uploads\/2015\/04\/pasktupp-1.jpg?resize=525%2C300&ssl=1 1.5x, https:\/\/i0.wp.com\/www.fjardhundraland.se\/wp-content\/uploads\/2015\/04\/pasktupp-1.jpg?resize=700%2C400&ssl=1 2x, https:\/\/i0.wp.com\/www.fjardhundraland.se\/wp-content\/uploads\/2015\/04\/pasktupp-1.jpg?resize=1050%2C600&ssl=1 3x, https:\/\/i0.wp.com\/www.fjardhundraland.se\/wp-content\/uploads\/2015\/04\/pasktupp-1.jpg?resize=1400%2C800&ssl=1 4x"},"classes":[]},{"id":4981,"url":"https:\/\/www.fjardhundraland.se\/de\/upplevelser\/2018\/pask-i-fjardhundraland-2018\/","url_meta":{"origin":5692,"position":1},"title":"Ostereink\u00e4ufe in Fj\u00e4rdhundraland","author":"Mats Thorburn","date":"28 M\u00e4rz 2018","format":false,"excerpt":"Ostern ist der Beginn der Saison in Fj\u00e4rdhundraland. Hier sind einige der Orte, die an diesem Wochenende ge\u00f6ffnet sind. Genie\u00dfen Sie die Fr\u00fchlingssonne auf dem Lande! Klicken Sie auf die \u00dcberschrift, um mehr \u00fcber die einzelnen Orte zu erfahren! Kvarnnibble-Laden und Sammelstelle \u00d6ffnen Sie den Hofladen mit Fleisch, Eiern, K\u00e4se und anderen Leckereien....","rel":"","context":"In &quot;\u00c4ldre inl\u00e4gg&quot;","block_context":{"text":"\u00c4ldre inl\u00e4gg","link":"https:\/\/www.fjardhundraland.se\/de\/aldre-inlagg\/"},"img":{"alt_text":"Tupp Ho\u0308ns Ha\u0308rnevi plantskola","src":"https:\/\/i0.wp.com\/www.fjardhundraland.se\/wp-content\/uploads\/2018\/03\/tupp-hocc88ns-hacc88rnevi-plantskola-2017-april-15-12-00-45-_.jpg?resize=350%2C200&ssl=1","width":350,"height":200,"srcset":"https:\/\/i0.wp.com\/www.fjardhundraland.se\/wp-content\/uploads\/2018\/03\/tupp-hocc88ns-hacc88rnevi-plantskola-2017-april-15-12-00-45-_.jpg?resize=350%2C200&ssl=1 1x, https:\/\/i0.wp.com\/www.fjardhundraland.se\/wp-content\/uploads\/2018\/03\/tupp-hocc88ns-hacc88rnevi-plantskola-2017-april-15-12-00-45-_.jpg?resize=525%2C300&ssl=1 1.5x, https:\/\/i0.wp.com\/www.fjardhundraland.se\/wp-content\/uploads\/2018\/03\/tupp-hocc88ns-hacc88rnevi-plantskola-2017-april-15-12-00-45-_.jpg?resize=700%2C400&ssl=1 2x, https:\/\/i0.wp.com\/www.fjardhundraland.se\/wp-content\/uploads\/2018\/03\/tupp-hocc88ns-hacc88rnevi-plantskola-2017-april-15-12-00-45-_.jpg?resize=1050%2C600&ssl=1 3x, https:\/\/i0.wp.com\/www.fjardhundraland.se\/wp-content\/uploads\/2018\/03\/tupp-hocc88ns-hacc88rnevi-plantskola-2017-april-15-12-00-45-_.jpg?resize=1400%2C800&ssl=1 4x"},"classes":[]},{"id":3098,"url":"https:\/\/www.fjardhundraland.se\/de\/utflykt\/2016\/paskoppet-i-fjardhundraland\/","url_meta":{"origin":5692,"position":2},"title":"Ostereink\u00e4ufe in Fj\u00e4rdhundraland 2016","author":"Mats Thorburn","date":"23 M\u00e4rz 2016","format":false,"excerpt":"Zu Ostern \u00f6ffnen viele der Juwelen von Fj\u00e4rdhundraland ihre Pforten f\u00fcr Besucher. Es ist an der Zeit, dem Winter zu entfliehen und einen Ausflug zu machen, raus auf die Landstra\u00dfen, zu Ruhe, Natur und echtem Essen. Zu Ostern ge\u00f6ffnet: Alsta Tr\u00e4dg\u00e5rdar ist von Freitag bis Montag von 11 bis 16 Uhr mit der ersten Fr\u00fchlingsausstellung mit Silberschmiedekunst, Talmalerei und alten...","rel":"","context":"In &quot;Utflykt&quot;","block_context":{"text":"Utflykt","link":"https:\/\/www.fjardhundraland.se\/de\/utflykt\/"},"img":{"alt_text":"","src":"https:\/\/i0.wp.com\/www.fjardhundraland.se\/wp-content\/uploads\/2016\/03\/egg.jpg?resize=350%2C200&ssl=1","width":350,"height":200,"srcset":"https:\/\/i0.wp.com\/www.fjardhundraland.se\/wp-content\/uploads\/2016\/03\/egg.jpg?resize=350%2C200&ssl=1 1x, https:\/\/i0.wp.com\/www.fjardhundraland.se\/wp-content\/uploads\/2016\/03\/egg.jpg?resize=525%2C300&ssl=1 1.5x, https:\/\/i0.wp.com\/www.fjardhundraland.se\/wp-content\/uploads\/2016\/03\/egg.jpg?resize=700%2C400&ssl=1 2x, https:\/\/i0.wp.com\/www.fjardhundraland.se\/wp-content\/uploads\/2016\/03\/egg.jpg?resize=1050%2C600&ssl=1 3x, https:\/\/i0.wp.com\/www.fjardhundraland.se\/wp-content\/uploads\/2016\/03\/egg.jpg?resize=1400%2C800&ssl=1 4x"},"classes":[]},{"id":2588,"url":"https:\/\/www.fjardhundraland.se\/de\/utflykt\/2015\/glad-pask-i-fjardhundraland\/","url_meta":{"origin":5692,"position":3},"title":"Frohe Ostern in Fj\u00e4rdhundraland","author":"Mats Thorburn","date":"1 April 2015","format":false,"excerpt":"Der Fr\u00fchling liegt in der Luft und wir wollen raus aufs Land! Dieses Ostern haben Sie eine gro\u00dfartige Gelegenheit, die aufkommende Saison in Fj\u00e4rdhundraland zu erleben - kleine Erlebnisse auf dem Lande in der N\u00e4he von Uppsala, V\u00e4ster\u00e5s und Stockholm. Hier ist eine Auswahl - viele gute und sch\u00f6ne Dinge f\u00fcr den Ostertisch! Einschlie\u00dflich Eier. Der Eierstand des Bauernhofs Landsberga ist jeden Tag von 7-20 Uhr ge\u00f6ffnet...","rel":"","context":"In &quot;\u00c4ldre inl\u00e4gg&quot;","block_context":{"text":"\u00c4ldre inl\u00e4gg","link":"https:\/\/www.fjardhundraland.se\/de\/aldre-inlagg\/"},"img":{"alt_text":"P\u00e5sktupp","src":"https:\/\/i0.wp.com\/www.fjardhundraland.se\/wp-content\/uploads\/2015\/04\/pasktupp-1.jpg?resize=350%2C200&ssl=1","width":350,"height":200,"srcset":"https:\/\/i0.wp.com\/www.fjardhundraland.se\/wp-content\/uploads\/2015\/04\/pasktupp-1.jpg?resize=350%2C200&ssl=1 1x, https:\/\/i0.wp.com\/www.fjardhundraland.se\/wp-content\/uploads\/2015\/04\/pasktupp-1.jpg?resize=525%2C300&ssl=1 1.5x, https:\/\/i0.wp.com\/www.fjardhundraland.se\/wp-content\/uploads\/2015\/04\/pasktupp-1.jpg?resize=700%2C400&ssl=1 2x, https:\/\/i0.wp.com\/www.fjardhundraland.se\/wp-content\/uploads\/2015\/04\/pasktupp-1.jpg?resize=1050%2C600&ssl=1 3x, https:\/\/i0.wp.com\/www.fjardhundraland.se\/wp-content\/uploads\/2015\/04\/pasktupp-1.jpg?resize=1400%2C800&ssl=1 4x"},"classes":[]},{"id":2196,"url":"https:\/\/www.fjardhundraland.se\/de\/gardsbutiker\/2014\/paskens-utflykter\/","url_meta":{"origin":5692,"position":4},"title":"Ausfl\u00fcge zu Ostern","author":"Ylva Fontell","date":"9 April 2014","format":false,"excerpt":"Es ist sch\u00f6n, ein paar Tage frei zu haben, dann ist es Zeit f\u00fcr einen Ausflug aufs Land! In Fj\u00e4rdhundraland gibt es viel zu tun: Eier und regionale Produkte einkaufen, Kunst betrachten oder essen und einen guten Kaffee trinken. Es bleibt auch Zeit f\u00fcr einen Besuch in der Touristeninformation von Fj\u00e4rdhundraland oder im nostalgischsten Autohaus der Welt! Und vieles mehr... Herzlich willkommen...","rel":"","context":"In &quot;\u00c4ldre inl\u00e4gg&quot;","block_context":{"text":"\u00c4ldre inl\u00e4gg","link":"https:\/\/www.fjardhundraland.se\/de\/aldre-inlagg\/"},"img":{"alt_text":"","src":"https:\/\/i0.wp.com\/www.fjardhundraland.se\/wp-content\/uploads\/2014\/04\/pasktupp-1.jpg?resize=350%2C200&ssl=1","width":350,"height":200,"srcset":"https:\/\/i0.wp.com\/www.fjardhundraland.se\/wp-content\/uploads\/2014\/04\/pasktupp-1.jpg?resize=350%2C200&ssl=1 1x, https:\/\/i0.wp.com\/www.fjardhundraland.se\/wp-content\/uploads\/2014\/04\/pasktupp-1.jpg?resize=525%2C300&ssl=1 1.5x, https:\/\/i0.wp.com\/www.fjardhundraland.se\/wp-content\/uploads\/2014\/04\/pasktupp-1.jpg?resize=700%2C400&ssl=1 2x, https:\/\/i0.wp.com\/www.fjardhundraland.se\/wp-content\/uploads\/2014\/04\/pasktupp-1.jpg?resize=1050%2C600&ssl=1 3x, https:\/\/i0.wp.com\/www.fjardhundraland.se\/wp-content\/uploads\/2014\/04\/pasktupp-1.jpg?resize=1400%2C800&ssl=1 4x"},"classes":[]},{"id":858,"url":"https:\/\/www.fjardhundraland.se\/de\/gardsbutiker\/2023\/pask-i-fjardhundraland\/","url_meta":{"origin":5692,"position":5},"title":"Ostern in Fj\u00e4rdhundraland","author":"Mats Thorburn","date":"2 April 2023","format":false,"excerpt":"Ostern bedeutet Ausgehen! \u00dcberall in Fj\u00e4rdhundraland beginnen die Hofl\u00e4den, Caf\u00e9s und G\u00e4rtnereien mit der Vorbereitung auf die Sommersaison. Machen Sie einen Spaziergang zwischen Leckereien und Sehensw\u00fcrdigkeiten. Caf\u00e9 Forsby Mill. Ostertag zwischen 12-16 Uhr: Besichtigung des neuen Caf\u00e9s in der M\u00fchle von Forsby. Tischler TB Lindblom zeigt das Geb\u00e4ude. Goldener Brunnen. Ostertage Freitag-Montag.","rel":"","context":"In &quot;\u00c4ldre inl\u00e4gg&quot;","block_context":{"text":"\u00c4ldre inl\u00e4gg","link":"https:\/\/www.fjardhundraland.se\/de\/aldre-inlagg\/"},"img":{"alt_text":"","src":"https:\/\/i0.wp.com\/www.fjardhundraland.se\/wp-content\/uploads\/2021\/04\/pask-i-fjardhundraland-tupp-och-hona.jpg?resize=350%2C200&ssl=1","width":350,"height":200,"srcset":"https:\/\/i0.wp.com\/www.fjardhundraland.se\/wp-content\/uploads\/2021\/04\/pask-i-fjardhundraland-tupp-och-hona.jpg?resize=350%2C200&ssl=1 1x, https:\/\/i0.wp.com\/www.fjardhundraland.se\/wp-content\/uploads\/2021\/04\/pask-i-fjardhundraland-tupp-och-hona.jpg?resize=525%2C300&ssl=1 1.5x, https:\/\/i0.wp.com\/www.fjardhundraland.se\/wp-content\/uploads\/2021\/04\/pask-i-fjardhundraland-tupp-och-hona.jpg?resize=700%2C400&ssl=1 2x, https:\/\/i0.wp.com\/www.fjardhundraland.se\/wp-content\/uploads\/2021\/04\/pask-i-fjardhundraland-tupp-och-hona.jpg?resize=1050%2C600&ssl=1 3x, https:\/\/i0.wp.com\/www.fjardhundraland.se\/wp-content\/uploads\/2021\/04\/pask-i-fjardhundraland-tupp-och-hona.jpg?resize=1400%2C800&ssl=1 4x"},"classes":[]}],"jetpack_sharing_enabled":true,"_links":{"self":[{"href":"https:\/\/www.fjardhundraland.se\/de\/wp-json\/wp\/v2\/posts\/5692","targetHints":{"allow":["GET"]}}],"collection":[{"href":"https:\/\/www.fjardhundraland.se\/de\/wp-json\/wp\/v2\/posts"}],"about":[{"href":"https:\/\/www.fjardhundraland.se\/de\/wp-json\/wp\/v2\/types\/post"}],"author":[{"embeddable":true,"href":"https:\/\/www.fjardhundraland.se\/de\/wp-json\/wp\/v2\/users\/1"}],"replies":[{"embeddable":true,"href":"https:\/\/www.fjardhundraland.se\/de\/wp-json\/wp\/v2\/comments?post=5692"}],"version-history":[{"count":1,"href":"https:\/\/www.fjardhundraland.se\/de\/wp-json\/wp\/v2\/posts\/5692\/revisions"}],"predecessor-version":[{"id":19800,"href":"https:\/\/www.fjardhundraland.se\/de\/wp-json\/wp\/v2\/posts\/5692\/revisions\/19800"}],"wp:featuredmedia":[{"embeddable":true,"href":"https:\/\/www.fjardhundraland.se\/de\/wp-json\/wp\/v2\/media\/5695"}],"wp:attachment":[{"href":"https:\/\/www.fjardhundraland.se\/de\/wp-json\/wp\/v2\/media?parent=5692"}],"wp:term":[{"taxonomy":"category","embeddable":true,"href":"https:\/\/www.fjardhundraland.se\/de\/wp-json\/wp\/v2\/categories?post=5692"},{"taxonomy":"post_tag","embeddable":true,"href":"https:\/\/www.fjardhundraland.se\/de\/wp-json\/wp\/v2\/tags?post=5692"}],"curies":[{"name":"wp","href":"https:\/\/api.w.org\/{rel}","templated":true}]}}