
{"id":5638,"date":"2019-03-25T13:37:48","date_gmt":"2019-03-25T12:37:48","guid":{"rendered":"http:\/\/www.fjardhundraland.se\/?p=5638"},"modified":"2021-03-27T21:52:26","modified_gmt":"2021-03-27T20:52:26","slug":"storyspot-fuhrer-in-fjardhundraland","status":"publish","type":"post","link":"https:\/\/www.fjardhundraland.se\/de\/utflykt\/2019\/storyspot-guidar-i-fjardhundraland\/","title":{"rendered":"Storyspot-Leitf\u00e4den in Fj\u00e4rdhundraland"},"content":{"rendered":"<p class=\"p1\"><strong>Storyspot ist eine App, mit der Sie Geschichten mit Ihrer eigenen Stimme erz\u00e4hlen k\u00f6nnen. Die ersten Storyspots von Fj\u00e4rdhundraland sind jetzt in der App verf\u00fcgbar - Audiof\u00fchrer zu Orten entlang <a href=\"https:\/\/www.fjardhundraland.se\/de\/zyklus\/fjardhundralandsleden\/\">Fj\u00e4rdhundralands<\/a>. <\/strong><\/p>\n\n\n\n<p class=\"p1\">Wir alle brauchen Orientierung. Wir fahren an einem sch\u00f6nen Fr\u00fchlingstag durch die offene Landschaft, die kleinen Kirchen s\u00e4umen die Stra\u00dfe - warum stehen sie so dicht beieinander? - die Runensteine erz\u00e4hlen Geschichten in einer Sprache, die wir nicht verstehen, genau wie die V\u00f6gel ...<\/p>\n\n\n\n<p class=\"p1\">Wir brauchen Hilfe, um zu verstehen, was wir sehen! Mit einem F\u00fchrer wird das Reisen sinnvoll.<\/p>\n\n\n\n<h2 class=\"wp-block-heading\">Geschichten auf dem Weg dorthin<\/h2>\n\n\n\n<p class=\"p1\"><strong><a href=\"https:\/\/www.storyspot.se\/sv\/\" target=\"_blank\" rel=\"noopener\">Storyspot<\/a> <\/strong>ist eine App, mit der Sie sich unterwegs Geschichten anh\u00f6ren k\u00f6nnen. In Fj\u00e4rdhundraland gibt es eine Reihe von Storyspots, die die Geschichte des Ortes in ein paar Minuten erz\u00e4hlen, kurz und spannend!<\/p>\n\n\n\n<p class=\"p1\">Die Erz\u00e4hlerin ist \u00c5sa Lansfors Lindblom, und die Texte stammen von Ylva Fontell, mit Beitr\u00e4gen von Ir\u00e9ne Flygare, G\u00f6ran Ulv\u00e4ng und Gunnar Larsson.<\/p>\n\n\n\n<p class=\"p1\"><a href=\"https:\/\/www.storyspot.se\/sv\/\" target=\"_blank\" rel=\"noopener\">Den Storyspot herunterladen<\/a> und begleiten Sie uns, wenn die Landschaft zu sprechen beginnt!<\/p>\n\n\n\n<p>Das Fj\u00e4rdhundraland-Radteam hat an neuen Radrouten und neuen Storyspots gearbeitet. Sie sind jetzt in der App zu finden, <a href=\"https:\/\/www.fjardhundraland.se\/de\/die-standorte\/gora\/audioguides\/\">aber auch im Internet<\/a>.<\/p>\n\n\n\n<p><em>Die Arbeit mit Fj\u00e4rdhundralandsleden und Storyspot wurde von Leader M\u00e4lardalen unterst\u00fctzt.<\/em><\/p>\n\n\n\n<figure class=\"wp-block-image\"><img decoding=\"async\" data-attachment-id=\"5257\" data-permalink=\"https:\/\/www.fjardhundraland.se\/de\/cykla\/fjardhundralandsleden\/attachment\/logo-leader_malardalen\/\" data-orig-file=\"https:\/\/www.fjardhundraland.se\/wp-content\/uploads\/2018\/06\/logo-leader_malardalen.jpg\" data-orig-size=\"2330,696\" data-comments-opened=\"0\" data-image-meta=\"{&quot;aperture&quot;:&quot;0&quot;,&quot;credit&quot;:&quot;&quot;,&quot;camera&quot;:&quot;&quot;,&quot;caption&quot;:&quot;&quot;,&quot;created_timestamp&quot;:&quot;0&quot;,&quot;copyright&quot;:&quot;&quot;,&quot;focal_length&quot;:&quot;0&quot;,&quot;iso&quot;:&quot;0&quot;,&quot;shutter_speed&quot;:&quot;0&quot;,&quot;title&quot;:&quot;&quot;,&quot;orientation&quot;:&quot;0&quot;}\" data-image-title=\"Logo LEADER_MALARDALEN\" data-image-description=\"\" data-image-caption=\"\" data-large-file=\"https:\/\/www.fjardhundraland.se\/wp-content\/uploads\/2018\/06\/logo-leader_malardalen.jpg\" src=\"https:\/\/www.fjardhundraland.se\/wp-content\/uploads\/2018\/06\/logo-leader_malardalen-300x90.jpg\" alt=\"\" class=\"wp-image-5257\" title=\"\"><\/figure>\n\n\n\n<figure class=\"wp-block-image\"><img decoding=\"async\" data-attachment-id=\"5258\" data-permalink=\"https:\/\/www.fjardhundraland.se\/de\/cykla\/fjardhundralandsleden\/attachment\/eu-flagga\/\" data-orig-file=\"https:\/\/www.fjardhundraland.se\/wp-content\/uploads\/2018\/06\/eu-flagga.jpg\" data-orig-size=\"278,271\" data-comments-opened=\"0\" data-image-meta=\"{&quot;aperture&quot;:&quot;0&quot;,&quot;credit&quot;:&quot;&quot;,&quot;camera&quot;:&quot;&quot;,&quot;caption&quot;:&quot;&quot;,&quot;created_timestamp&quot;:&quot;0&quot;,&quot;copyright&quot;:&quot;&quot;,&quot;focal_length&quot;:&quot;0&quot;,&quot;iso&quot;:&quot;0&quot;,&quot;shutter_speed&quot;:&quot;0&quot;,&quot;title&quot;:&quot;&quot;,&quot;orientation&quot;:&quot;0&quot;}\" data-image-title=\"EU-flagga\" data-image-description=\"\" data-image-caption=\"\" data-large-file=\"https:\/\/www.fjardhundraland.se\/wp-content\/uploads\/2018\/06\/eu-flagga.jpg\" src=\"https:\/\/www.fjardhundraland.se\/wp-content\/uploads\/2018\/06\/eu-flagga-150x150.jpg\" alt=\"\" class=\"wp-image-5258\" title=\"\"><\/figure>\n\n\n\n<figure class=\"wp-block-image\"><img decoding=\"async\" data-attachment-id=\"5259\" data-permalink=\"https:\/\/www.fjardhundraland.se\/de\/cykla\/fjardhundralandsleden\/attachment\/leader\/\" data-orig-file=\"https:\/\/www.fjardhundraland.se\/wp-content\/uploads\/2018\/06\/leader.jpg\" data-orig-size=\"763,764\" data-comments-opened=\"0\" data-image-meta=\"{&quot;aperture&quot;:&quot;0&quot;,&quot;credit&quot;:&quot;&quot;,&quot;camera&quot;:&quot;&quot;,&quot;caption&quot;:&quot;&quot;,&quot;created_timestamp&quot;:&quot;0&quot;,&quot;copyright&quot;:&quot;&quot;,&quot;focal_length&quot;:&quot;0&quot;,&quot;iso&quot;:&quot;0&quot;,&quot;shutter_speed&quot;:&quot;0&quot;,&quot;title&quot;:&quot;&quot;,&quot;orientation&quot;:&quot;0&quot;}\" data-image-title=\"Leader\" data-image-description=\"\" data-image-caption=\"\" data-large-file=\"https:\/\/www.fjardhundraland.se\/wp-content\/uploads\/2018\/06\/leader.jpg\" src=\"https:\/\/www.fjardhundraland.se\/wp-content\/uploads\/2018\/06\/leader-150x150.jpg\" alt=\"\" class=\"wp-image-5259\" title=\"\"><\/figure>","protected":false},"excerpt":{"rendered":"<p>Storyspot \u00e4r en app d\u00e4r du kan dela ber\u00e4ttelser med din egen r\u00f6st. Nu finns Fj\u00e4rdhundralands f\u00f6rsta storyspots i appen \u2013 audioguider till platser l\u00e4ngs Fj\u00e4rdhundralandsleden. Vi beh\u00f6ver alla v\u00e4gledning. Vi \u00e5ker genom det \u00f6ppna landskapet en vacker v\u00e5rdag, de sm\u00e5 kyrkorna avl\u00f6ser varandra l\u00e4ngs v\u00e4gen \u2013 varf\u00f6r ligger de s\u00e5 t\u00e4tt? \u2013 runstenarna ber\u00e4ttar [&hellip;]<\/p>\n","protected":false},"author":1,"featured_media":5645,"comment_status":"closed","ping_status":"closed","sticky":false,"template":"","format":"standard","meta":{"_acf_changed":false,"_relevanssi_hide_post":"","_relevanssi_hide_content":"","_relevanssi_pin_for_all":"","_relevanssi_pin_keywords":"","_relevanssi_unpin_keywords":"","_relevanssi_related_keywords":"","_relevanssi_related_include_ids":"","_relevanssi_related_exclude_ids":"","_relevanssi_related_no_append":"","_relevanssi_related_not_related":"","_relevanssi_related_posts":"","_relevanssi_noindex_reason":"","_genesis_hide_title":false,"_genesis_hide_breadcrumbs":false,"_genesis_hide_singular_image":false,"_genesis_hide_footer_widgets":false,"_genesis_custom_body_class":"","_genesis_custom_post_class":"","_genesis_layout":"","_jetpack_memberships_contains_paid_content":false,"footnotes":""},"categories":[87,263,280,89,25],"tags":[],"class_list":{"0":"post-5638","1":"post","2":"type-post","3":"status-publish","4":"format-standard","5":"has-post-thumbnail","7":"category-utflykt","8":"category-cykling","9":"category-svensk-landsbygd","10":"category-turistinformation","11":"category-upplevelser","12":"entry"},"acf":[],"visa":null,"geo_latitude":null,"geo_longitude":null,"jetpack_featured_media_url":"https:\/\/www.fjardhundraland.se\/wp-content\/uploads\/2019\/03\/storyspot-acc88s-puss-1.jpg","featured_image_src":"https:\/\/www.fjardhundraland.se\/wp-content\/uploads\/2019\/03\/storyspot-acc88s-puss-1.jpg","featured_image_src_square":"https:\/\/www.fjardhundraland.se\/wp-content\/uploads\/2019\/03\/storyspot-acc88s-puss-1.jpg","author_info":{"display_name":"Mats Thorburn","author_link":"https:\/\/www.fjardhundraland.se\/de\/author\/matst\/"},"jetpack-related-posts":[{"id":6130,"url":"https:\/\/www.fjardhundraland.se\/de\/inlagg\/2019\/nya-ljudguider-i-storyspot\/","url_meta":{"origin":5638,"position":0},"title":"Neue Audioguides in Storyspot","author":"Mats Thorburn","date":"20 Juli 2019","format":false,"excerpt":"Neue Audioguides sind jetzt verf\u00fcgbar, in der Storyspot-App, aber auch hier auf der Website. Es gibt eine Reihe verschiedener Geschichten zu den neuen Radwegen. Storyspot herunterladen und anh\u00f6ren!","rel":"","context":"In &quot;Inl\u00e4gg&quot;","block_context":{"text":"Inl\u00e4gg","link":"https:\/\/www.fjardhundraland.se\/de\/inlagg\/"},"img":{"alt_text":"Storyspot A\u0308s puss","src":"https:\/\/i0.wp.com\/www.fjardhundraland.se\/wp-content\/uploads\/2019\/03\/storyspot-acc88s-puss-1.jpg?resize=350%2C200&ssl=1","width":350,"height":200,"srcset":"https:\/\/i0.wp.com\/www.fjardhundraland.se\/wp-content\/uploads\/2019\/03\/storyspot-acc88s-puss-1.jpg?resize=350%2C200&ssl=1 1x, https:\/\/i0.wp.com\/www.fjardhundraland.se\/wp-content\/uploads\/2019\/03\/storyspot-acc88s-puss-1.jpg?resize=525%2C300&ssl=1 1.5x, https:\/\/i0.wp.com\/www.fjardhundraland.se\/wp-content\/uploads\/2019\/03\/storyspot-acc88s-puss-1.jpg?resize=700%2C400&ssl=1 2x, https:\/\/i0.wp.com\/www.fjardhundraland.se\/wp-content\/uploads\/2019\/03\/storyspot-acc88s-puss-1.jpg?resize=1050%2C600&ssl=1 3x, https:\/\/i0.wp.com\/www.fjardhundraland.se\/wp-content\/uploads\/2019\/03\/storyspot-acc88s-puss-1.jpg?resize=1400%2C800&ssl=1 4x"},"classes":[]},{"id":5262,"url":"https:\/\/www.fjardhundraland.se\/de\/utflykt\/2018\/cykla-i-fjardhundraland\/","url_meta":{"origin":5638,"position":1},"title":"Radfahren in Fj\u00e4rdhundraland","author":"Mats Thorburn","date":"30 Juni 2018","format":false,"excerpt":"Die kurvenreichen Nebenstra\u00dfen von Fj\u00e4rdhundraland sind ein Traum f\u00fcr Radfahrer, mit vielen M\u00f6glichkeiten, sch\u00f6nen Aussichten und einer Menge zu sehen und zu tun. Wir arbeiten daran, den Besuchern die Orientierung zu erleichtern, ihnen die Suche nach Restaurants und Unterk\u00fcnften zu erleichtern und sie bei Bedarf zu beraten. Fj\u00e4rdhundralandsleden Um es einfach zu machen, haben wir...","rel":"","context":"In &quot;Utflykt&quot;","block_context":{"text":"Utflykt","link":"https:\/\/www.fjardhundraland.se\/de\/utflykt\/"},"img":{"alt_text":"Cyklar parkerade framf\u00f6r Nys\u00e4tra kyrka","src":"https:\/\/i0.wp.com\/www.fjardhundraland.se\/wp-content\/uploads\/2018\/06\/cykling.jpg?resize=350%2C200&ssl=1","width":350,"height":200,"srcset":"https:\/\/i0.wp.com\/www.fjardhundraland.se\/wp-content\/uploads\/2018\/06\/cykling.jpg?resize=350%2C200&ssl=1 1x, https:\/\/i0.wp.com\/www.fjardhundraland.se\/wp-content\/uploads\/2018\/06\/cykling.jpg?resize=525%2C300&ssl=1 1.5x, https:\/\/i0.wp.com\/www.fjardhundraland.se\/wp-content\/uploads\/2018\/06\/cykling.jpg?resize=700%2C400&ssl=1 2x, https:\/\/i0.wp.com\/www.fjardhundraland.se\/wp-content\/uploads\/2018\/06\/cykling.jpg?resize=1050%2C600&ssl=1 3x, https:\/\/i0.wp.com\/www.fjardhundraland.se\/wp-content\/uploads\/2018\/06\/cykling.jpg?resize=1400%2C800&ssl=1 4x"},"classes":[]},{"id":4235,"url":"https:\/\/www.fjardhundraland.se\/de\/utflykt\/2017\/ak-pa-rallyloppis-1-och-2-juli\/","url_meta":{"origin":5638,"position":2},"title":"Besuchen Sie die Rallyloppis am 1. und 2. Juli!","author":"Mats Thorburn","date":"24 Mai 2017","format":false,"excerpt":"Die Zeit ist jetzt! Am Wochenende des 1. und 2. Juli ist die Rallyloppis - eine Runde von 80 Anbietern an 14 Standorten gibt! Wo: siehe Karte. Wann: 1. und 2. Juli 2017 von 11-16 Uhr. Teilnehmer Butiken i L\u00f6th - Sieben Verk\u00e4ufer + Butiken i L\u00f6ths eigener Flohmarkt. Fika verf\u00fcgbar! Altuna Bygdeg\u00e5rd - 12 Aussteller mit allem dazwischen...","rel":"","context":"In &quot;Utflykt&quot;","block_context":{"text":"Utflykt","link":"https:\/\/www.fjardhundraland.se\/de\/utflykt\/"},"img":{"alt_text":"","src":"https:\/\/i0.wp.com\/www.fjardhundraland.se\/wp-content\/uploads\/2017\/05\/raps-vag-rallyloppis.jpg?resize=350%2C200&ssl=1","width":350,"height":200,"srcset":"https:\/\/i0.wp.com\/www.fjardhundraland.se\/wp-content\/uploads\/2017\/05\/raps-vag-rallyloppis.jpg?resize=350%2C200&ssl=1 1x, https:\/\/i0.wp.com\/www.fjardhundraland.se\/wp-content\/uploads\/2017\/05\/raps-vag-rallyloppis.jpg?resize=525%2C300&ssl=1 1.5x, https:\/\/i0.wp.com\/www.fjardhundraland.se\/wp-content\/uploads\/2017\/05\/raps-vag-rallyloppis.jpg?resize=700%2C400&ssl=1 2x, https:\/\/i0.wp.com\/www.fjardhundraland.se\/wp-content\/uploads\/2017\/05\/raps-vag-rallyloppis.jpg?resize=1050%2C600&ssl=1 3x, https:\/\/i0.wp.com\/www.fjardhundraland.se\/wp-content\/uploads\/2017\/05\/raps-vag-rallyloppis.jpg?resize=1400%2C800&ssl=1 4x"},"classes":[]},{"id":5379,"url":"https:\/\/www.fjardhundraland.se\/de\/mat\/2018\/smaker-pa-kvek\/","url_meta":{"origin":5638,"position":3},"title":"Geschmacksrichtungen des Kvek","author":"Mats Thorburn","date":"11 August 2018","format":false,"excerpt":"Kvekg\u00e5rden aus dem 19. Jahrhundert trifft das Fj\u00e4rdhundraland von 2018 Am Sonntag, den 19.8. l\u00e4dt das Projekt Historische Lebensmittel im Fj\u00e4rdhundraland zu einem Tag mit kleinen Lebensmitteln und Geschichte auf dem Kvekg\u00e5rden ein, dem gut erhaltenen alten Bauernhof vor den Toren des \u00d6rsundsbro. Die Veranstaltung bietet ein anderes Geschmackserlebnis aus der Zeit, in der der Hof genutzt wurde, aber Sie treffen auch drei...","rel":"","context":"In &quot;\u00c4ldre inl\u00e4gg&quot;","block_context":{"text":"\u00c4ldre inl\u00e4gg","link":"https:\/\/www.fjardhundraland.se\/de\/aldre-inlagg\/"},"img":{"alt_text":"Kvekga\u030arden","src":"https:\/\/i0.wp.com\/www.fjardhundraland.se\/wp-content\/uploads\/2018\/08\/kvekgacc8arden.jpg?resize=350%2C200&ssl=1","width":350,"height":200,"srcset":"https:\/\/i0.wp.com\/www.fjardhundraland.se\/wp-content\/uploads\/2018\/08\/kvekgacc8arden.jpg?resize=350%2C200&ssl=1 1x, https:\/\/i0.wp.com\/www.fjardhundraland.se\/wp-content\/uploads\/2018\/08\/kvekgacc8arden.jpg?resize=525%2C300&ssl=1 1.5x, https:\/\/i0.wp.com\/www.fjardhundraland.se\/wp-content\/uploads\/2018\/08\/kvekgacc8arden.jpg?resize=700%2C400&ssl=1 2x, https:\/\/i0.wp.com\/www.fjardhundraland.se\/wp-content\/uploads\/2018\/08\/kvekgacc8arden.jpg?resize=1050%2C600&ssl=1 3x, https:\/\/i0.wp.com\/www.fjardhundraland.se\/wp-content\/uploads\/2018\/08\/kvekgacc8arden.jpg?resize=1400%2C800&ssl=1 4x"},"classes":[]},{"id":10896,"url":"https:\/\/www.fjardhundraland.se\/de\/tradgard\/2022\/tuva-tappa-2022\/","url_meta":{"origin":5638,"position":4},"title":"Tuva &amp; T\u00e4ppa 2022","author":"Carl-Erik Ekblom","date":"1 Juli 2022","format":false,"excerpt":"Willkommen zu Tuva &amp; T\u00e4ppa 2022 Sonntag, 31. Juli, 11-17 Uhr Tuva &amp; T\u00e4ppa ist eine Gartentour auf dem Land zwischen Stockholm, Uppsala, V\u00e4ster\u00e5s, Sala und Enk\u00f6ping. An der diesj\u00e4hrigen Tuva &amp; T\u00e4ppa nehmen 14 G\u00e4rtnereien, Z\u00fcchter und Privatg\u00e4rten teil.  In den G\u00e4rtnereien und G\u00e4rtnereien erhalten Sie sowohl Inspiration als auch die M\u00f6glichkeit,...","rel":"","context":"In &quot;Tr\u00e4dg\u00e5rd&quot;","block_context":{"text":"Tr\u00e4dg\u00e5rd","link":"https:\/\/www.fjardhundraland.se\/de\/tradgard\/"},"img":{"alt_text":"Tuva & Ta\u0308ppa 2022","src":"https:\/\/i0.wp.com\/www.fjardhundraland.se\/wp-content\/uploads\/2022\/07\/tuva-tappa-2022.jpg?resize=350%2C200&ssl=1","width":350,"height":200,"srcset":"https:\/\/i0.wp.com\/www.fjardhundraland.se\/wp-content\/uploads\/2022\/07\/tuva-tappa-2022.jpg?resize=350%2C200&ssl=1 1x, https:\/\/i0.wp.com\/www.fjardhundraland.se\/wp-content\/uploads\/2022\/07\/tuva-tappa-2022.jpg?resize=525%2C300&ssl=1 1.5x, https:\/\/i0.wp.com\/www.fjardhundraland.se\/wp-content\/uploads\/2022\/07\/tuva-tappa-2022.jpg?resize=700%2C400&ssl=1 2x, https:\/\/i0.wp.com\/www.fjardhundraland.se\/wp-content\/uploads\/2022\/07\/tuva-tappa-2022.jpg?resize=1050%2C600&ssl=1 3x, https:\/\/i0.wp.com\/www.fjardhundraland.se\/wp-content\/uploads\/2022\/07\/tuva-tappa-2022.jpg?resize=1400%2C800&ssl=1 4x"},"classes":[]},{"id":3293,"url":"https:\/\/www.fjardhundraland.se\/de\/press\/2016\/tre-kafeer-fran-fjardhundraland-nya-white-guide\/","url_meta":{"origin":5638,"position":5},"title":"Drei Fj\u00e4rdhundraland-Caf\u00e9s im neuen White Guide","author":"Mats Thorburn","date":"13 Mai 2016","format":false,"excerpt":"Jetzt steht fest, welche Caf\u00e9s in die diesj\u00e4hrige Ausgabe des White Guide Caf\u00e9 aufgenommen werden. Bisher haben neun Caf\u00e9s aus Uppland das Nadel\u00f6hr passiert - und in diesem Jahr kommen nicht weniger als drei Caf\u00e9s aus Fj\u00e4rdhundraland hinzu. Das Forsby kvarn caf\u00e9, die B\u00e4ckerei Kr\u00e5kvilan und der Bauernhof Resta haben...","rel":"","context":"In &quot;Press&quot;","block_context":{"text":"Press","link":"https:\/\/www.fjardhundraland.se\/de\/press\/"},"img":{"alt_text":"Kr\u00e5kvilan Marianne","src":"https:\/\/i0.wp.com\/www.fjardhundraland.se\/wp-content\/uploads\/2014\/02\/Krakvilan_Marianne.jpg?resize=350%2C200&ssl=1","width":350,"height":200,"srcset":"https:\/\/i0.wp.com\/www.fjardhundraland.se\/wp-content\/uploads\/2014\/02\/Krakvilan_Marianne.jpg?resize=350%2C200&ssl=1 1x, https:\/\/i0.wp.com\/www.fjardhundraland.se\/wp-content\/uploads\/2014\/02\/Krakvilan_Marianne.jpg?resize=525%2C300&ssl=1 1.5x, https:\/\/i0.wp.com\/www.fjardhundraland.se\/wp-content\/uploads\/2014\/02\/Krakvilan_Marianne.jpg?resize=700%2C400&ssl=1 2x, https:\/\/i0.wp.com\/www.fjardhundraland.se\/wp-content\/uploads\/2014\/02\/Krakvilan_Marianne.jpg?resize=1050%2C600&ssl=1 3x, https:\/\/i0.wp.com\/www.fjardhundraland.se\/wp-content\/uploads\/2014\/02\/Krakvilan_Marianne.jpg?resize=1400%2C800&ssl=1 4x"},"classes":[]}],"jetpack_sharing_enabled":true,"_links":{"self":[{"href":"https:\/\/www.fjardhundraland.se\/de\/wp-json\/wp\/v2\/posts\/5638","targetHints":{"allow":["GET"]}}],"collection":[{"href":"https:\/\/www.fjardhundraland.se\/de\/wp-json\/wp\/v2\/posts"}],"about":[{"href":"https:\/\/www.fjardhundraland.se\/de\/wp-json\/wp\/v2\/types\/post"}],"author":[{"embeddable":true,"href":"https:\/\/www.fjardhundraland.se\/de\/wp-json\/wp\/v2\/users\/1"}],"replies":[{"embeddable":true,"href":"https:\/\/www.fjardhundraland.se\/de\/wp-json\/wp\/v2\/comments?post=5638"}],"version-history":[{"count":0,"href":"https:\/\/www.fjardhundraland.se\/de\/wp-json\/wp\/v2\/posts\/5638\/revisions"}],"wp:featuredmedia":[{"embeddable":true,"href":"https:\/\/www.fjardhundraland.se\/de\/wp-json\/wp\/v2\/media\/5645"}],"wp:attachment":[{"href":"https:\/\/www.fjardhundraland.se\/de\/wp-json\/wp\/v2\/media?parent=5638"}],"wp:term":[{"taxonomy":"category","embeddable":true,"href":"https:\/\/www.fjardhundraland.se\/de\/wp-json\/wp\/v2\/categories?post=5638"},{"taxonomy":"post_tag","embeddable":true,"href":"https:\/\/www.fjardhundraland.se\/de\/wp-json\/wp\/v2\/tags?post=5638"}],"curies":[{"name":"wp","href":"https:\/\/api.w.org\/{rel}","templated":true}]}}