
{"id":546,"date":"2011-08-06T11:53:19","date_gmt":"2011-08-06T09:53:19","guid":{"rendered":"http:\/\/www.fjardhundraland.se\/?p=546"},"modified":"2026-02-05T13:40:41","modified_gmt":"2026-02-05T12:40:41","slug":"reitunterricht-im-einklang-mit-der-hektik","status":"publish","type":"post","link":"https:\/\/www.fjardhundraland.se\/de\/djur\/2011\/ridlektioner-i-harmoni-med-hasten\/","title":{"rendered":"Reitunterricht im Einklang mit dem Pferd"},"content":{"rendered":"<p>Eine Meile n\u00f6rdlich von Enk\u00f6ping liegt Rotbrunna. Im Zentrum des Dorfes betreibt die Familie Eningsj\u00f6 <a title=\"Pferde- und Ausbildungszentrum Rotbrunna\" href=\"https:\/\/www.fjardhundraland.se\/de\/gerichte\/rot-braun-hat-naturlich-hof\/\">Pferde- und Ausbildungszentrum Rotbrunna<\/a>, wo Sie Ihre Reitkenntnisse durch Unterricht auf dem Bauernhof verbessern k\u00f6nnen <a title=\"Lusitanos\" href=\"https:\/\/www.rotbrunna.se\/index.php?page=hastarna#lusitanos\" target=\"_blank\" rel=\"noopener\">Lusitano-Pferde<\/a>. Lusitanon ist ein portugiesisches Kampf- und Stierkampfpferd - aber auch ein sicheres und angenehmes Reitpferd, das sowohl f\u00fcr diejenigen geeignet ist, die noch nicht viel geritten sind, als auch f\u00fcr diejenigen, die sich im klassischen Reiten entwickeln wollen.<\/p>\n<p>Auf dem Pferdehof Rotbrunna k\u00f6nnen Sie sowohl Unterricht nehmen als auch <a title=\"Aktivit\u00e4ten, Kurse\" href=\"https:\/\/www.rotbrunna.se\/index.php?page=kurser-evenemang\" target=\"_blank\" rel=\"noopener\">einen Kurs besuchen<\/a>. Und das alles in einer gro\u00dfen, neu gebauten Reithalle. Lesen Sie mehr unter <a title=\"Pferdehof Rotbrunna\" href=\"https:\/\/www.rotbrunna.se\/\" target=\"_blank\" rel=\"noopener\">Website des Pferde- und Ausbildungszentrums Rotbrunna<\/a>!<\/p>\n<p><a href=\"https:\/\/www.fjardhundraland.se\/wp-content\/uploads\/2011\/08\/delicada1.jpg\"><img decoding=\"async\" class=\"alignnone size-medium wp-image-551\" title=\"Delicada\" alt=\"Delicada, Lusitano auf dem Pferdehof Rotbrunna\" src=\"https:\/\/www.fjardhundraland.se\/wp-content\/uploads\/2011\/08\/delicada1-630x840.jpg\" width=\"630\" height=\"840\" \/><\/a><\/p>","protected":false},"excerpt":{"rendered":"<p>Auf dem Pferdehof Rotbrunna k\u00f6nnen Sie Ihre Reitkenntnisse durch Unterricht und Kurse auf dem portugiesischen Stierkampfpferd Lusitano verbessern.<\/p>","protected":false},"author":1,"featured_media":551,"comment_status":"open","ping_status":"open","sticky":false,"template":"","format":"standard","meta":{"_acf_changed":false,"_relevanssi_hide_post":"","_relevanssi_hide_content":"","_relevanssi_pin_for_all":"","_relevanssi_pin_keywords":"","_relevanssi_unpin_keywords":"","_relevanssi_related_keywords":"","_relevanssi_related_include_ids":"","_relevanssi_related_exclude_ids":"","_relevanssi_related_no_append":"","_relevanssi_related_not_related":"","_relevanssi_related_posts":"","_relevanssi_noindex_reason":"Rank Math Uteslut fr\u00e5n Relevanssi index","_genesis_hide_title":false,"_genesis_hide_breadcrumbs":false,"_genesis_hide_singular_image":false,"_genesis_hide_footer_widgets":false,"_genesis_custom_body_class":"","_genesis_custom_post_class":"","_genesis_layout":"","_jetpack_memberships_contains_paid_content":false,"footnotes":""},"categories":[353,43],"tags":[352,59,60,61,62,63],"class_list":{"0":"post-546","1":"post","2":"type-post","3":"status-publish","4":"format-standard","5":"has-post-thumbnail","7":"category-aldre-inlagg","8":"category-djur","9":"tag-aldre-inlagg","10":"tag-kurser","11":"tag-lusitano","12":"tag-ridlektioner","13":"tag-rotbrunna","14":"tag-rotbrunna-hastgard","15":"entry"},"acf":[],"visa":null,"geo_latitude":null,"geo_longitude":null,"jetpack_featured_media_url":"","featured_image_src":null,"featured_image_src_square":null,"author_info":{"display_name":"Mats Thorburn","author_link":"https:\/\/www.fjardhundraland.se\/de\/author\/matst\/"},"jetpack-related-posts":[{"id":719,"url":"https:\/\/www.fjardhundraland.se\/de\/djur\/2011\/uppvisning-och-saluvisning-av-lusitanohastar\/","url_meta":{"origin":546,"position":0},"title":"Tag der offenen T\u00fcr bei Rotbrunna H\u00e4st &amp; Kursg\u00e5rd","author":"Mats Thorburn","date":"27 November 2011","format":false,"excerpt":"Am Samstag, den 3. Dezember um 15-17 Uhr k\u00f6nnen Sie Rotbrunna H\u00e4st &amp; Kursg\u00e5rd und ihre neue gro\u00dfe Reithalle besuchen. Pr\u00e4sentation des Lusitano-Pferdes und der Aktivit\u00e4ten auf dem Hof. Verkauf von jungen Pferden und Vorf\u00fchrung von akademischem Reiten. Rotbrunna wird von Tiago Albergaria vom Gest\u00fct Entre Tejo e Sorraia in Portugal besucht, der auch einen Dressurkurs geben wird...","rel":"","context":"In &quot;\u00c4ldre inl\u00e4gg&quot;","block_context":{"text":"\u00c4ldre inl\u00e4gg","link":"https:\/\/www.fjardhundraland.se\/de\/aldre-inlagg\/"},"img":{"alt_text":"Nya stallet Rotbrunna","src":"https:\/\/i0.wp.com\/fbcdn-sphotos-a.akamaihd.net\/hphotos-ak-ash4\/s720x720\/308198_312797062066800_290968917582948_1277406_1473628709_n.jpg?resize=350%2C200&ssl=1","width":350,"height":200,"srcset":"https:\/\/i0.wp.com\/fbcdn-sphotos-a.akamaihd.net\/hphotos-ak-ash4\/s720x720\/308198_312797062066800_290968917582948_1277406_1473628709_n.jpg?resize=350%2C200&ssl=1 1x, https:\/\/i0.wp.com\/fbcdn-sphotos-a.akamaihd.net\/hphotos-ak-ash4\/s720x720\/308198_312797062066800_290968917582948_1277406_1473628709_n.jpg?resize=525%2C300&ssl=1 1.5x"},"classes":[]},{"id":920,"url":"https:\/\/www.fjardhundraland.se\/de\/mat\/2012\/mat-musik-och-hastar-fran-portugal\/","url_meta":{"origin":546,"position":1},"title":"Essen, Musik und Pferde aus Portugal","author":"Mats Thorburn","date":"30 April 2012","format":false,"excerpt":"Am 12. Mai k\u00f6nnen Sie den portugiesischen Abend mit Weinverkostung, dreig\u00e4ngigem portugiesischem Abendessen und Lusitano-Pferden besuchen. Ort: Pferde- und Ausbildungszentrum Rotbrunna. Lesen Sie mehr unter rotbrunna.se. \u00a0","rel":"","context":"In &quot;\u00c4ldre inl\u00e4gg&quot;","block_context":{"text":"\u00c4ldre inl\u00e4gg","link":"https:\/\/www.fjardhundraland.se\/de\/aldre-inlagg\/"},"img":{"alt_text":"","src":"","width":0,"height":0},"classes":[]},{"id":2485,"url":"https:\/\/www.fjardhundraland.se\/de\/rebusrunda\/2014\/vinster-pa-rebusrundan\/","url_meta":{"origin":546,"position":2},"title":"Gewinne in der Rebus-Runde","author":"Mats Thorburn","date":"7 August 2014","format":false,"excerpt":"Sie k\u00f6nnen dies gewinnen, wenn Sie f\u00fcnf richtige Antworten auf die Rebus-Runde in Fj\u00e4rdhundraland eingereicht haben. Gef\u00fchrte Tour auf dem Krigsstigen, max. 6 Personen (Krigsstigen) 2 Karten f\u00fcr das Trivselkv\u00e4ll des Vereins mit altmodischem Essen am 17. August um 18 Uhr (Altuna Hembygdsf\u00f6rening) Geschenkkarte f\u00fcr Brot (Oma Elsas Hofb\u00e4ckerei) Fika f\u00fcr zwei Personen im Wert von...","rel":"","context":"In &quot;\u00c4ldre inl\u00e4gg&quot;","block_context":{"text":"\u00c4ldre inl\u00e4gg","link":"https:\/\/www.fjardhundraland.se\/de\/aldre-inlagg\/"},"img":{"alt_text":"","src":"","width":0,"height":0},"classes":[]},{"id":17361,"url":"https:\/\/www.fjardhundraland.se\/de\/vandring\/2025\/erbjudanden-i-fjardhundraland-nara-upplandsleden\/","url_meta":{"origin":546,"position":3},"title":"Angebote in Fj\u00e4rdhundraland bei Upplandsleden","author":"Mats Thorburn","date":"10 Februar 2025","format":false,"excerpt":"Unterkunft: Gyllene brunnen: Genie\u00dfen Sie luxuri\u00f6ses Glamping in einer landschaftlich reizvollen Umgebung. Mieten Sie ein Kanu und paddeln Sie auf dem Fluss \u00d6rsunda\u00e5n zur Forsby-M\u00fchle (n\u00f6rdlich), wo Sie am Wochenende Kaffee trinken k\u00f6nnen, oder s\u00fcdlich zur H\u00e4rnevi-M\u00fchle und wandern Sie auf dem Torslunda-Rundweg. 1,4 km vom Upplandsleden entfernt. J\u00e4dra g\u00e5rdshotell: Erleben Sie den Charme des Landlebens in diesem Bauernhofhotel auf einem Pferdehof n\u00f6rdlich des...","rel":"","context":"In &quot;Vandring&quot;","block_context":{"text":"Vandring","link":"https:\/\/www.fjardhundraland.se\/de\/vandring\/"},"img":{"alt_text":"Upplandsleden mot Torstuna kyrka","src":"https:\/\/i0.wp.com\/www.fjardhundraland.se\/wp-content\/uploads\/2025\/02\/upplandsleden.jpeg?resize=350%2C200&ssl=1","width":350,"height":200,"srcset":"https:\/\/i0.wp.com\/www.fjardhundraland.se\/wp-content\/uploads\/2025\/02\/upplandsleden.jpeg?resize=350%2C200&ssl=1 1x, https:\/\/i0.wp.com\/www.fjardhundraland.se\/wp-content\/uploads\/2025\/02\/upplandsleden.jpeg?resize=525%2C300&ssl=1 1.5x, https:\/\/i0.wp.com\/www.fjardhundraland.se\/wp-content\/uploads\/2025\/02\/upplandsleden.jpeg?resize=700%2C400&ssl=1 2x, https:\/\/i0.wp.com\/www.fjardhundraland.se\/wp-content\/uploads\/2025\/02\/upplandsleden.jpeg?resize=1050%2C600&ssl=1 3x, https:\/\/i0.wp.com\/www.fjardhundraland.se\/wp-content\/uploads\/2025\/02\/upplandsleden.jpeg?resize=1400%2C800&ssl=1 4x"},"classes":[]},{"id":2490,"url":"https:\/\/www.fjardhundraland.se\/de\/rebusrunda\/2014\/medverkande-pa-rebusrundan-2014\/","url_meta":{"origin":546,"position":4},"title":"Teilnehmer an der Rebus-Runde 2014","author":"Mats Thorburn","date":"10 August 2014","format":false,"excerpt":"Alsta Gardens - Gartencaf\u00e9 und Galerie. Laufende Ausstellungen: Aquarellist\/Buchillustrator Maj Fagerberg Blumenbilder, K\u00fcnstler Lars Wallin, Vogelbilder. Franz\u00e9n's charcuterie - Bio-W\u00fcrste und erstklassige Wurstwaren von unseren eigenen Linder\u00f6d-Schweinen. Gula Stallets Butik &amp; Kaf\u00e9 - Caf\u00e9 mit hausgemachtem und leichtem Mittagessen und Hofladen mit lokal produzierten und biologischen K\u00f6stlichkeiten. Enten, H\u00fchner, Kaninchen, Schafe, Pferde, Hunde und Katzen. Innenbereich ...","rel":"","context":"In &quot;\u00c4ldre inl\u00e4gg&quot;","block_context":{"text":"\u00c4ldre inl\u00e4gg","link":"https:\/\/www.fjardhundraland.se\/de\/aldre-inlagg\/"},"img":{"alt_text":"","src":"","width":0,"height":0},"classes":[]},{"id":1379,"url":"https:\/\/www.fjardhundraland.se\/de\/gardsbutiker\/2013\/rebusrundan-2013\/","url_meta":{"origin":546,"position":5},"title":"Die Tour der Weinberge 2013","author":"Ylva Fontell","date":"27 Juli 2013","format":false,"excerpt":"Machen Sie mit Ihrer Familie oder Ihren Freunden einen Ausflug in Fj\u00e4rdhundraland. An den Sonntagen 4. und 11. August haben Attraktionen und Gesch\u00e4fte im ganzen Bezirk extra ge\u00f6ffnet. Besuchen und kaufen Sie ein, trinken Sie einen Kaffee, erleben Sie etwas - und nehmen Sie gleichzeitig an einem lustigen und einfachen Rebus-Wettbewerb teil! Hier sind die Startkarten und...","rel":"","context":"In &quot;\u00c4ldre inl\u00e4gg&quot;","block_context":{"text":"\u00c4ldre inl\u00e4gg","link":"https:\/\/www.fjardhundraland.se\/de\/aldre-inlagg\/"},"img":{"alt_text":"","src":"","width":0,"height":0},"classes":[]}],"jetpack_sharing_enabled":true,"_links":{"self":[{"href":"https:\/\/www.fjardhundraland.se\/de\/wp-json\/wp\/v2\/posts\/546","targetHints":{"allow":["GET"]}}],"collection":[{"href":"https:\/\/www.fjardhundraland.se\/de\/wp-json\/wp\/v2\/posts"}],"about":[{"href":"https:\/\/www.fjardhundraland.se\/de\/wp-json\/wp\/v2\/types\/post"}],"author":[{"embeddable":true,"href":"https:\/\/www.fjardhundraland.se\/de\/wp-json\/wp\/v2\/users\/1"}],"replies":[{"embeddable":true,"href":"https:\/\/www.fjardhundraland.se\/de\/wp-json\/wp\/v2\/comments?post=546"}],"version-history":[{"count":1,"href":"https:\/\/www.fjardhundraland.se\/de\/wp-json\/wp\/v2\/posts\/546\/revisions"}],"predecessor-version":[{"id":19744,"href":"https:\/\/www.fjardhundraland.se\/de\/wp-json\/wp\/v2\/posts\/546\/revisions\/19744"}],"wp:featuredmedia":[{"embeddable":true,"href":"https:\/\/www.fjardhundraland.se\/de\/wp-json\/"}],"wp:attachment":[{"href":"https:\/\/www.fjardhundraland.se\/de\/wp-json\/wp\/v2\/media?parent=546"}],"wp:term":[{"taxonomy":"category","embeddable":true,"href":"https:\/\/www.fjardhundraland.se\/de\/wp-json\/wp\/v2\/categories?post=546"},{"taxonomy":"post_tag","embeddable":true,"href":"https:\/\/www.fjardhundraland.se\/de\/wp-json\/wp\/v2\/tags?post=546"}],"curies":[{"name":"wp","href":"https:\/\/api.w.org\/{rel}","templated":true}]}}