
{"id":5226,"date":"2018-06-27T12:31:47","date_gmt":"2018-06-27T10:31:47","guid":{"rendered":"http:\/\/www.fjardhundraland.se\/?p=5226"},"modified":"2026-02-05T13:42:59","modified_gmt":"2026-02-05T12:42:59","slug":"filmsommer-im-alten-kino","status":"publish","type":"post","link":"https:\/\/www.fjardhundraland.se\/de\/upplevelser\/2018\/filmsommar-pa-gamla-bion\/","title":{"rendered":"Filmsommer in Gamla Bion"},"content":{"rendered":"<p>Wow, was f\u00fcr ein Filmsommer erwartet uns! Das Alte Kino in \u00d6rsundsbro hat ein umfangreiches Programm mit brandneuen Qualit\u00e4tsfilmen zusammengestellt, das durch die diesj\u00e4hrige Neuheit, die Klassikerwoche, erg\u00e4nzt wird. Im Veranstaltungskalender finden Sie alle Filme im Detail, aber hier ist ein kurzer \u00dcberblick: 3\/7 Aquarius, 10\/7 Three Billboards outside Ebbing, Missouri, 17\/7 Loving Vincent, 24\/7 Amateurs, 31\/7 A Fantastic Woman, 7\/8 Darkest Hour, 14\/8 The Shape of Water, 21\/8 Chaplin's Boy, 23\/8 The Smile of a Summer Night, 26\/8 In the Heat, 28\/8 Hair.<\/p>\n<p>F\u00fcr alle, die noch nicht im Alten Kino waren, kann ich sagen, dass es etwas viel Besseres ist als ein normaler Kinobesuch. Altmodische Kinoatmosph\u00e4re mit einer gem\u00fctlichen Pause in der Mitte des Films (so war es fr\u00fcher, als man die Rolle am einzigen Projektor wechseln musste). Ein Sommerabend, auf den man sich freuen kann!<\/p>\n<p>Das Alte Kino wird als Filmclub gef\u00fchrt, d. h. Sie m\u00fcssen Mitglied sein, um Filme sehen zu k\u00f6nnen. Der Eintritt ist kostenpflichtig, also halten Sie sich gut fest, <strong>100 kr<\/strong> und Sie k\u00f6nnen alle Filme sehen! Nicht nur eine der besten Urlaubserfahrungen, sondern auch die g\u00fcnstigste.<\/p>","protected":false},"excerpt":{"rendered":"<p>Wow, vilken filmsommar som v\u00e4ntar! Gamla Bion i \u00d6rsundsbro har satt ihop ett omfattande program med alldeles f\u00e4rska kvalitetsfilmer, kompletterat med \u00e5rets nyhet, klassikerveckan. I evenemangskalendariet presenteras alla filmerna mer grundligt, men h\u00e4r kommer en bl\u00e4nkare: 3\/7 Aquarius, 10\/7 Three Billboards outside Ebbing, Missouri, 17\/7 Loving Vincent, 24\/7 Amat\u00f6rer, 31\/7 En fantastisk kvinna, 7\/8 Darkest [&hellip;]<\/p>\n","protected":false},"author":4,"featured_media":4515,"comment_status":"closed","ping_status":"closed","sticky":false,"template":"","format":"standard","meta":{"_acf_changed":false,"_relevanssi_hide_post":"","_relevanssi_hide_content":"","_relevanssi_pin_for_all":"","_relevanssi_pin_keywords":"","_relevanssi_unpin_keywords":"","_relevanssi_related_keywords":"","_relevanssi_related_include_ids":"","_relevanssi_related_exclude_ids":"","_relevanssi_related_no_append":"","_relevanssi_related_not_related":"","_relevanssi_related_posts":"","_relevanssi_noindex_reason":"Rank Math Uteslut fr\u00e5n Relevanssi index","_genesis_hide_title":false,"_genesis_hide_breadcrumbs":false,"_genesis_hide_singular_image":false,"_genesis_hide_footer_widgets":false,"_genesis_custom_body_class":"","_genesis_custom_post_class":"","_genesis_layout":"","_jetpack_memberships_contains_paid_content":false,"footnotes":""},"categories":[353,45,25],"tags":[352],"class_list":{"0":"post-5226","1":"post","2":"type-post","3":"status-publish","4":"format-standard","5":"has-post-thumbnail","7":"category-aldre-inlagg","8":"category-kultur","9":"category-upplevelser","10":"tag-aldre-inlagg","11":"entry"},"acf":[],"visa":null,"geo_latitude":null,"geo_longitude":null,"jetpack_featured_media_url":"https:\/\/www.fjardhundraland.se\/wp-content\/uploads\/2017\/02\/gamla-bion.jpg","featured_image_src":"https:\/\/www.fjardhundraland.se\/wp-content\/uploads\/2017\/02\/gamla-bion.jpg","featured_image_src_square":"https:\/\/www.fjardhundraland.se\/wp-content\/uploads\/2017\/02\/gamla-bion.jpg","author_info":{"display_name":"Ylva Fontell","author_link":"https:\/\/www.fjardhundraland.se\/de\/author\/ylva\/"},"jetpack-related-posts":[{"id":5270,"url":"https:\/\/www.fjardhundraland.se\/de\/loppis\/2018\/rallyloppis-2018\/","url_meta":{"origin":5226,"position":0},"title":"Rallyloppis 2018 nicht organisiert von Fj\u00e4rdhundraland","author":"Mats Thorburn","date":"4 Juli 2018","format":false,"excerpt":"Dieses Jahr ist Fj\u00e4rdhundraland nicht an der Organisation der Rallyloppis in Fj\u00e4rdhundrabygden beteiligt. Stattdessen haben wir im Mai die Loppisrundan organisiert. Aber vom 7. bis 8. Juli l\u00e4dt der Verein Fj\u00e4rd100% zur Rallyloppis ein, u.a. mit unseren Mitgliedern Lundellska Galleriet, Altunag\u00e5rden, H\u00e5rsb\u00e4cks Bed &amp; Breakfast (Kajsa Karins Diversehandel) und H\u00e4rnevi Plantskola. F\u00fcr weitere Informationen kontaktieren Sie Tina Bergman,...","rel":"","context":"In &quot;Loppis&quot;","block_context":{"text":"Loppis","link":"https:\/\/www.fjardhundraland.se\/de\/loppis\/"},"img":{"alt_text":"Annons f\u00f6r Rallyloppis","src":"https:\/\/i0.wp.com\/www.fjardhundraland.se\/wp-content\/uploads\/2018\/07\/rallyloppis.jpg?resize=350%2C200&ssl=1","width":350,"height":200,"srcset":"https:\/\/i0.wp.com\/www.fjardhundraland.se\/wp-content\/uploads\/2018\/07\/rallyloppis.jpg?resize=350%2C200&ssl=1 1x, https:\/\/i0.wp.com\/www.fjardhundraland.se\/wp-content\/uploads\/2018\/07\/rallyloppis.jpg?resize=525%2C300&ssl=1 1.5x, https:\/\/i0.wp.com\/www.fjardhundraland.se\/wp-content\/uploads\/2018\/07\/rallyloppis.jpg?resize=700%2C400&ssl=1 2x, https:\/\/i0.wp.com\/www.fjardhundraland.se\/wp-content\/uploads\/2018\/07\/rallyloppis.jpg?resize=1050%2C600&ssl=1 3x, https:\/\/i0.wp.com\/www.fjardhundraland.se\/wp-content\/uploads\/2018\/07\/rallyloppis.jpg?resize=1400%2C800&ssl=1 4x"},"classes":[]},{"id":2685,"url":"https:\/\/www.fjardhundraland.se\/de\/rebusrunda\/2016\/valkommen-pa-rebusrundan\/","url_meta":{"origin":5226,"position":1},"title":"Willkommen bei der Rebus-Tour 2016","author":"","date":"2 M\u00e4rz 2016","format":false,"excerpt":"\u00a0 Fj\u00e4rdhundraland bietet w\u00e4hrend der diesj\u00e4hrigen Rebusrunda eine Rekordzahl von Reisezielen an! Rebusrundan ist ein Ausflug im sch\u00f6nen Fj\u00e4rdhundraland (zwischen Enk\u00f6ping, V\u00e4ster\u00e5s, Sala, Uppsala und Stockholm), bei dem Sie Rebusse l\u00f6sen und dabei Hofl\u00e4den und andere Attraktionen besuchen. Die Rebus-Tour findet am Sonntag, den 7.8. und Sonntag, den 14.8. um 11-17 Uhr statt. Hier finden Sie...","rel":"","context":"In &quot;Rebusrunda&quot;","block_context":{"text":"Rebusrunda","link":"https:\/\/www.fjardhundraland.se\/de\/rebusrunda\/"},"img":{"alt_text":"StartkortRebus16_webb","src":"https:\/\/i0.wp.com\/www.fjardhundraland.se\/wp-content\/uploads\/2016\/07\/startkortrebus16_webb-1024x734.jpg?resize=350%2C200&ssl=1","width":350,"height":200,"srcset":"https:\/\/i0.wp.com\/www.fjardhundraland.se\/wp-content\/uploads\/2016\/07\/startkortrebus16_webb-1024x734.jpg?resize=350%2C200&ssl=1 1x, https:\/\/i0.wp.com\/www.fjardhundraland.se\/wp-content\/uploads\/2016\/07\/startkortrebus16_webb-1024x734.jpg?resize=525%2C300&ssl=1 1.5x, https:\/\/i0.wp.com\/www.fjardhundraland.se\/wp-content\/uploads\/2016\/07\/startkortrebus16_webb-1024x734.jpg?resize=700%2C400&ssl=1 2x"},"classes":[]},{"id":1485,"url":"https:\/\/www.fjardhundraland.se\/de\/externt\/2013\/adventstider-hos-lundellska-galleriet\/","url_meta":{"origin":5226,"position":2},"title":"Adventszeit in der Galerie Lundellska","author":"Ylva Fontell","date":"22 November 2013","format":false,"excerpt":"Die Lundellska-Galerie in Kokkola ist am ersten und zweiten Adventswochenende ge\u00f6ffnet und l\u00e4dt zu Weihnachtseink\u00e4ufen in einer ruhigen und harmonischen Umgebung ein. Sie finden hier Kunst und Keramik von Gunilla Lundell und lokale Lebensmittelhersteller bieten Marmelade, K\u00e4se, Brot, Senf und Marmelade an. Willkommen im Laden! Ge\u00f6ffnet Samstag und Sonntag 12-17 Uhr (30\/11-1\/12 und 7-8\/12) Die Galerie Lundelska befindet sich...","rel":"","context":"In &quot;\u00c4ldre inl\u00e4gg&quot;","block_context":{"text":"\u00c4ldre inl\u00e4gg","link":"https:\/\/www.fjardhundraland.se\/de\/aldre-inlagg\/"},"img":{"alt_text":"ljusstake Gunilla Lundell","src":"https:\/\/i0.wp.com\/www.fjardhundraland.se\/wp-content\/uploads\/2013\/11\/hand_ljusstake-300x225.jpg?resize=350%2C200&ssl=1","width":350,"height":200},"classes":[]},{"id":10783,"url":"https:\/\/www.fjardhundraland.se\/de\/utflykt\/2022\/aktivitetsdag-oringen\/","url_meta":{"origin":5226,"position":3},"title":"O-Ring-Aktionstag am 27. Juli","author":"Mats Thorburn","date":"21 Juni 2022","format":false,"excerpt":"Wir sind mindestens 11-17 am Tag der Aktivit\u00e4t w\u00e4hrend der O-Ring Uppsala 2022 ge\u00f6ffnet Alle Orte hier sind w\u00e4hrend der Aktivit\u00e4t Tag 27\/7 ge\u00f6ffnet. Hier ist eine Karte mit allen Orten (Google maps)Klicken Sie auf die Adresse f\u00fcr Google-Karte f\u00fcr einzelne placeClick auf die \u00dcberschrift f\u00fcr weitere Informationen \u00fcber jeden Ort. Die \u00d6ffnungszeiten am 27\/7 sind 11-17 Uhr oder l\u00e4nger! Axel&amp;Gren...","rel":"","context":"In &quot;Orientering&quot;","block_context":{"text":"Orientering","link":"https:\/\/www.fjardhundraland.se\/de\/orientering\/"},"img":{"alt_text":"Orientering Oringen Uppsala aktivitetsdag","src":"https:\/\/i0.wp.com\/www.fjardhundraland.se\/wp-content\/uploads\/2022\/06\/orintering-oringen-uppsala-aktivitetsdag.jpg?resize=350%2C200&ssl=1","width":350,"height":200,"srcset":"https:\/\/i0.wp.com\/www.fjardhundraland.se\/wp-content\/uploads\/2022\/06\/orintering-oringen-uppsala-aktivitetsdag.jpg?resize=350%2C200&ssl=1 1x, https:\/\/i0.wp.com\/www.fjardhundraland.se\/wp-content\/uploads\/2022\/06\/orintering-oringen-uppsala-aktivitetsdag.jpg?resize=525%2C300&ssl=1 1.5x, https:\/\/i0.wp.com\/www.fjardhundraland.se\/wp-content\/uploads\/2022\/06\/orintering-oringen-uppsala-aktivitetsdag.jpg?resize=700%2C400&ssl=1 2x, https:\/\/i0.wp.com\/www.fjardhundraland.se\/wp-content\/uploads\/2022\/06\/orintering-oringen-uppsala-aktivitetsdag.jpg?resize=1050%2C600&ssl=1 3x, https:\/\/i0.wp.com\/www.fjardhundraland.se\/wp-content\/uploads\/2022\/06\/orintering-oringen-uppsala-aktivitetsdag.jpg?resize=1400%2C800&ssl=1 4x"},"classes":[]},{"id":5762,"url":"https:\/\/www.fjardhundraland.se\/de\/tuva-tappa\/2019\/tuva-tappa-2019\/","url_meta":{"origin":5226,"position":4},"title":"Tuva &amp; Steppdecke 2019","author":"Mats Thorburn","date":"4 Juni 2019","format":false,"excerpt":"Es ist gr\u00fcne Zeit! Wir feiern das mit einer Sommertour zu privaten G\u00e4rten und G\u00e4rtnereien, die ge\u00f6ffnet sind und Erfahrungen und Wissen bieten. Sie k\u00f6nnen diese Orte am Samstag, den 29. Juni von 11-17 Uhr besuchen (hier finden Sie eine Karte zum Ausdrucken). Teilnehmer Lundellska Galleriet Simtuna Karleby 8 74971 Fj\u00e4rdhundra Vernissage mit KreaLera, Steingut f\u00fcr den Garten...","rel":"","context":"In &quot;Tuva &amp; T\u00e4ppa&quot;","block_context":{"text":"Tuva &amp; T\u00e4ppa","link":"https:\/\/www.fjardhundraland.se\/de\/tuva-tappa\/"},"img":{"alt_text":"Bild p\u00e5 blomsterrabatt under tr\u00e4dg\u00e5rdsrundan Tuva & T\u00e4ppa","src":"https:\/\/i0.wp.com\/www.fjardhundraland.se\/wp-content\/uploads\/2019\/06\/tuva-tacc88ppa-tracc88dgacc8ardsrunda.jpg?resize=350%2C200&ssl=1","width":350,"height":200,"srcset":"https:\/\/i0.wp.com\/www.fjardhundraland.se\/wp-content\/uploads\/2019\/06\/tuva-tacc88ppa-tracc88dgacc8ardsrunda.jpg?resize=350%2C200&ssl=1 1x, https:\/\/i0.wp.com\/www.fjardhundraland.se\/wp-content\/uploads\/2019\/06\/tuva-tacc88ppa-tracc88dgacc8ardsrunda.jpg?resize=525%2C300&ssl=1 1.5x, https:\/\/i0.wp.com\/www.fjardhundraland.se\/wp-content\/uploads\/2019\/06\/tuva-tacc88ppa-tracc88dgacc8ardsrunda.jpg?resize=700%2C400&ssl=1 2x, https:\/\/i0.wp.com\/www.fjardhundraland.se\/wp-content\/uploads\/2019\/06\/tuva-tacc88ppa-tracc88dgacc8ardsrunda.jpg?resize=1050%2C600&ssl=1 3x, https:\/\/i0.wp.com\/www.fjardhundraland.se\/wp-content\/uploads\/2019\/06\/tuva-tacc88ppa-tracc88dgacc8ardsrunda.jpg?resize=1400%2C800&ssl=1 4x"},"classes":[]},{"id":5318,"url":"https:\/\/www.fjardhundraland.se\/de\/tuva-tappa\/2018\/tuva-tappa-tradgardsrunda-2018\/","url_meta":{"origin":5226,"position":5},"title":"Tuva &amp; T\u00e4ppa 2018","author":"Mats Thorburn","date":"15 Juli 2018","format":false,"excerpt":"Tuva &amp; T\u00e4ppa - Fj\u00e4rdhundraland's garden tour Besuchen Sie die Schaug\u00e4rten und Plantagen am Samstag, den 28. Juli von 11 bis 17 Uhr. Reden Sie mit den Enthusiasten und professionellen G\u00e4rtnern \u00fcber Gartenarbeit und Anbau. Holen Sie sich Anregungen und Tipps, was Sie zu Hause in Ihrem eigenen Beet tun k\u00f6nnen. Teilnehmer Lisa Frisk Melberg H\u00e4rnevi Rotbrunna 12 75696 Enk\u00f6ping Pia Hansson H\u00e4rnevi Rotbrunna...","rel":"","context":"In &quot;Tuva &amp; T\u00e4ppa&quot;","block_context":{"text":"Tuva &amp; T\u00e4ppa","link":"https:\/\/www.fjardhundraland.se\/de\/tuva-tappa\/"},"img":{"alt_text":"Tuva & T\u00e4ppa - bild p\u00e5 blommor i rabatt","src":"https:\/\/i0.wp.com\/www.fjardhundraland.se\/wp-content\/uploads\/2018\/07\/tuva-tappa.jpg?resize=350%2C200&ssl=1","width":350,"height":200,"srcset":"https:\/\/i0.wp.com\/www.fjardhundraland.se\/wp-content\/uploads\/2018\/07\/tuva-tappa.jpg?resize=350%2C200&ssl=1 1x, https:\/\/i0.wp.com\/www.fjardhundraland.se\/wp-content\/uploads\/2018\/07\/tuva-tappa.jpg?resize=525%2C300&ssl=1 1.5x, https:\/\/i0.wp.com\/www.fjardhundraland.se\/wp-content\/uploads\/2018\/07\/tuva-tappa.jpg?resize=700%2C400&ssl=1 2x, https:\/\/i0.wp.com\/www.fjardhundraland.se\/wp-content\/uploads\/2018\/07\/tuva-tappa.jpg?resize=1050%2C600&ssl=1 3x, https:\/\/i0.wp.com\/www.fjardhundraland.se\/wp-content\/uploads\/2018\/07\/tuva-tappa.jpg?resize=1400%2C800&ssl=1 4x"},"classes":[]}],"jetpack_sharing_enabled":true,"_links":{"self":[{"href":"https:\/\/www.fjardhundraland.se\/de\/wp-json\/wp\/v2\/posts\/5226","targetHints":{"allow":["GET"]}}],"collection":[{"href":"https:\/\/www.fjardhundraland.se\/de\/wp-json\/wp\/v2\/posts"}],"about":[{"href":"https:\/\/www.fjardhundraland.se\/de\/wp-json\/wp\/v2\/types\/post"}],"author":[{"embeddable":true,"href":"https:\/\/www.fjardhundraland.se\/de\/wp-json\/wp\/v2\/users\/4"}],"replies":[{"embeddable":true,"href":"https:\/\/www.fjardhundraland.se\/de\/wp-json\/wp\/v2\/comments?post=5226"}],"version-history":[{"count":1,"href":"https:\/\/www.fjardhundraland.se\/de\/wp-json\/wp\/v2\/posts\/5226\/revisions"}],"predecessor-version":[{"id":19605,"href":"https:\/\/www.fjardhundraland.se\/de\/wp-json\/wp\/v2\/posts\/5226\/revisions\/19605"}],"wp:featuredmedia":[{"embeddable":true,"href":"https:\/\/www.fjardhundraland.se\/de\/wp-json\/wp\/v2\/media\/4515"}],"wp:attachment":[{"href":"https:\/\/www.fjardhundraland.se\/de\/wp-json\/wp\/v2\/media?parent=5226"}],"wp:term":[{"taxonomy":"category","embeddable":true,"href":"https:\/\/www.fjardhundraland.se\/de\/wp-json\/wp\/v2\/categories?post=5226"},{"taxonomy":"post_tag","embeddable":true,"href":"https:\/\/www.fjardhundraland.se\/de\/wp-json\/wp\/v2\/tags?post=5226"}],"curies":[{"name":"wp","href":"https:\/\/api.w.org\/{rel}","templated":true}]}}