
{"id":5183,"date":"2018-06-01T23:17:18","date_gmt":"2018-06-01T21:17:18","guid":{"rendered":"http:\/\/www.fjardhundraland.se\/?p=5183"},"modified":"2026-02-05T13:42:59","modified_gmt":"2026-02-05T12:42:59","slug":"landsberga-gardsbutik-hat-erreicht","status":"publish","type":"post","link":"https:\/\/www.fjardhundraland.se\/de\/gardsbutiker\/2018\/landsberga-gardsbutik-har-oppnat\/","title":{"rendered":"Hofladen Landsberga hat er\u00f6ffnet"},"content":{"rendered":"<p>Ein t\u00e4glich ge\u00f6ffneter Hofladen und ein Caf\u00e9 in historischer Umgebung. <a href=\"https:\/\/www.fjardhundraland.se\/de\/gerichte\/landsberga-gard\/\">Hofladen Landsberga<\/a> In den alten St\u00e4llen des Landsberga-Hofes aus dem 19. Jahrhundert befindet sich ein wahres Zentrum der oberschwedischen Esskultur.<\/p>\n<p>Ge\u00f6ffnet ab 2. Juni 2018 wochentags 11-18 Uhr und am Wochenende 11-16 Uhr!<\/p>\n<div class=\"tiled-gallery type-rectangular tiled-gallery-unresized\" data-original-width=\"500\" data-carousel-extra='{&quot;blog_id&quot;:1,&quot;permalink&quot;:&quot;https:\\\/\\\/www.fjardhundraland.se\\\/de\\\/gardsbutiker\\\/2018\\\/landsberga-gardsbutik-har-oppnat\\\/&quot;,&quot;likes_blog_id&quot;:66652000}' itemscope itemtype=\"http:\/\/schema.org\/ImageGallery\" > <div class=\"gallery-row\" style=\"width: 500px; height: 252px;\" data-original-width=\"500\" data-original-height=\"252\" > <div class=\"gallery-group images-1\" style=\"width: 334px; height: 252px;\" data-original-width=\"334\" data-original-height=\"252\" > <div class=\"tiled-gallery-item tiled-gallery-item-large\" itemprop=\"associatedMedia\" itemscope itemtype=\"http:\/\/schema.org\/ImageObject\"> <a href=\"https:\/\/i0.wp.com\/www.fjardhundraland.se\/wp-content\/uploads\/2018\/06\/landsberga-gacc8ardsbutik-invigning-010618.jpg?ssl=1\" border=\"0\" itemprop=\"url\"> <meta itemprop=\"width\" content=\"330\"> <meta itemprop=\"height\" content=\"248\"> <img decoding=\"async\" class=\"\" data-attachment-id=\"5185\" data-orig-file=\"https:\/\/www.fjardhundraland.se\/wp-content\/uploads\/2018\/06\/landsberga-gacc8ardsbutik-invigning-010618.jpg\" data-orig-size=\"2000,1502\" data-comments-opened=\"\" data-image-meta=\"{&quot;aperture&quot;:&quot;0&quot;,&quot;credit&quot;:&quot;&quot;,&quot;camera&quot;:&quot;&quot;,&quot;caption&quot;:&quot;&quot;,&quot;created_timestamp&quot;:&quot;0&quot;,&quot;copyright&quot;:&quot;&quot;,&quot;focal_length&quot;:&quot;0&quot;,&quot;iso&quot;:&quot;0&quot;,&quot;shutter_speed&quot;:&quot;0&quot;,&quot;title&quot;:&quot;&quot;,&quot;orientation&quot;:&quot;0&quot;}\" data-image-title=\"Landsberga ga\u030ardsbutik invigning&amp;#8211;010618\" data-image-description=\"\" data-medium-file=\"https:\/\/www.fjardhundraland.se\/wp-content\/uploads\/2018\/06\/landsberga-gacc8ardsbutik-invigning-010618.jpg\" data-large-file=\"https:\/\/www.fjardhundraland.se\/wp-content\/uploads\/2018\/06\/landsberga-gacc8ardsbutik-invigning-010618.jpg\" src=\"https:\/\/i0.wp.com\/www.fjardhundraland.se\/wp-content\/uploads\/2018\/06\/landsberga-gacc8ardsbutik-invigning-010618.jpg?w=330&#038;h=248&#038;ssl=1\" width=\"330\" height=\"248\" loading=\"lazy\" data-original-width=\"330\" data-original-height=\"248\" itemprop=\"http:\/\/schema.org\/image\" title=\"Er\u00f6ffnung des Hofladens in Landsberga--010618\" alt=\"Er\u00f6ffnung des Hofladens in Landsberga--010618\" style=\"width: 330px; height: 248px;\" \/> <\/a> <\/div> <\/div> <!-- close group --> <div class=\"gallery-group images-2\" style=\"width: 166px; height: 252px;\" data-original-width=\"166\" data-original-height=\"252\" > <div class=\"tiled-gallery-item tiled-gallery-item-small\" itemprop=\"associatedMedia\" itemscope itemtype=\"http:\/\/schema.org\/ImageObject\"> <a href=\"https:\/\/i0.wp.com\/www.fjardhundraland.se\/wp-content\/uploads\/2018\/06\/landsberga-gacc8ardsbutik-invigning-010618-52.jpg?ssl=1\" border=\"0\" itemprop=\"url\"> <meta itemprop=\"width\" content=\"162\"> <meta itemprop=\"height\" content=\"122\"> <img decoding=\"async\" class=\"\" data-attachment-id=\"5187\" data-orig-file=\"https:\/\/www.fjardhundraland.se\/wp-content\/uploads\/2018\/06\/landsberga-gacc8ardsbutik-invigning-010618-52.jpg\" data-orig-size=\"2000,1502\" data-comments-opened=\"\" data-image-meta=\"{&quot;aperture&quot;:&quot;0&quot;,&quot;credit&quot;:&quot;&quot;,&quot;camera&quot;:&quot;&quot;,&quot;caption&quot;:&quot;&quot;,&quot;created_timestamp&quot;:&quot;0&quot;,&quot;copyright&quot;:&quot;&quot;,&quot;focal_length&quot;:&quot;0&quot;,&quot;iso&quot;:&quot;0&quot;,&quot;shutter_speed&quot;:&quot;0&quot;,&quot;title&quot;:&quot;&quot;,&quot;orientation&quot;:&quot;0&quot;}\" data-image-title=\"Landsberga ga\u030ardsbutik invigning&amp;#8211;010618-52\" data-image-description=\"\" data-medium-file=\"https:\/\/www.fjardhundraland.se\/wp-content\/uploads\/2018\/06\/landsberga-gacc8ardsbutik-invigning-010618-52.jpg\" data-large-file=\"https:\/\/www.fjardhundraland.se\/wp-content\/uploads\/2018\/06\/landsberga-gacc8ardsbutik-invigning-010618-52.jpg\" src=\"https:\/\/i0.wp.com\/www.fjardhundraland.se\/wp-content\/uploads\/2018\/06\/landsberga-gacc8ardsbutik-invigning-010618-52.jpg?w=162&#038;h=122&#038;ssl=1\" width=\"162\" height=\"122\" loading=\"lazy\" data-original-width=\"162\" data-original-height=\"122\" itemprop=\"http:\/\/schema.org\/image\" title=\"Er\u00f6ffnung des Hofladens in Landsberga--010618-52\" alt=\"Er\u00f6ffnung des Hofladens in Landsberga--010618-52\" style=\"width: 162px; height: 122px;\" \/> <\/a> <\/div> <div class=\"tiled-gallery-item tiled-gallery-item-small\" itemprop=\"associatedMedia\" itemscope itemtype=\"http:\/\/schema.org\/ImageObject\"> <a href=\"https:\/\/i0.wp.com\/www.fjardhundraland.se\/wp-content\/uploads\/2018\/06\/landsberga-gacc8ardsbutik-invigning-010618-54.jpg?ssl=1\" border=\"0\" itemprop=\"url\"> <meta itemprop=\"width\" content=\"162\"> <meta itemprop=\"height\" content=\"122\"> <img decoding=\"async\" class=\"\" data-attachment-id=\"5186\" data-orig-file=\"https:\/\/www.fjardhundraland.se\/wp-content\/uploads\/2018\/06\/landsberga-gacc8ardsbutik-invigning-010618-54.jpg\" data-orig-size=\"2000,1502\" data-comments-opened=\"\" data-image-meta=\"{&quot;aperture&quot;:&quot;0&quot;,&quot;credit&quot;:&quot;&quot;,&quot;camera&quot;:&quot;&quot;,&quot;caption&quot;:&quot;&quot;,&quot;created_timestamp&quot;:&quot;0&quot;,&quot;copyright&quot;:&quot;&quot;,&quot;focal_length&quot;:&quot;0&quot;,&quot;iso&quot;:&quot;0&quot;,&quot;shutter_speed&quot;:&quot;0&quot;,&quot;title&quot;:&quot;&quot;,&quot;orientation&quot;:&quot;0&quot;}\" data-image-title=\"Landsberga ga\u030ardsbutik invigning&amp;#8211;010618-54\" data-image-description=\"\" data-medium-file=\"https:\/\/www.fjardhundraland.se\/wp-content\/uploads\/2018\/06\/landsberga-gacc8ardsbutik-invigning-010618-54.jpg\" data-large-file=\"https:\/\/www.fjardhundraland.se\/wp-content\/uploads\/2018\/06\/landsberga-gacc8ardsbutik-invigning-010618-54.jpg\" src=\"https:\/\/i0.wp.com\/www.fjardhundraland.se\/wp-content\/uploads\/2018\/06\/landsberga-gacc8ardsbutik-invigning-010618-54.jpg?w=162&#038;h=122&#038;ssl=1\" width=\"162\" height=\"122\" loading=\"lazy\" data-original-width=\"162\" data-original-height=\"122\" itemprop=\"http:\/\/schema.org\/image\" title=\"Er\u00f6ffnung des Hofladens in Landsberga--010618-54\" alt=\"Er\u00f6ffnung des Hofladens in Landsberga--010618-54\" style=\"width: 162px; height: 122px;\" \/> <\/a> <\/div> <\/div> <!-- close group --> <\/div> <!-- close row --> <div class=\"gallery-row\" style=\"width: 500px; height: 376px;\" data-original-width=\"500\" data-original-height=\"376\" > <div class=\"gallery-group images-1\" style=\"width: 500px; height: 376px;\" data-original-width=\"500\" data-original-height=\"376\" > <div class=\"tiled-gallery-item tiled-gallery-item-large\" itemprop=\"associatedMedia\" itemscope itemtype=\"http:\/\/schema.org\/ImageObject\"> <a href=\"https:\/\/i0.wp.com\/www.fjardhundraland.se\/wp-content\/uploads\/2018\/06\/landsberga-gacc8ardsbutik-invigning-010618-39.jpg?ssl=1\" border=\"0\" itemprop=\"url\"> <meta itemprop=\"width\" content=\"496\"> <meta itemprop=\"height\" content=\"372\"> <img decoding=\"async\" class=\"\" data-attachment-id=\"5184\" data-orig-file=\"https:\/\/www.fjardhundraland.se\/wp-content\/uploads\/2018\/06\/landsberga-gacc8ardsbutik-invigning-010618-39.jpg\" data-orig-size=\"2000,1502\" data-comments-opened=\"\" data-image-meta=\"{&quot;aperture&quot;:&quot;0&quot;,&quot;credit&quot;:&quot;&quot;,&quot;camera&quot;:&quot;&quot;,&quot;caption&quot;:&quot;&quot;,&quot;created_timestamp&quot;:&quot;0&quot;,&quot;copyright&quot;:&quot;&quot;,&quot;focal_length&quot;:&quot;0&quot;,&quot;iso&quot;:&quot;0&quot;,&quot;shutter_speed&quot;:&quot;0&quot;,&quot;title&quot;:&quot;&quot;,&quot;orientation&quot;:&quot;0&quot;}\" data-image-title=\"Landsberga ga\u030ardsbutik invigning&amp;#8211;010618-39\" data-image-description=\"\" data-medium-file=\"https:\/\/www.fjardhundraland.se\/wp-content\/uploads\/2018\/06\/landsberga-gacc8ardsbutik-invigning-010618-39.jpg\" data-large-file=\"https:\/\/www.fjardhundraland.se\/wp-content\/uploads\/2018\/06\/landsberga-gacc8ardsbutik-invigning-010618-39.jpg\" src=\"https:\/\/i0.wp.com\/www.fjardhundraland.se\/wp-content\/uploads\/2018\/06\/landsberga-gacc8ardsbutik-invigning-010618-39.jpg?w=496&#038;h=372&#038;ssl=1\" width=\"496\" height=\"372\" loading=\"lazy\" data-original-width=\"496\" data-original-height=\"372\" itemprop=\"http:\/\/schema.org\/image\" title=\"Er\u00f6ffnung des Hofladens in Landsberga--010618-39\" alt=\"Er\u00f6ffnung des Hofladens in Landsberga--010618-39\" style=\"width: 496px; height: 372px;\" \/> <\/a> <\/div> <\/div> <!-- close group --> <\/div> <!-- close row --> <\/div>\n<p>&nbsp;<\/p>","protected":false},"excerpt":{"rendered":"<p>Ein Hofladen, der t\u00e4glich ge\u00f6ffnet ist, und ein Caf\u00e9 in historischer Umgebung. Der Hofladen Landsberga bietet beides: In den alten Stallungen aus den 1800er Jahren auf dem Hof Landsberga befindet sich ein echtes Zentrum der Esskultur in Uppland. Ge\u00f6ffnet ab 2. Juni 2018 wochentags 11-18 Uhr und am Wochenende 11-16 Uhr! &nbsp;<\/p>","protected":false},"author":1,"featured_media":5184,"comment_status":"closed","ping_status":"closed","sticky":false,"template":"","format":"standard","meta":{"_acf_changed":false,"_relevanssi_hide_post":"","_relevanssi_hide_content":"","_relevanssi_pin_for_all":"","_relevanssi_pin_keywords":"","_relevanssi_unpin_keywords":"","_relevanssi_related_keywords":"","_relevanssi_related_include_ids":"","_relevanssi_related_exclude_ids":"","_relevanssi_related_no_append":"","_relevanssi_related_not_related":"","_relevanssi_related_posts":"","_relevanssi_noindex_reason":"Rank Math Uteslut fr\u00e5n Relevanssi index","_genesis_hide_title":false,"_genesis_hide_breadcrumbs":false,"_genesis_hide_singular_image":false,"_genesis_hide_footer_widgets":false,"_genesis_custom_body_class":"","_genesis_custom_post_class":"","_genesis_layout":"","_jetpack_memberships_contains_paid_content":false,"footnotes":""},"categories":[9,353],"tags":[352,261],"class_list":{"0":"post-5183","1":"post","2":"type-post","3":"status-publish","4":"format-standard","5":"has-post-thumbnail","7":"category-gardsbutiker","8":"category-aldre-inlagg","9":"tag-aldre-inlagg","10":"tag-invigning","11":"entry"},"acf":[],"visa":null,"geo_latitude":null,"geo_longitude":null,"jetpack_featured_media_url":"https:\/\/www.fjardhundraland.se\/wp-content\/uploads\/2018\/06\/landsberga-gacc8ardsbutik-invigning-010618-39.jpg","featured_image_src":"https:\/\/www.fjardhundraland.se\/wp-content\/uploads\/2018\/06\/landsberga-gacc8ardsbutik-invigning-010618-39.jpg","featured_image_src_square":"https:\/\/www.fjardhundraland.se\/wp-content\/uploads\/2018\/06\/landsberga-gacc8ardsbutik-invigning-010618-39.jpg","author_info":{"display_name":"Mats Thorburn","author_link":"https:\/\/www.fjardhundraland.se\/de\/author\/matst\/"},"jetpack-related-posts":[{"id":4863,"url":"https:\/\/www.fjardhundraland.se\/de\/inlagg\/2018\/ny-knutpunkt-narproducerad-mat\/","url_meta":{"origin":5183,"position":0},"title":"Neue Drehscheibe f\u00fcr lokal erzeugte Lebensmittel","author":"Ylva Fontell","date":"8 Februar 2018","format":false,"excerpt":"Der Eierstand von Landsberga ist seit mehreren Jahren die Anlaufstelle f\u00fcr alle, die Eier aus der Region m\u00f6gen. Im Juni wird die M\u00f6glichkeit, lokal produzierte Lebensmittel zu kaufen, erweitert, wenn Landsberga G\u00e5rdsbutik seine T\u00fcren \u00f6ffnet. Bislang ist der sch\u00f6ne Stall mit dem K-G\u00fctesiegel eine Baustelle, und es wird viel Arbeit, Wissen und Sorgfalt in die ...","rel":"","context":"In &quot;\u00c4ldre inl\u00e4gg&quot;","block_context":{"text":"\u00c4ldre inl\u00e4gg","link":"https:\/\/www.fjardhundraland.se\/de\/aldre-inlagg\/"},"img":{"alt_text":"","src":"","width":0,"height":0},"classes":[]},{"id":2196,"url":"https:\/\/www.fjardhundraland.se\/de\/gardsbutiker\/2014\/paskens-utflykter\/","url_meta":{"origin":5183,"position":1},"title":"Ausfl\u00fcge zu Ostern","author":"Ylva Fontell","date":"9 April 2014","format":false,"excerpt":"Es ist sch\u00f6n, ein paar Tage frei zu haben, dann ist es Zeit f\u00fcr einen Ausflug aufs Land! In Fj\u00e4rdhundraland gibt es viel zu tun: Eier und regionale Produkte einkaufen, Kunst betrachten oder essen und einen guten Kaffee trinken. Es bleibt auch Zeit f\u00fcr einen Besuch in der Touristeninformation von Fj\u00e4rdhundraland oder im nostalgischsten Autohaus der Welt! Und vieles mehr... Herzlich willkommen...","rel":"","context":"In &quot;\u00c4ldre inl\u00e4gg&quot;","block_context":{"text":"\u00c4ldre inl\u00e4gg","link":"https:\/\/www.fjardhundraland.se\/de\/aldre-inlagg\/"},"img":{"alt_text":"","src":"https:\/\/i0.wp.com\/www.fjardhundraland.se\/wp-content\/uploads\/2014\/04\/pasktupp-1.jpg?resize=350%2C200&ssl=1","width":350,"height":200,"srcset":"https:\/\/i0.wp.com\/www.fjardhundraland.se\/wp-content\/uploads\/2014\/04\/pasktupp-1.jpg?resize=350%2C200&ssl=1 1x, https:\/\/i0.wp.com\/www.fjardhundraland.se\/wp-content\/uploads\/2014\/04\/pasktupp-1.jpg?resize=525%2C300&ssl=1 1.5x, https:\/\/i0.wp.com\/www.fjardhundraland.se\/wp-content\/uploads\/2014\/04\/pasktupp-1.jpg?resize=700%2C400&ssl=1 2x, https:\/\/i0.wp.com\/www.fjardhundraland.se\/wp-content\/uploads\/2014\/04\/pasktupp-1.jpg?resize=1050%2C600&ssl=1 3x, https:\/\/i0.wp.com\/www.fjardhundraland.se\/wp-content\/uploads\/2014\/04\/pasktupp-1.jpg?resize=1400%2C800&ssl=1 4x"},"classes":[]},{"id":4687,"url":"https:\/\/www.fjardhundraland.se\/de\/mat-manniskor\/2017\/mat-manniskor-2017\/","url_meta":{"origin":5183,"position":2},"title":"Essen &amp; Menschen 2017","author":"Mats Thorburn","date":"21 August 2017","format":false,"excerpt":"Die Food &amp; People Food Tour war in den ersten beiden Jahren ein gro\u00dfer Erfolg, mit Tausenden von Besuchern auf der Suche nach kulinarischen Erlebnissen. Am Sonntag, den 24. September 2017, von 11 bis 17 Uhr, ist es Zeit f\u00fcr die dritte Ausgabe. Besuchen Sie Erzeuger und Feinschmecker zur Zeit der Ernte! Sie haben die Wahl zwischen f\u00fcnfzehn verschiedenen Standorten. An manchen Orten gibt es mehrere...","rel":"","context":"In &quot;Mat &amp; m\u00e4nniskor&quot;","block_context":{"text":"Mat &amp; m\u00e4nniskor","link":"https:\/\/www.fjardhundraland.se\/de\/mat-manniskor\/"},"img":{"alt_text":"S\u00f6rg\u00e5rden gr\u00f6nt Chili","src":"https:\/\/i0.wp.com\/www.fjardhundraland.se\/wp-content\/uploads\/2017\/08\/socc88rgacc8arden-grocc88nt-chili.jpg?resize=350%2C200&ssl=1","width":350,"height":200,"srcset":"https:\/\/i0.wp.com\/www.fjardhundraland.se\/wp-content\/uploads\/2017\/08\/socc88rgacc8arden-grocc88nt-chili.jpg?resize=350%2C200&ssl=1 1x, https:\/\/i0.wp.com\/www.fjardhundraland.se\/wp-content\/uploads\/2017\/08\/socc88rgacc8arden-grocc88nt-chili.jpg?resize=525%2C300&ssl=1 1.5x, https:\/\/i0.wp.com\/www.fjardhundraland.se\/wp-content\/uploads\/2017\/08\/socc88rgacc8arden-grocc88nt-chili.jpg?resize=700%2C400&ssl=1 2x, https:\/\/i0.wp.com\/www.fjardhundraland.se\/wp-content\/uploads\/2017\/08\/socc88rgacc8arden-grocc88nt-chili.jpg?resize=1050%2C600&ssl=1 3x, https:\/\/i0.wp.com\/www.fjardhundraland.se\/wp-content\/uploads\/2017\/08\/socc88rgacc8arden-grocc88nt-chili.jpg?resize=1400%2C800&ssl=1 4x"},"classes":[]},{"id":2690,"url":"https:\/\/www.fjardhundraland.se\/de\/rebusrunda\/2016\/medverkande-rebusrundan\/","url_meta":{"origin":5183,"position":3},"title":"Teilnehmer an der Rebus-Runde 2016","author":"","date":"2 M\u00e4rz 2016","format":false,"excerpt":"Hier finden Sie alle Gesch\u00e4fte, Caf\u00e9s und Restaurants, Sehensw\u00fcrdigkeiten und sch\u00f6ne Orte, die Sie w\u00e4hrend der Rebus-Tour besuchen k\u00f6nnen. F\u00fcllen Sie Ihr Auto mit Freunden und Familie und besuchen Sie so viele Orte wie m\u00f6glich. Oder nimm deine beste Freundin mit auf ein Fahrradabenteuer in der Natur. Aber vor allem l\u00f6sen Sie den Rebus und sammeln dabei Erfahrungen, gute...","rel":"","context":"In &quot;Rebusrunda&quot;","block_context":{"text":"Rebusrunda","link":"https:\/\/www.fjardhundraland.se\/de\/rebusrunda\/"},"img":{"alt_text":"Rebusrundan 2016","src":"https:\/\/i0.wp.com\/www.fjardhundraland.se\/wp-content\/uploads\/2016\/07\/rebusrundan2016.jpg?resize=350%2C200&ssl=1","width":350,"height":200,"srcset":"https:\/\/i0.wp.com\/www.fjardhundraland.se\/wp-content\/uploads\/2016\/07\/rebusrundan2016.jpg?resize=350%2C200&ssl=1 1x, https:\/\/i0.wp.com\/www.fjardhundraland.se\/wp-content\/uploads\/2016\/07\/rebusrundan2016.jpg?resize=525%2C300&ssl=1 1.5x, https:\/\/i0.wp.com\/www.fjardhundraland.se\/wp-content\/uploads\/2016\/07\/rebusrundan2016.jpg?resize=700%2C400&ssl=1 2x, https:\/\/i0.wp.com\/www.fjardhundraland.se\/wp-content\/uploads\/2016\/07\/rebusrundan2016.jpg?resize=1050%2C600&ssl=1 3x, https:\/\/i0.wp.com\/www.fjardhundraland.se\/wp-content\/uploads\/2016\/07\/rebusrundan2016.jpg?resize=1400%2C800&ssl=1 4x"},"classes":[]},{"id":3098,"url":"https:\/\/www.fjardhundraland.se\/de\/utflykt\/2016\/paskoppet-i-fjardhundraland\/","url_meta":{"origin":5183,"position":4},"title":"Ostereink\u00e4ufe in Fj\u00e4rdhundraland 2016","author":"Mats Thorburn","date":"23 M\u00e4rz 2016","format":false,"excerpt":"Zu Ostern \u00f6ffnen viele der Juwelen von Fj\u00e4rdhundraland ihre Pforten f\u00fcr Besucher. Es ist an der Zeit, dem Winter zu entfliehen und einen Ausflug zu machen, raus auf die Landstra\u00dfen, zu Ruhe, Natur und echtem Essen. Zu Ostern ge\u00f6ffnet: Alsta Tr\u00e4dg\u00e5rdar ist von Freitag bis Montag von 11 bis 16 Uhr mit der ersten Fr\u00fchlingsausstellung mit Silberschmiedekunst, Talmalerei und alten...","rel":"","context":"In &quot;Utflykt&quot;","block_context":{"text":"Utflykt","link":"https:\/\/www.fjardhundraland.se\/de\/utflykt\/"},"img":{"alt_text":"","src":"https:\/\/i0.wp.com\/www.fjardhundraland.se\/wp-content\/uploads\/2016\/03\/egg.jpg?resize=350%2C200&ssl=1","width":350,"height":200,"srcset":"https:\/\/i0.wp.com\/www.fjardhundraland.se\/wp-content\/uploads\/2016\/03\/egg.jpg?resize=350%2C200&ssl=1 1x, https:\/\/i0.wp.com\/www.fjardhundraland.se\/wp-content\/uploads\/2016\/03\/egg.jpg?resize=525%2C300&ssl=1 1.5x, https:\/\/i0.wp.com\/www.fjardhundraland.se\/wp-content\/uploads\/2016\/03\/egg.jpg?resize=700%2C400&ssl=1 2x, https:\/\/i0.wp.com\/www.fjardhundraland.se\/wp-content\/uploads\/2016\/03\/egg.jpg?resize=1050%2C600&ssl=1 3x, https:\/\/i0.wp.com\/www.fjardhundraland.se\/wp-content\/uploads\/2016\/03\/egg.jpg?resize=1400%2C800&ssl=1 4x"},"classes":[]},{"id":754,"url":"https:\/\/www.fjardhundraland.se\/de\/gardsbutiker\/2012\/forsta-vartecknet\/","url_meta":{"origin":5183,"position":5},"title":"Erste Anzeichen des Fr\u00fchlings?","author":"Mats Thorburn","date":"2 Februar 2012","format":false,"excerpt":"Die B\u00e4ckerei Kr\u00e5kvilan \u00f6ffnet am Sonntag, dem 5. Februar, von 11 bis 16 Uhr ihre Pforten f\u00fcr die Saison. Neu ist, dass Marianne nicht nur ihre k\u00f6stlichen Br\u00f6tchen und Kuchen serviert, sondern auch ein leichtes Mittagessen, bestehend aus leckerem K\u00e4sekuchen aus Skogsbackens K\u00e4se.","rel":"","context":"In &quot;\u00c4ldre inl\u00e4gg&quot;","block_context":{"text":"\u00c4ldre inl\u00e4gg","link":"https:\/\/www.fjardhundraland.se\/de\/aldre-inlagg\/"},"img":{"alt_text":"","src":"","width":0,"height":0},"classes":[]}],"jetpack_sharing_enabled":true,"_links":{"self":[{"href":"https:\/\/www.fjardhundraland.se\/de\/wp-json\/wp\/v2\/posts\/5183","targetHints":{"allow":["GET"]}}],"collection":[{"href":"https:\/\/www.fjardhundraland.se\/de\/wp-json\/wp\/v2\/posts"}],"about":[{"href":"https:\/\/www.fjardhundraland.se\/de\/wp-json\/wp\/v2\/types\/post"}],"author":[{"embeddable":true,"href":"https:\/\/www.fjardhundraland.se\/de\/wp-json\/wp\/v2\/users\/1"}],"replies":[{"embeddable":true,"href":"https:\/\/www.fjardhundraland.se\/de\/wp-json\/wp\/v2\/comments?post=5183"}],"version-history":[{"count":1,"href":"https:\/\/www.fjardhundraland.se\/de\/wp-json\/wp\/v2\/posts\/5183\/revisions"}],"predecessor-version":[{"id":19606,"href":"https:\/\/www.fjardhundraland.se\/de\/wp-json\/wp\/v2\/posts\/5183\/revisions\/19606"}],"wp:featuredmedia":[{"embeddable":true,"href":"https:\/\/www.fjardhundraland.se\/de\/wp-json\/wp\/v2\/media\/5184"}],"wp:attachment":[{"href":"https:\/\/www.fjardhundraland.se\/de\/wp-json\/wp\/v2\/media?parent=5183"}],"wp:term":[{"taxonomy":"category","embeddable":true,"href":"https:\/\/www.fjardhundraland.se\/de\/wp-json\/wp\/v2\/categories?post=5183"},{"taxonomy":"post_tag","embeddable":true,"href":"https:\/\/www.fjardhundraland.se\/de\/wp-json\/wp\/v2\/tags?post=5183"}],"curies":[{"name":"wp","href":"https:\/\/api.w.org\/{rel}","templated":true}]}}