
{"id":4945,"date":"2018-03-08T18:14:46","date_gmt":"2018-03-08T17:14:46","guid":{"rendered":"http:\/\/www.fjardhundraland.se\/?p=4945"},"modified":"2026-02-05T13:42:59","modified_gmt":"2026-02-05T12:42:59","slug":"ich-bin-eingewickelt-in-meine-mila","status":"publish","type":"post","link":"https:\/\/www.fjardhundraland.se\/de\/inlagg\/2018\/jag-vantar-vid-min-mila\/","title":{"rendered":"Ich warte bei meiner Mutter..."},"content":{"rendered":"<p>Dan Andersson hat wie kein anderer das Bild des einsamen Holzkohleh\u00fcters im Wald geschaffen. Fr\u00fcher gl\u00fchte die Holzkohle \u00fcberall in den W\u00e4ldern, aber heute kommt man meist mit Holzkohle in einem Sack in Ber\u00fchrung. In Messkog, <a href=\"https:\/\/www.fjardhundraland.se\/de\/gerichte\/kyrkstigen-i-tarnsjo\/\">entlang des Kirchenwegs zwischen Skekarsbo und Nora<\/a>, Viele Meilen wurden zur\u00fcckgelegt und die Kohlenh\u00fctte ist eine greifbare Erinnerung. Jetzt ist es an der Zeit, wieder auf die altmodische Weise Kohle zu machen!<\/p>\n<p>Das Kirchenweg-Komitee wird eine Mila anz\u00fcnden und es werden viele Helfer ben\u00f6tigt. Lernen Sie ein altes Handwerk und erleben Sie die Gemeinschaft rund um die Mila, die rund um die Uhr bewacht werden muss, wenn sie angez\u00fcndet wird. H\u00f6rt sich das nicht spannend an!<\/p>\n<p>Der Milan wird im Fr\u00fchjahr, ab dem 27. und 28. April, aufgestellt und im Sp\u00e4tsommer beleuchtet. Wenn Sie an einer Teilnahme interessiert sind, k\u00f6nnen Sie sich bereits jetzt mit Inga Nordgren, Tel. 070-582 63 52 oder <a href=\"mailto:inordgren@telia.com\" target=\"_blank\" rel=\"noopener\">inordgren@telia.com<\/a>.<\/p>\n<p>&nbsp;<\/p>","protected":false},"excerpt":{"rendered":"<p>Dan Andersson har som ingen annan skapat bilden av den ensamme kolvaktaren ute i skogen. F\u00f6rr i tiden pyrde milor \u00f6verallt i skogarna, numera kommer vi oftast i kontakt med grillkol i p\u00e5se. I Messkog, l\u00e4ngs kyrkstigen mellan Skekarsbo och Nora, har det rests m\u00e5nga milor och kolarkojan finns d\u00e4r som ett handfast minne. Nu [&hellip;]<\/p>\n","protected":false},"author":4,"featured_media":4946,"comment_status":"closed","ping_status":"closed","sticky":false,"template":"","format":"standard","meta":{"_acf_changed":false,"_relevanssi_hide_post":"","_relevanssi_hide_content":"","_relevanssi_pin_for_all":"","_relevanssi_pin_keywords":"","_relevanssi_unpin_keywords":"","_relevanssi_related_keywords":"","_relevanssi_related_include_ids":"","_relevanssi_related_exclude_ids":"","_relevanssi_related_no_append":"","_relevanssi_related_not_related":"","_relevanssi_related_posts":"","_relevanssi_noindex_reason":"Rank Math Uteslut fr\u00e5n Relevanssi index","_genesis_hide_title":false,"_genesis_hide_breadcrumbs":false,"_genesis_hide_singular_image":false,"_genesis_hide_footer_widgets":false,"_genesis_custom_body_class":"","_genesis_custom_post_class":"","_genesis_layout":"","_jetpack_memberships_contains_paid_content":false,"footnotes":""},"categories":[353,1,51,25],"tags":[352],"class_list":{"0":"post-4945","1":"post","2":"type-post","3":"status-publish","4":"format-standard","5":"has-post-thumbnail","7":"category-aldre-inlagg","8":"category-inlagg","9":"category-natur","10":"category-upplevelser","11":"tag-aldre-inlagg","12":"entry"},"acf":[],"visa":null,"geo_latitude":null,"geo_longitude":null,"jetpack_featured_media_url":"https:\/\/www.fjardhundraland.se\/wp-content\/uploads\/2018\/03\/kolmilan-2017-1-2.jpg","featured_image_src":"https:\/\/www.fjardhundraland.se\/wp-content\/uploads\/2018\/03\/kolmilan-2017-1-2.jpg","featured_image_src_square":"https:\/\/www.fjardhundraland.se\/wp-content\/uploads\/2018\/03\/kolmilan-2017-1-2.jpg","author_info":{"display_name":"Ylva Fontell","author_link":"https:\/\/www.fjardhundraland.se\/de\/author\/ylva\/"},"jetpack-related-posts":[{"id":572,"url":"https:\/\/www.fjardhundraland.se\/de\/gardsbutiker\/2011\/lagerlofska-magasinet\/","url_meta":{"origin":4945,"position":0},"title":"Hofladen mit Lebensmitteln und Kuriosit\u00e4ten","author":"Mats Thorburn","date":"9 August 2011","format":false,"excerpt":"2 Meilen n\u00f6rdlich von Enk\u00f6ping, nur einen Steinwurf von der Autobahn 70 entfernt, befindet sich der Hofladen Lagerl\u00f6fska magasinet. Hier k\u00f6nnen Sie lokal produzierte Lebensmittel, Kunsthandwerk und Kunst von lokalen Kunsthandwerkern kaufen.","rel":"","context":"In &quot;\u00c4ldre inl\u00e4gg&quot;","block_context":{"text":"\u00c4ldre inl\u00e4gg","link":"https:\/\/www.fjardhundraland.se\/de\/aldre-inlagg\/"},"img":{"alt_text":"Lagerl\u00f6fska magasinet","src":"https:\/\/i0.wp.com\/www.fjardhundraland.se\/wp-content\/uploads\/2011\/08\/2011-bilder-239-1024x768-630x472.jpg?resize=350%2C200&ssl=1","width":350,"height":200,"srcset":"https:\/\/i0.wp.com\/www.fjardhundraland.se\/wp-content\/uploads\/2011\/08\/2011-bilder-239-1024x768-630x472.jpg?resize=350%2C200&ssl=1 1x, https:\/\/i0.wp.com\/www.fjardhundraland.se\/wp-content\/uploads\/2011\/08\/2011-bilder-239-1024x768-630x472.jpg?resize=525%2C300&ssl=1 1.5x"},"classes":[]},{"id":546,"url":"https:\/\/www.fjardhundraland.se\/de\/djur\/2011\/ridlektioner-i-harmoni-med-hasten\/","url_meta":{"origin":4945,"position":1},"title":"Reitunterricht im Einklang mit dem Pferd","author":"Mats Thorburn","date":"6 August 2011","format":false,"excerpt":"Auf dem Pferdehof Rotbrunna k\u00f6nnen Sie Ihre Reitkenntnisse durch Unterricht und Kurse auf dem portugiesischen Stierkampfpferd Lusitano verbessern.","rel":"","context":"In &quot;\u00c4ldre inl\u00e4gg&quot;","block_context":{"text":"\u00c4ldre inl\u00e4gg","link":"https:\/\/www.fjardhundraland.se\/de\/aldre-inlagg\/"},"img":{"alt_text":"Delicada, Lusitano p\u00e5 Rotbrunna h\u00e4stg\u00e5rd","src":"https:\/\/i0.wp.com\/www.fjardhundraland.se\/wp-content\/uploads\/2011\/08\/delicada1-630x840.jpg?resize=350%2C200&ssl=1","width":350,"height":200,"srcset":"https:\/\/i0.wp.com\/www.fjardhundraland.se\/wp-content\/uploads\/2011\/08\/delicada1-630x840.jpg?resize=350%2C200&ssl=1 1x, https:\/\/i0.wp.com\/www.fjardhundraland.se\/wp-content\/uploads\/2011\/08\/delicada1-630x840.jpg?resize=525%2C300&ssl=1 1.5x"},"classes":[]},{"id":3905,"url":"https:\/\/www.fjardhundraland.se\/de\/turismutveckling\/2017\/augmented-export\/","url_meta":{"origin":4945,"position":2},"title":"Augmented Export - \u00fcber Lebensmittel, Natur und Kultur","author":"Mats Thorburn","date":"11 Februar 2017","format":false,"excerpt":"Welche Art von Essen w\u00fcnschen sich die Besucher, wenn sie Skandinavien besuchen? Wie k\u00f6nnen wir die Qualit\u00e4t, die wir haben, nutzen, um Besucher zu finden, die einen kleinen, pers\u00f6nlichen Aufenthalt in Schweden w\u00fcnschen? Um diese Fragen zu beantworten, f\u00fchren wir jetzt ein Projekt \u00fcber Lebensmittel in Kombination mit der Natur durch...","rel":"","context":"In &quot;Turismutveckling&quot;","block_context":{"text":"Turismutveckling","link":"https:\/\/www.fjardhundraland.se\/de\/turismutveckling\/"},"img":{"alt_text":"","src":"","width":0,"height":0},"classes":[]},{"id":4872,"url":"https:\/\/www.fjardhundraland.se\/de\/djur\/2018\/algen-olivia-fjardhundraland\/","url_meta":{"origin":4945,"position":3},"title":"Olivia der Elch in Fj\u00e4rdhundraland","author":"Ylva Fontell","date":"9 Februar 2018","format":false,"excerpt":"Olivia, der Elch aus dem G\u00e5rdsj\u00f6-Elchpark, ist als Tulpendiebin zu einem Megaerfolg geworden, der sich weltweit ausbreitet. Im G\u00e5rdsj\u00f6-Elchpark kommt man den Elchen ganz nah und trifft sie in ihrer nat\u00fcrlichen Umgebung (nein, nicht in Leffes und Ilonas K\u00fcche, sondern drau\u00dfen im Gehege). Es ist kraftvoll und wird zu einem...","rel":"","context":"In &quot;Djur&quot;","block_context":{"text":"Djur","link":"https:\/\/www.fjardhundraland.se\/de\/djur\/"},"img":{"alt_text":"M\u00f6t \u00e4lgar i G\u00e5rdsj\u00f6 \u00e4lgpark","src":"https:\/\/i0.wp.com\/www.fjardhundraland.se\/wp-content\/uploads\/2018\/02\/algsafari3.jpg?resize=350%2C200&ssl=1","width":350,"height":200,"srcset":"https:\/\/i0.wp.com\/www.fjardhundraland.se\/wp-content\/uploads\/2018\/02\/algsafari3.jpg?resize=350%2C200&ssl=1 1x, https:\/\/i0.wp.com\/www.fjardhundraland.se\/wp-content\/uploads\/2018\/02\/algsafari3.jpg?resize=525%2C300&ssl=1 1.5x, https:\/\/i0.wp.com\/www.fjardhundraland.se\/wp-content\/uploads\/2018\/02\/algsafari3.jpg?resize=700%2C400&ssl=1 2x, https:\/\/i0.wp.com\/www.fjardhundraland.se\/wp-content\/uploads\/2018\/02\/algsafari3.jpg?resize=1050%2C600&ssl=1 3x, https:\/\/i0.wp.com\/www.fjardhundraland.se\/wp-content\/uploads\/2018\/02\/algsafari3.jpg?resize=1400%2C800&ssl=1 4x"},"classes":[]},{"id":19031,"url":"https:\/\/www.fjardhundraland.se\/de\/inlagg\/2025\/hostlov-i-fjardhundraland\/","url_meta":{"origin":4945,"position":4},"title":"Herbstferien in Fj\u00e4rdhundraland","author":"Marloes","date":"27 Oktober 2025","format":false,"excerpt":"Gespenstische Schlosswanderungen, eine magische Treppe und herrliche Landschaften. Oder ein friedlicher Besuch in einer mittelalterlichen Kirche, um eine Kerze anzuz\u00fcnden. Hier finden Sie eine Auswahl aller M\u00f6glichkeiten f\u00fcr einen erlebnisreichen Herbsturlaub f\u00fcr Jung und Alt. Tour mit Petri Tigerkrona auf Burg Skokloster 1. Burg Skokloster Was...","rel":"","context":"In &quot;Inl\u00e4gg&quot;","block_context":{"text":"Inl\u00e4gg","link":"https:\/\/www.fjardhundraland.se\/de\/inlagg\/"},"img":{"alt_text":"","src":"https:\/\/i0.wp.com\/www.fjardhundraland.se\/wp-content\/uploads\/2025\/10\/skoklosters-slott-skolvisning-1920x1080-1.jpg?resize=350%2C200&ssl=1","width":350,"height":200,"srcset":"https:\/\/i0.wp.com\/www.fjardhundraland.se\/wp-content\/uploads\/2025\/10\/skoklosters-slott-skolvisning-1920x1080-1.jpg?resize=350%2C200&ssl=1 1x, https:\/\/i0.wp.com\/www.fjardhundraland.se\/wp-content\/uploads\/2025\/10\/skoklosters-slott-skolvisning-1920x1080-1.jpg?resize=525%2C300&ssl=1 1.5x, https:\/\/i0.wp.com\/www.fjardhundraland.se\/wp-content\/uploads\/2025\/10\/skoklosters-slott-skolvisning-1920x1080-1.jpg?resize=700%2C400&ssl=1 2x, https:\/\/i0.wp.com\/www.fjardhundraland.se\/wp-content\/uploads\/2025\/10\/skoklosters-slott-skolvisning-1920x1080-1.jpg?resize=1050%2C600&ssl=1 3x, https:\/\/i0.wp.com\/www.fjardhundraland.se\/wp-content\/uploads\/2025\/10\/skoklosters-slott-skolvisning-1920x1080-1.jpg?resize=1400%2C800&ssl=1 4x"},"classes":[]},{"id":218,"url":"https:\/\/www.fjardhundraland.se\/de\/externt\/2011\/forsmak-med-mersmak\/","url_meta":{"origin":4945,"position":5},"title":"Kostprobe mit Geschmackszusatz","author":"Mats Thorburn","date":"16 Mai 2011","format":false,"excerpt":"Ein Vorgeschmack auf Fj\u00e4rdhundraland begann am Samstag, den 14. Mai - das Wetter war auf unserer Seite, viele freundliche Menschen trafen auf Fj\u00e4rdhundraland, und wir konnten alles erleben, von Ludmilla the Clowns 10-j\u00e4hrigem Jubil\u00e4um bis zum ersten Auftritt von Marta &amp; Magnus. Die Fj\u00e4rdhundraland-Lebensmittelhandwerker lockten uns mit Kostproben lokaler K\u00f6stlichkeiten, wir durften Karussellfahren mit Pferd und...","rel":"","context":"In &quot;\u00c4ldre inl\u00e4gg&quot;","block_context":{"text":"\u00c4ldre inl\u00e4gg","link":"https:\/\/www.fjardhundraland.se\/de\/aldre-inlagg\/"},"img":{"alt_text":"","src":"https:\/\/a7.sphotos.ak.fbcdn.net\/hphotos-ak-snc6\/229217_10150182280099234_624654233_6892614_148079_n.jpg","width":350,"height":200},"classes":[]}],"jetpack_sharing_enabled":true,"_links":{"self":[{"href":"https:\/\/www.fjardhundraland.se\/de\/wp-json\/wp\/v2\/posts\/4945","targetHints":{"allow":["GET"]}}],"collection":[{"href":"https:\/\/www.fjardhundraland.se\/de\/wp-json\/wp\/v2\/posts"}],"about":[{"href":"https:\/\/www.fjardhundraland.se\/de\/wp-json\/wp\/v2\/types\/post"}],"author":[{"embeddable":true,"href":"https:\/\/www.fjardhundraland.se\/de\/wp-json\/wp\/v2\/users\/4"}],"replies":[{"embeddable":true,"href":"https:\/\/www.fjardhundraland.se\/de\/wp-json\/wp\/v2\/comments?post=4945"}],"version-history":[{"count":1,"href":"https:\/\/www.fjardhundraland.se\/de\/wp-json\/wp\/v2\/posts\/4945\/revisions"}],"predecessor-version":[{"id":19609,"href":"https:\/\/www.fjardhundraland.se\/de\/wp-json\/wp\/v2\/posts\/4945\/revisions\/19609"}],"wp:featuredmedia":[{"embeddable":true,"href":"https:\/\/www.fjardhundraland.se\/de\/wp-json\/wp\/v2\/media\/4946"}],"wp:attachment":[{"href":"https:\/\/www.fjardhundraland.se\/de\/wp-json\/wp\/v2\/media?parent=4945"}],"wp:term":[{"taxonomy":"category","embeddable":true,"href":"https:\/\/www.fjardhundraland.se\/de\/wp-json\/wp\/v2\/categories?post=4945"},{"taxonomy":"post_tag","embeddable":true,"href":"https:\/\/www.fjardhundraland.se\/de\/wp-json\/wp\/v2\/tags?post=4945"}],"curies":[{"name":"wp","href":"https:\/\/api.w.org\/{rel}","templated":true}]}}