
{"id":483,"date":"2011-07-19T07:12:03","date_gmt":"2011-07-19T05:12:03","guid":{"rendered":"http:\/\/www.fjardhundraland.se\/?p=483"},"modified":"2026-02-05T13:40:41","modified_gmt":"2026-02-05T12:40:41","slug":"musik-uber-gedachtnis-und-vergesslichkeit","status":"publish","type":"post","link":"https:\/\/www.fjardhundraland.se\/de\/externt\/2011\/musik-om-minne-och-glomska\/","title":{"rendered":"Musikerlebnisse in der M\u00fchle von Forsby"},"content":{"rendered":"<p>Forsby Mill, in der N\u00e4he von Fj\u00e4rdhundra, veranstaltet bereits zum sechsten Mal hochkar\u00e4tige Konzerte, die immer gut besucht sind und ein tolles Erlebnis darstellen! Dieses Jahr lautet das Thema \u201dErinnerung und Vergessen\u201d.<\/p>\n<p>Das erste Konzert, \u201dDie Erinnerung\u201d, findet am 30. Juli statt und beinhaltet Musik des schwedisch-deutschen Komponisten Josef Martin Kraus und seines Biographen Fredrik Samuel Silverstolpe. Au\u00dferdem gibt es Texte von und mit Magnus Florin und Theater von C.J.L Almqvist mit Turteatern.<\/p>\n<p>Und das alles an einem Abend, zum Klang der Stromschnellen in einer alten M\u00fchle! Verpassen Sie es nicht - buchen Sie Ihre Tickets unter <a title=\"M\u00fchle Forsby\" href=\"https:\/\/www.forsbykvarn.se\/\" target=\"_blank\" rel=\"noopener\">www.forsbykvarn.se<\/a>. Ein spannender Abend ist versprochen!<\/p>\n<p><a href=\"https:\/\/www.fjardhundraland.se\/wp-content\/uploads\/2011\/07\/forsby1.jpg\"><img decoding=\"async\" class=\"alignnone size-full wp-image-502\" title=\"Konzert in der M\u00fchle von Forsby in K\u00fcrze\" src=\"https:\/\/www.fjardhundraland.se\/wp-content\/uploads\/2011\/07\/forsby1.jpg\" alt=\"Konzert in der M\u00fchle von Forsby in K\u00fcrze\" width=\"600\" height=\"400\" \/><\/a><\/p>\n<p><a href=\"https:\/\/www.fjardhundraland.se\/wp-content\/uploads\/2011\/07\/forsby-ljus.jpg\"><img decoding=\"async\" class=\"alignnone size-full wp-image-503\" title=\"Stumpenkerzen\" src=\"https:\/\/www.fjardhundraland.se\/wp-content\/uploads\/2011\/07\/forsby-ljus.jpg\" alt=\"\" width=\"600\" height=\"815\"><\/a><\/p>","protected":false},"excerpt":{"rendered":"<p>Forsby Mill, in der N\u00e4he von Fj\u00e4rdhundra, veranstaltet bereits zum sechsten Mal hochkar\u00e4tige Konzerte, die immer gut besucht sind und ein tolles Erlebnis darstellen! Dieses Jahr lautet das Thema \u201dErinnerung und Vergessen\u201d.<\/p>","protected":false},"author":1,"featured_media":503,"comment_status":"open","ping_status":"open","sticky":false,"template":"","format":"standard","meta":{"_acf_changed":false,"_relevanssi_hide_post":"","_relevanssi_hide_content":"","_relevanssi_pin_for_all":"","_relevanssi_pin_keywords":"","_relevanssi_unpin_keywords":"","_relevanssi_related_keywords":"","_relevanssi_related_include_ids":"","_relevanssi_related_exclude_ids":"","_relevanssi_related_no_append":"","_relevanssi_related_not_related":"","_relevanssi_related_posts":"","_relevanssi_noindex_reason":"Rank Math Uteslut fr\u00e5n Relevanssi index","_genesis_hide_title":false,"_genesis_hide_breadcrumbs":false,"_genesis_hide_singular_image":false,"_genesis_hide_footer_widgets":false,"_genesis_custom_body_class":"","_genesis_custom_post_class":"","_genesis_layout":"","_jetpack_memberships_contains_paid_content":false,"footnotes":""},"categories":[353,18,45,23,50],"tags":[352,38,57,58,204],"class_list":{"0":"post-483","1":"post","2":"type-post","3":"status-publish","4":"format-standard","5":"has-post-thumbnail","7":"category-aldre-inlagg","8":"category-externt","9":"category-kultur","10":"category-musik","11":"category-teater","12":"tag-aldre-inlagg","13":"tag-forsby-kvarn","14":"tag-klassisk-musik","15":"tag-kraus","16":"tag-teater","17":"entry"},"acf":[],"visa":null,"geo_latitude":null,"geo_longitude":null,"jetpack_featured_media_url":"","featured_image_src":null,"featured_image_src_square":null,"author_info":{"display_name":"Mats Thorburn","author_link":"https:\/\/www.fjardhundraland.se\/de\/author\/matst\/"},"jetpack-related-posts":[{"id":600,"url":"https:\/\/www.fjardhundraland.se\/de\/externt\/2011\/musik-du-aldrig-mer-kommer-att-fa-hora\/","url_meta":{"origin":483,"position":0},"title":"Musik f\u00fcr den Augenblick in der M\u00fchle von Forsby","author":"Mats Thorburn","date":"16 August 2011","format":false,"excerpt":"Forsby Mill, der Konzertort in Forsby in der N\u00e4he von Fj\u00e4rdhundra, l\u00e4dt am Samstag, den 20. August, zu seinem zweiten Konzert des Jahres ein. An diesem Abend werden Sie improvisierte Musik h\u00f6ren - Musik, die so gespielt wird, dass sie sich nie mehr wiederholt!","rel":"","context":"In &quot;\u00c4ldre inl\u00e4gg&quot;","block_context":{"text":"\u00c4ldre inl\u00e4gg","link":"https:\/\/www.fjardhundraland.se\/de\/aldre-inlagg\/"},"img":{"alt_text":"Torbj\u00f6rn Lillieqvist, Forsby kvarn","src":"https:\/\/i0.wp.com\/www.fjardhundraland.se\/wp-content\/uploads\/2011\/08\/forsby-1-630x289.jpg?resize=350%2C200&ssl=1","width":350,"height":200,"srcset":"https:\/\/i0.wp.com\/www.fjardhundraland.se\/wp-content\/uploads\/2011\/08\/forsby-1-630x289.jpg?resize=350%2C200&ssl=1 1x, https:\/\/i0.wp.com\/www.fjardhundraland.se\/wp-content\/uploads\/2011\/08\/forsby-1-630x289.jpg?resize=525%2C300&ssl=1 1.5x"},"classes":[]},{"id":1155,"url":"https:\/\/www.fjardhundraland.se\/de\/musik\/2012\/varoffer-i-sommarkvallen\/","url_meta":{"origin":483,"position":1},"title":"Fr\u00fchlingsopfer am Sommerabend","author":"Mats Thorburn","date":"7 August 2012","format":false,"excerpt":"Am Samstag, den 11. August, findet das zweite Konzert des Jahres im Forsby kvarn musikscen statt. Auf eine vierh\u00e4ndige Version von Igor Strawinskys \"Rite of Spring\" mit Kristine Scholz und Mats Persson folgt Jazz mit Monica Dominique und Palle Danielsson.","rel":"","context":"In &quot;\u00c4ldre inl\u00e4gg&quot;","block_context":{"text":"\u00c4ldre inl\u00e4gg","link":"https:\/\/www.fjardhundraland.se\/de\/aldre-inlagg\/"},"img":{"alt_text":"Forsby kvarn. Foto: Mats Thorburn.","src":"https:\/\/i0.wp.com\/www.fjardhundraland.se\/wp-content\/uploads\/2012\/08\/IMG_7095-630x403.jpg?resize=350%2C200&ssl=1","width":350,"height":200,"srcset":"https:\/\/i0.wp.com\/www.fjardhundraland.se\/wp-content\/uploads\/2012\/08\/IMG_7095-630x403.jpg?resize=350%2C200&ssl=1 1x, https:\/\/i0.wp.com\/www.fjardhundraland.se\/wp-content\/uploads\/2012\/08\/IMG_7095-630x403.jpg?resize=525%2C300&ssl=1 1.5x"},"classes":[]},{"id":2490,"url":"https:\/\/www.fjardhundraland.se\/de\/rebusrunda\/2014\/medverkande-pa-rebusrundan-2014\/","url_meta":{"origin":483,"position":2},"title":"Teilnehmer an der Rebus-Runde 2014","author":"Mats Thorburn","date":"10 August 2014","format":false,"excerpt":"Alsta Gardens - Gartencaf\u00e9 und Galerie. Laufende Ausstellungen: Aquarellist\/Buchillustrator Maj Fagerberg Blumenbilder, K\u00fcnstler Lars Wallin, Vogelbilder. Franz\u00e9n's charcuterie - Bio-W\u00fcrste und erstklassige Wurstwaren von unseren eigenen Linder\u00f6d-Schweinen. Gula Stallets Butik &amp; Kaf\u00e9 - Caf\u00e9 mit hausgemachtem und leichtem Mittagessen und Hofladen mit lokal produzierten und biologischen K\u00f6stlichkeiten. Enten, H\u00fchner, Kaninchen, Schafe, Pferde, Hunde und Katzen. Innenbereich ...","rel":"","context":"In &quot;\u00c4ldre inl\u00e4gg&quot;","block_context":{"text":"\u00c4ldre inl\u00e4gg","link":"https:\/\/www.fjardhundraland.se\/de\/aldre-inlagg\/"},"img":{"alt_text":"","src":"","width":0,"height":0},"classes":[]},{"id":1206,"url":"https:\/\/www.fjardhundraland.se\/de\/hantverk\/2012\/oppet-hus-18-november\/","url_meta":{"origin":483,"position":3},"title":"Tag der offenen T\u00fcr am 18. November","author":"Ylva Fontell","date":"4 November 2012","format":false,"excerpt":"Am Sonntag, den 18. November, erhalten Sie einen Einblick in das, was Fj\u00e4rdhundraland zu bieten hat. Der Verein stellt sich vor, viele Mitglieder erz\u00e4hlen von ihren Aktivit\u00e4ten\/verkaufen ihre Produkte, Sie k\u00f6nnen essen und Kaffee aus lokaler Produktion trinken und Filme oder Kindertheater sehen. Herzlich willkommen zu einem spannenden Abend in der Herbstdunkelheit! Die G\u00e4rtnerei H\u00e4rnevi ist vor Ort ...","rel":"","context":"In &quot;\u00c4ldre inl\u00e4gg&quot;","block_context":{"text":"\u00c4ldre inl\u00e4gg","link":"https:\/\/www.fjardhundraland.se\/de\/aldre-inlagg\/"},"img":{"alt_text":"","src":"","width":0,"height":0},"classes":[]},{"id":3293,"url":"https:\/\/www.fjardhundraland.se\/de\/press\/2016\/tre-kafeer-fran-fjardhundraland-nya-white-guide\/","url_meta":{"origin":483,"position":4},"title":"Drei Fj\u00e4rdhundraland-Caf\u00e9s im neuen White Guide","author":"Mats Thorburn","date":"13 Mai 2016","format":false,"excerpt":"Jetzt steht fest, welche Caf\u00e9s in die diesj\u00e4hrige Ausgabe des White Guide Caf\u00e9 aufgenommen werden. Bisher haben neun Caf\u00e9s aus Uppland das Nadel\u00f6hr passiert - und in diesem Jahr kommen nicht weniger als drei Caf\u00e9s aus Fj\u00e4rdhundraland hinzu. Das Forsby kvarn caf\u00e9, die B\u00e4ckerei Kr\u00e5kvilan und der Bauernhof Resta haben...","rel":"","context":"In &quot;Press&quot;","block_context":{"text":"Press","link":"https:\/\/www.fjardhundraland.se\/de\/press\/"},"img":{"alt_text":"Kr\u00e5kvilan Marianne","src":"https:\/\/i0.wp.com\/www.fjardhundraland.se\/wp-content\/uploads\/2014\/02\/Krakvilan_Marianne.jpg?resize=350%2C200&ssl=1","width":350,"height":200,"srcset":"https:\/\/i0.wp.com\/www.fjardhundraland.se\/wp-content\/uploads\/2014\/02\/Krakvilan_Marianne.jpg?resize=350%2C200&ssl=1 1x, https:\/\/i0.wp.com\/www.fjardhundraland.se\/wp-content\/uploads\/2014\/02\/Krakvilan_Marianne.jpg?resize=525%2C300&ssl=1 1.5x, https:\/\/i0.wp.com\/www.fjardhundraland.se\/wp-content\/uploads\/2014\/02\/Krakvilan_Marianne.jpg?resize=700%2C400&ssl=1 2x, https:\/\/i0.wp.com\/www.fjardhundraland.se\/wp-content\/uploads\/2014\/02\/Krakvilan_Marianne.jpg?resize=1050%2C600&ssl=1 3x, https:\/\/i0.wp.com\/www.fjardhundraland.se\/wp-content\/uploads\/2014\/02\/Krakvilan_Marianne.jpg?resize=1400%2C800&ssl=1 4x"},"classes":[]},{"id":914,"url":"https:\/\/www.fjardhundraland.se\/de\/mat\/2012\/nu-oppnar-forsby-kvarn-kafe\/","url_meta":{"origin":483,"position":5},"title":"Caf\u00e9 in Forsby Mill jetzt ge\u00f6ffnet","author":"Mats Thorburn","date":"26 April 2012","format":false,"excerpt":"Am Samstag wird das lang erwartete Caf\u00e9 in Forsby Mill er\u00f6ffnet. Dort, wo einst die Lokomotive die M\u00fchle und das S\u00e4gewerk antrieb, wird nun Ibba's Geb\u00e4ck serviert. Versprochen werden Leckereien und auch n\u00fctzliche Lebensmittel. Lesen Sie mehr auf der neuen Website!","rel":"","context":"In &quot;\u00c4ldre inl\u00e4gg&quot;","block_context":{"text":"\u00c4ldre inl\u00e4gg","link":"https:\/\/www.fjardhundraland.se\/de\/aldre-inlagg\/"},"img":{"alt_text":"","src":"https:\/\/i0.wp.com\/forsbykvarn.se\/wp-content\/uploads\/2011\/08\/Forsbybageriets-gamla-monter.jpg?resize=350%2C200&ssl=1","width":350,"height":200},"classes":[]}],"jetpack_sharing_enabled":true,"_links":{"self":[{"href":"https:\/\/www.fjardhundraland.se\/de\/wp-json\/wp\/v2\/posts\/483","targetHints":{"allow":["GET"]}}],"collection":[{"href":"https:\/\/www.fjardhundraland.se\/de\/wp-json\/wp\/v2\/posts"}],"about":[{"href":"https:\/\/www.fjardhundraland.se\/de\/wp-json\/wp\/v2\/types\/post"}],"author":[{"embeddable":true,"href":"https:\/\/www.fjardhundraland.se\/de\/wp-json\/wp\/v2\/users\/1"}],"replies":[{"embeddable":true,"href":"https:\/\/www.fjardhundraland.se\/de\/wp-json\/wp\/v2\/comments?post=483"}],"version-history":[{"count":1,"href":"https:\/\/www.fjardhundraland.se\/de\/wp-json\/wp\/v2\/posts\/483\/revisions"}],"predecessor-version":[{"id":19749,"href":"https:\/\/www.fjardhundraland.se\/de\/wp-json\/wp\/v2\/posts\/483\/revisions\/19749"}],"wp:featuredmedia":[{"embeddable":true,"href":"https:\/\/www.fjardhundraland.se\/de\/wp-json\/"}],"wp:attachment":[{"href":"https:\/\/www.fjardhundraland.se\/de\/wp-json\/wp\/v2\/media?parent=483"}],"wp:term":[{"taxonomy":"category","embeddable":true,"href":"https:\/\/www.fjardhundraland.se\/de\/wp-json\/wp\/v2\/categories?post=483"},{"taxonomy":"post_tag","embeddable":true,"href":"https:\/\/www.fjardhundraland.se\/de\/wp-json\/wp\/v2\/tags?post=483"}],"curies":[{"name":"wp","href":"https:\/\/api.w.org\/{rel}","templated":true}]}}