
{"id":419,"date":"2011-07-08T19:23:05","date_gmt":"2011-07-08T17:23:05","guid":{"rendered":"http:\/\/www.fjardhundraland.se\/?p=419"},"modified":"2026-02-05T13:40:41","modified_gmt":"2026-02-05T12:40:41","slug":"kunst-und-traditionelle-kunst-in-kokkola","status":"publish","type":"post","link":"https:\/\/www.fjardhundraland.se\/de\/externt\/2011\/konst-och-tradgardskonst-i-karleby\/","title":{"rendered":"Kunst und Gartenarbeit in Kokkola"},"content":{"rendered":"<p>Sommerausflug an einem Sommerwochenende. Wohin fahren Sie? - Zum <a title=\"Lundellska-Galerie\" href=\"https:\/\/www.fjardhundraland.se\/de\/gerichte\/lundellska-galleriet-2\/\" target=\"_blank\">Lundellska-Galerie<\/a> k\u00f6nnen Sie Kaffee mit Kunst kombinieren - und sich dabei Anregungen f\u00fcr Ihren Garten holen. Die Galerie Lundellska wird von der K\u00fcnstlerin Gunnilla Lundell betrieben und befindet sich in Kokkola, n\u00f6rdlich von Fj\u00e4rdhundra an der Stra\u00dfe 70 zwischen Enk\u00f6ping und Sala. Holen Sie sich eine Karte und fahren Sie nach Ihrem Besuch auf der Fj\u00e4rdhundraland weiter!<\/p>\n<p><a href=\"https:\/\/www.fjardhundraland.se\/wp-content\/uploads\/2011\/07\/lundellska1.jpg\"><img decoding=\"async\" class=\"alignnone size-full wp-image-436\" title=\"Lundellska-Galerie\" alt=\"\" src=\"https:\/\/www.fjardhundraland.se\/wp-content\/uploads\/2011\/07\/lundellska1.jpg\" width=\"600\" height=\"450\"><\/a><\/p>\n<p>&nbsp;<\/p>","protected":false},"excerpt":{"rendered":"<p>Sommarutflykt en sommarhelg. Vart ska du \u00e5ka? \u2013 P\u00e5 Lundellska galleriet kan du kombinera kaffe med konst \u2013 och f\u00e5 inspiration till tr\u00e4dg\u00e5rden p\u00e5 k\u00f6pet. Lundellska galleriet drivs av konstn\u00e4ren Gunnilla Lundell och ligger i Karleby, strax norr om Fj\u00e4rdhundra l\u00e4ngs v\u00e4g 70 mellan Enk\u00f6ping och Sala. Passa p\u00e5 att h\u00e4mta en karta och \u00e5k [&hellip;]<\/p>\n","protected":false},"author":1,"featured_media":0,"comment_status":"open","ping_status":"open","sticky":false,"template":"","format":"standard","meta":{"_acf_changed":false,"_relevanssi_hide_post":"","_relevanssi_hide_content":"","_relevanssi_pin_for_all":"","_relevanssi_pin_keywords":"","_relevanssi_unpin_keywords":"","_relevanssi_related_keywords":"","_relevanssi_related_include_ids":"","_relevanssi_related_exclude_ids":"","_relevanssi_related_no_append":"","_relevanssi_related_not_related":"","_relevanssi_related_posts":"","_relevanssi_noindex_reason":"Rank Math Uteslut fr\u00e5n Relevanssi index","_genesis_hide_title":false,"_genesis_hide_breadcrumbs":false,"_genesis_hide_singular_image":false,"_genesis_hide_footer_widgets":false,"_genesis_custom_body_class":"","_genesis_custom_post_class":"","_genesis_layout":"","_jetpack_memberships_contains_paid_content":false,"footnotes":""},"categories":[353,18,21,45,24],"tags":[352,46],"class_list":{"0":"post-419","1":"post","2":"type-post","3":"status-publish","4":"format-standard","6":"category-aldre-inlagg","7":"category-externt","8":"category-konst","9":"category-kultur","10":"category-tradgard","11":"tag-aldre-inlagg","12":"tag-lundellska-galleriet","13":"entry"},"acf":[],"visa":null,"geo_latitude":null,"geo_longitude":null,"jetpack_featured_media_url":"","featured_image_src":null,"featured_image_src_square":null,"author_info":{"display_name":"Mats Thorburn","author_link":"https:\/\/www.fjardhundraland.se\/de\/author\/matst\/"},"jetpack-related-posts":[{"id":1485,"url":"https:\/\/www.fjardhundraland.se\/de\/externt\/2013\/adventstider-hos-lundellska-galleriet\/","url_meta":{"origin":419,"position":0},"title":"Adventszeit in der Galerie Lundellska","author":"Ylva Fontell","date":"22 November 2013","format":false,"excerpt":"Die Lundellska-Galerie in Kokkola ist am ersten und zweiten Adventswochenende ge\u00f6ffnet und l\u00e4dt zu Weihnachtseink\u00e4ufen in einer ruhigen und harmonischen Umgebung ein. Sie finden hier Kunst und Keramik von Gunilla Lundell und lokale Lebensmittelhersteller bieten Marmelade, K\u00e4se, Brot, Senf und Marmelade an. Willkommen im Laden! Ge\u00f6ffnet Samstag und Sonntag 12-17 Uhr (30\/11-1\/12 und 7-8\/12) Die Galerie Lundelska befindet sich...","rel":"","context":"In &quot;\u00c4ldre inl\u00e4gg&quot;","block_context":{"text":"\u00c4ldre inl\u00e4gg","link":"https:\/\/www.fjardhundraland.se\/de\/aldre-inlagg\/"},"img":{"alt_text":"ljusstake Gunilla Lundell","src":"https:\/\/i0.wp.com\/www.fjardhundraland.se\/wp-content\/uploads\/2013\/11\/hand_ljusstake-300x225.jpg?resize=350%2C200&ssl=1","width":350,"height":200},"classes":[]},{"id":5318,"url":"https:\/\/www.fjardhundraland.se\/de\/tuva-tappa\/2018\/tuva-tappa-tradgardsrunda-2018\/","url_meta":{"origin":419,"position":1},"title":"Tuva &amp; T\u00e4ppa 2018","author":"Mats Thorburn","date":"15 Juli 2018","format":false,"excerpt":"Tuva &amp; T\u00e4ppa - Fj\u00e4rdhundraland's garden tour Besuchen Sie die Schaug\u00e4rten und Plantagen am Samstag, den 28. Juli von 11 bis 17 Uhr. Reden Sie mit den Enthusiasten und professionellen G\u00e4rtnern \u00fcber Gartenarbeit und Anbau. Holen Sie sich Anregungen und Tipps, was Sie zu Hause in Ihrem eigenen Beet tun k\u00f6nnen. Teilnehmer Lisa Frisk Melberg H\u00e4rnevi Rotbrunna 12 75696 Enk\u00f6ping Pia Hansson H\u00e4rnevi Rotbrunna...","rel":"","context":"In &quot;Tuva &amp; T\u00e4ppa&quot;","block_context":{"text":"Tuva &amp; T\u00e4ppa","link":"https:\/\/www.fjardhundraland.se\/de\/tuva-tappa\/"},"img":{"alt_text":"Tuva & T\u00e4ppa - bild p\u00e5 blommor i rabatt","src":"https:\/\/i0.wp.com\/www.fjardhundraland.se\/wp-content\/uploads\/2018\/07\/tuva-tappa.jpg?resize=350%2C200&ssl=1","width":350,"height":200,"srcset":"https:\/\/i0.wp.com\/www.fjardhundraland.se\/wp-content\/uploads\/2018\/07\/tuva-tappa.jpg?resize=350%2C200&ssl=1 1x, https:\/\/i0.wp.com\/www.fjardhundraland.se\/wp-content\/uploads\/2018\/07\/tuva-tappa.jpg?resize=525%2C300&ssl=1 1.5x, https:\/\/i0.wp.com\/www.fjardhundraland.se\/wp-content\/uploads\/2018\/07\/tuva-tappa.jpg?resize=700%2C400&ssl=1 2x, https:\/\/i0.wp.com\/www.fjardhundraland.se\/wp-content\/uploads\/2018\/07\/tuva-tappa.jpg?resize=1050%2C600&ssl=1 3x, https:\/\/i0.wp.com\/www.fjardhundraland.se\/wp-content\/uploads\/2018\/07\/tuva-tappa.jpg?resize=1400%2C800&ssl=1 4x"},"classes":[]},{"id":1444,"url":"https:\/\/www.fjardhundraland.se\/de\/externt\/2013\/fjardhundralands-hostglod\/","url_meta":{"origin":419,"position":2},"title":"Fj\u00e4rdhundralands Herbstgl\u00fchen","author":"Ylva Fontell","date":"30 September 2013","format":false,"excerpt":"Am Sonntag, dem 13. Oktober, sind Sie zu einem farbenfrohen Herbstumzug in der Lundellska Galerie in Simtuna eingeladen. Sie k\u00f6nnen regionale Produkte einkaufen, sich im Gew\u00e4chshaus beraten und massieren lassen, eine Pilzausstellung mit der Pilzberaterin Eva Allestedt besuchen oder sich Tipps zu den besten Apfelsorten holen. Es gibt Musik und die Gartenexpertin Lena M\u00e5nsson wird \u00fcber Blumenzwiebeln sprechen. Nehmen Sie ...","rel":"","context":"In &quot;\u00c4ldre inl\u00e4gg&quot;","block_context":{"text":"\u00c4ldre inl\u00e4gg","link":"https:\/\/www.fjardhundraland.se\/de\/aldre-inlagg\/"},"img":{"alt_text":"","src":"","width":0,"height":0},"classes":[]},{"id":2490,"url":"https:\/\/www.fjardhundraland.se\/de\/rebusrunda\/2014\/medverkande-pa-rebusrundan-2014\/","url_meta":{"origin":419,"position":3},"title":"Teilnehmer an der Rebus-Runde 2014","author":"Mats Thorburn","date":"10 August 2014","format":false,"excerpt":"Alsta Gardens - Gartencaf\u00e9 und Galerie. Laufende Ausstellungen: Aquarellist\/Buchillustrator Maj Fagerberg Blumenbilder, K\u00fcnstler Lars Wallin, Vogelbilder. Franz\u00e9n's charcuterie - Bio-W\u00fcrste und erstklassige Wurstwaren von unseren eigenen Linder\u00f6d-Schweinen. Gula Stallets Butik &amp; Kaf\u00e9 - Caf\u00e9 mit hausgemachtem und leichtem Mittagessen und Hofladen mit lokal produzierten und biologischen K\u00f6stlichkeiten. Enten, H\u00fchner, Kaninchen, Schafe, Pferde, Hunde und Katzen. Innenbereich ...","rel":"","context":"In &quot;\u00c4ldre inl\u00e4gg&quot;","block_context":{"text":"\u00c4ldre inl\u00e4gg","link":"https:\/\/www.fjardhundraland.se\/de\/aldre-inlagg\/"},"img":{"alt_text":"","src":"","width":0,"height":0},"classes":[]},{"id":858,"url":"https:\/\/www.fjardhundraland.se\/de\/gardsbutiker\/2023\/pask-i-fjardhundraland\/","url_meta":{"origin":419,"position":4},"title":"Ostern in Fj\u00e4rdhundraland","author":"Mats Thorburn","date":"2 April 2023","format":false,"excerpt":"Ostern bedeutet Ausgehen! \u00dcberall in Fj\u00e4rdhundraland beginnen die Hofl\u00e4den, Caf\u00e9s und G\u00e4rtnereien mit der Vorbereitung auf die Sommersaison. Machen Sie einen Spaziergang zwischen Leckereien und Sehensw\u00fcrdigkeiten. Caf\u00e9 Forsby Mill. Ostertag zwischen 12-16 Uhr: Besichtigung des neuen Caf\u00e9s in der M\u00fchle von Forsby. Tischler TB Lindblom zeigt das Geb\u00e4ude. Goldener Brunnen. Ostertage Freitag-Montag.","rel":"","context":"In &quot;\u00c4ldre inl\u00e4gg&quot;","block_context":{"text":"\u00c4ldre inl\u00e4gg","link":"https:\/\/www.fjardhundraland.se\/de\/aldre-inlagg\/"},"img":{"alt_text":"","src":"https:\/\/i0.wp.com\/www.fjardhundraland.se\/wp-content\/uploads\/2021\/04\/pask-i-fjardhundraland-tupp-och-hona.jpg?resize=350%2C200&ssl=1","width":350,"height":200,"srcset":"https:\/\/i0.wp.com\/www.fjardhundraland.se\/wp-content\/uploads\/2021\/04\/pask-i-fjardhundraland-tupp-och-hona.jpg?resize=350%2C200&ssl=1 1x, https:\/\/i0.wp.com\/www.fjardhundraland.se\/wp-content\/uploads\/2021\/04\/pask-i-fjardhundraland-tupp-och-hona.jpg?resize=525%2C300&ssl=1 1.5x, https:\/\/i0.wp.com\/www.fjardhundraland.se\/wp-content\/uploads\/2021\/04\/pask-i-fjardhundraland-tupp-och-hona.jpg?resize=700%2C400&ssl=1 2x, https:\/\/i0.wp.com\/www.fjardhundraland.se\/wp-content\/uploads\/2021\/04\/pask-i-fjardhundraland-tupp-och-hona.jpg?resize=1050%2C600&ssl=1 3x, https:\/\/i0.wp.com\/www.fjardhundraland.se\/wp-content\/uploads\/2021\/04\/pask-i-fjardhundraland-tupp-och-hona.jpg?resize=1400%2C800&ssl=1 4x"},"classes":[]},{"id":1259,"url":"https:\/\/www.fjardhundraland.se\/de\/hantverk\/2013\/paskgott-och-paskoppet\/","url_meta":{"origin":419,"position":5},"title":"Osterleckereien und Tage der offenen T\u00fcr zu Ostern","author":"Mats Thorburn","date":"30 M\u00e4rz 2013","format":false,"excerpt":"Einige Orte in Fj\u00e4rdhundraland, die man an Ostern besuchen sollte: Gyllene brunnen Dunderbo ljus och hantverk Forsby kvarn kaf\u00e9 Lundellska galleriet Farmor Elsas g\u00e5rdsbageri Kr\u00e5kvilan bageri DOMTA-grisen H\u00e4rnevi plantskola \u00a0","rel":"","context":"In &quot;\u00c4ldre inl\u00e4gg&quot;","block_context":{"text":"\u00c4ldre inl\u00e4gg","link":"https:\/\/www.fjardhundraland.se\/de\/aldre-inlagg\/"},"img":{"alt_text":"","src":"","width":0,"height":0},"classes":[]}],"jetpack_sharing_enabled":true,"_links":{"self":[{"href":"https:\/\/www.fjardhundraland.se\/de\/wp-json\/wp\/v2\/posts\/419","targetHints":{"allow":["GET"]}}],"collection":[{"href":"https:\/\/www.fjardhundraland.se\/de\/wp-json\/wp\/v2\/posts"}],"about":[{"href":"https:\/\/www.fjardhundraland.se\/de\/wp-json\/wp\/v2\/types\/post"}],"author":[{"embeddable":true,"href":"https:\/\/www.fjardhundraland.se\/de\/wp-json\/wp\/v2\/users\/1"}],"replies":[{"embeddable":true,"href":"https:\/\/www.fjardhundraland.se\/de\/wp-json\/wp\/v2\/comments?post=419"}],"version-history":[{"count":1,"href":"https:\/\/www.fjardhundraland.se\/de\/wp-json\/wp\/v2\/posts\/419\/revisions"}],"predecessor-version":[{"id":19752,"href":"https:\/\/www.fjardhundraland.se\/de\/wp-json\/wp\/v2\/posts\/419\/revisions\/19752"}],"wp:attachment":[{"href":"https:\/\/www.fjardhundraland.se\/de\/wp-json\/wp\/v2\/media?parent=419"}],"wp:term":[{"taxonomy":"category","embeddable":true,"href":"https:\/\/www.fjardhundraland.se\/de\/wp-json\/wp\/v2\/categories?post=419"},{"taxonomy":"post_tag","embeddable":true,"href":"https:\/\/www.fjardhundraland.se\/de\/wp-json\/wp\/v2\/tags?post=419"}],"curies":[{"name":"wp","href":"https:\/\/api.w.org\/{rel}","templated":true}]}}