
{"id":4111,"date":"2017-04-28T19:04:50","date_gmt":"2017-04-28T17:04:50","guid":{"rendered":"http:\/\/www.fjardhundraland.se\/?p=4111"},"modified":"2026-02-05T13:43:01","modified_gmt":"2026-02-05T12:43:01","slug":"beteiligen-sie-sich-am-verkauf-auf-dem-rallye-flohmarkt","status":"publish","type":"post","link":"https:\/\/www.fjardhundraland.se\/de\/loppis\/2017\/var-med-och-salj-pa-rallyloppis\/","title":{"rendered":"Beteiligen Sie sich am Verkauf auf dem Rallye-Flohmarkt"},"content":{"rendered":"<p>1-2 Juli werden sein <a href=\"https:\/\/www.fjardhundraland.se\/de\/veranstaltungen\/rallye-rennen\/\">Rallye-Rennen<\/a> in Fj\u00e4rdhundraland. Die Besucher werden zwischen 15 tollen Orten hin- und herreisen - es werden viele Menschen sein!<\/p>\n<p>M\u00f6chten Sie Ihre Sachen bei Rallyloppis verkaufen? An diesen Standorten k\u00f6nnen Sie einen Platz mieten. Buchen Sie noch heute, solange noch Platz vorhanden ist!<\/p>\n<p><a href=\"https:\/\/www.fjardhundraland.se\/de\/gerichte\/butiken-i-loth\/\">Das Gesch\u00e4ft in L\u00f6th<\/a>\u00a0\u2013\u00a0Sara L\u00f6theg\u00e5rd sara@butikeniloth.se 070-250 13 12<br \/>\n<a href=\"https:\/\/www.fjardhundraland.se\/de\/gerichte\/altunagarden\/\">Altuna Dorfhalle<\/a>\u00a0\u2013\u00a0Lis-Britt Eriksson lisbritt@hotmail.com 070-7301814<br \/>\n<a href=\"https:\/\/www.fjardhundraland.se\/de\/gerichte\/axels-hus\/\">Axels Hus &amp; bod<\/a>\u00a0\u2013\u00a0Pia Sundqvist axelshusochbod@gmail.com 070-776 66 48<br \/>\n<a href=\"https:\/\/www.fjardhundraland.se\/de\/gerichte\/krakvilan-bageri\/\">Der Wille der Kr\u00e4he <\/a>\u00a0- Marianne Sj\u00f6din marianne@kr\u00e5kvilan.com 070-688 63 32<br \/>\n<a href=\"https:\/\/www.fjardhundraland.se\/de\/gerichte\/asgarden-uniki-d-sign\/\">Uniki D Zeichen<\/a>\u00a0\u2013\u00a0Anders Nilverud info@uniki.se 070-766 60 69<br \/>\n<a href=\"https:\/\/www.fjardhundraland.se\/de\/gerichte\/osternunda-garten\/\">Bauernhof \u00d6sterunda<\/a> Karl Andersson 070-512 70 25<br \/>\n<a href=\"https:\/\/www.fjardhundraland.se\/de\/gerichte\/lundellska-galerie\/\">Lundellska-Galerie<\/a>\u00a0\u2013\u00a0Gunilla Lundell lundellska.galleriet@telia.com0705-39 04 82<br \/>\n<a href=\"https:\/\/www.fjardhundraland.se\/de\/gerichte\/gula-stallet-butik-kafe\/\">Gula Stallet Shop &amp; Cafe<\/a>\u00a0\u2013\u00a0\u00c5sa Slobodnik info@gulastallet.se 070-605 22 64<br \/>\n<a href=\"https:\/\/www.fjardhundraland.se\/de\/gerichte\/harsbacks-bed-breakfast\/\">KajsaKarins Diverser Handel<\/a> (H\u00e5rsb\u00e4cks B&amp;B) \u2013\u00a0Karin Serrander karin.serrander@telia.com 070-620 14 30<br \/>\n<a href=\"https:\/\/www.fjardhundraland.se\/de\/gerichte\/dunderbo-kerzen-und-kunsthandwerk\/\">Dunderbo Licht &amp; Kunsthandwerk<\/a>\u00a0\u2013\u00a0Annika Jodensvi annikajodensvi@hotmail.com<br \/>\n<a href=\"https:\/\/www.fjardhundraland.se\/de\/gerichte\/thunfisch-tradgard\/\">Thunfischgarten<\/a>\u00a0\u2013\u00a0Birgitta Jerpdal birgitta.jerpdal@telia.com 0171-46 41 60<br \/>\n<a href=\"https:\/\/www.bygdegardarna.se\/safsta\/\" target=\"_blank\" rel=\"noopener\">Dorfhaus S\u00e4fsta<\/a>\u00a0\u2013 Sofia Lindeqvist fia.lindeqvist@telia.com\u00a0 070-5177104<br \/>\n<a href=\"https:\/\/www.fjardhundraland.se\/de\/gerichte\/harnevi-plantskola\/\">G\u00e4rtnerei H\u00e4rnevi<\/a><br \/>\n<a href=\"https:\/\/www.fjardhundraland.se\/de\/gerichte\/faule-gore\/\">Lata pigan<\/a><\/p>\n<p>&nbsp;<\/p>\n<div><\/div>","protected":false},"excerpt":{"rendered":"<p>1\u20132 juli blir det Rallyloppis i Fj\u00e4rdhundraland. Bes\u00f6karna \u00e5ker runt mellan 15 fina st\u00e4llen \u2013 d\u00e4r kommer det att bli mycket folk! Vill du s\u00e4lja dina grejer p\u00e5 Rallyloppis? P\u00e5 de h\u00e4r platserna kan du hyra in dig. Boka in dig idag medan det finns plats kvar! Butiken i L\u00f6th\u00a0\u2013\u00a0Sara L\u00f6theg\u00e5rd sara@butikeniloth.se 070-250 13 12 [&hellip;]<\/p>\n","protected":false},"author":1,"featured_media":0,"comment_status":"closed","ping_status":"closed","sticky":false,"template":"","format":"standard","meta":{"_acf_changed":false,"_relevanssi_hide_post":"","_relevanssi_hide_content":"","_relevanssi_pin_for_all":"","_relevanssi_pin_keywords":"","_relevanssi_unpin_keywords":"","_relevanssi_related_keywords":"","_relevanssi_related_include_ids":"","_relevanssi_related_exclude_ids":"","_relevanssi_related_no_append":"","_relevanssi_related_not_related":"","_relevanssi_related_posts":"","_relevanssi_noindex_reason":"Rank Math Uteslut fr\u00e5n Relevanssi index","_genesis_hide_title":false,"_genesis_hide_breadcrumbs":false,"_genesis_hide_singular_image":false,"_genesis_hide_footer_widgets":false,"_genesis_custom_body_class":"","_genesis_custom_post_class":"","_genesis_layout":"","_jetpack_memberships_contains_paid_content":false,"footnotes":""},"categories":[65,353,25],"tags":[352,243],"class_list":{"0":"post-4111","1":"post","2":"type-post","3":"status-publish","4":"format-standard","6":"category-loppis","7":"category-aldre-inlagg","8":"category-upplevelser","9":"tag-aldre-inlagg","10":"tag-rallyloppis","11":"entry"},"acf":[],"visa":null,"geo_latitude":null,"geo_longitude":null,"jetpack_featured_media_url":"","featured_image_src":null,"featured_image_src_square":null,"author_info":{"display_name":"Mats Thorburn","author_link":"https:\/\/www.fjardhundraland.se\/de\/author\/matst\/"},"jetpack-related-posts":[{"id":5270,"url":"https:\/\/www.fjardhundraland.se\/de\/loppis\/2018\/rallyloppis-2018\/","url_meta":{"origin":4111,"position":0},"title":"Rallyloppis 2018 nicht organisiert von Fj\u00e4rdhundraland","author":"Mats Thorburn","date":"4 Juli 2018","format":false,"excerpt":"Dieses Jahr ist Fj\u00e4rdhundraland nicht an der Organisation der Rallyloppis in Fj\u00e4rdhundrabygden beteiligt. Stattdessen haben wir im Mai die Loppisrundan organisiert. Aber vom 7. bis 8. Juli l\u00e4dt der Verein Fj\u00e4rd100% zur Rallyloppis ein, u.a. mit unseren Mitgliedern Lundellska Galleriet, Altunag\u00e5rden, H\u00e5rsb\u00e4cks Bed &amp; Breakfast (Kajsa Karins Diversehandel) und H\u00e4rnevi Plantskola. F\u00fcr weitere Informationen kontaktieren Sie Tina Bergman,...","rel":"","context":"In &quot;Loppis&quot;","block_context":{"text":"Loppis","link":"https:\/\/www.fjardhundraland.se\/de\/loppis\/"},"img":{"alt_text":"Annons f\u00f6r Rallyloppis","src":"https:\/\/i0.wp.com\/www.fjardhundraland.se\/wp-content\/uploads\/2018\/07\/rallyloppis.jpg?resize=350%2C200&ssl=1","width":350,"height":200,"srcset":"https:\/\/i0.wp.com\/www.fjardhundraland.se\/wp-content\/uploads\/2018\/07\/rallyloppis.jpg?resize=350%2C200&ssl=1 1x, https:\/\/i0.wp.com\/www.fjardhundraland.se\/wp-content\/uploads\/2018\/07\/rallyloppis.jpg?resize=525%2C300&ssl=1 1.5x, https:\/\/i0.wp.com\/www.fjardhundraland.se\/wp-content\/uploads\/2018\/07\/rallyloppis.jpg?resize=700%2C400&ssl=1 2x, https:\/\/i0.wp.com\/www.fjardhundraland.se\/wp-content\/uploads\/2018\/07\/rallyloppis.jpg?resize=1050%2C600&ssl=1 3x, https:\/\/i0.wp.com\/www.fjardhundraland.se\/wp-content\/uploads\/2018\/07\/rallyloppis.jpg?resize=1400%2C800&ssl=1 4x"},"classes":[]},{"id":4235,"url":"https:\/\/www.fjardhundraland.se\/de\/utflykt\/2017\/ak-pa-rallyloppis-1-och-2-juli\/","url_meta":{"origin":4111,"position":1},"title":"Besuchen Sie die Rallyloppis am 1. und 2. Juli!","author":"Mats Thorburn","date":"24 Mai 2017","format":false,"excerpt":"Die Zeit ist jetzt! Am Wochenende des 1. und 2. Juli ist die Rallyloppis - eine Runde von 80 Anbietern an 14 Standorten gibt! Wo: siehe Karte. Wann: 1. und 2. Juli 2017 von 11-16 Uhr. Teilnehmer Butiken i L\u00f6th - Sieben Verk\u00e4ufer + Butiken i L\u00f6ths eigener Flohmarkt. Fika verf\u00fcgbar! Altuna Bygdeg\u00e5rd - 12 Aussteller mit allem dazwischen...","rel":"","context":"In &quot;Utflykt&quot;","block_context":{"text":"Utflykt","link":"https:\/\/www.fjardhundraland.se\/de\/utflykt\/"},"img":{"alt_text":"","src":"https:\/\/i0.wp.com\/www.fjardhundraland.se\/wp-content\/uploads\/2017\/05\/raps-vag-rallyloppis.jpg?resize=350%2C200&ssl=1","width":350,"height":200,"srcset":"https:\/\/i0.wp.com\/www.fjardhundraland.se\/wp-content\/uploads\/2017\/05\/raps-vag-rallyloppis.jpg?resize=350%2C200&ssl=1 1x, https:\/\/i0.wp.com\/www.fjardhundraland.se\/wp-content\/uploads\/2017\/05\/raps-vag-rallyloppis.jpg?resize=525%2C300&ssl=1 1.5x, https:\/\/i0.wp.com\/www.fjardhundraland.se\/wp-content\/uploads\/2017\/05\/raps-vag-rallyloppis.jpg?resize=700%2C400&ssl=1 2x, https:\/\/i0.wp.com\/www.fjardhundraland.se\/wp-content\/uploads\/2017\/05\/raps-vag-rallyloppis.jpg?resize=1050%2C600&ssl=1 3x, https:\/\/i0.wp.com\/www.fjardhundraland.se\/wp-content\/uploads\/2017\/05\/raps-vag-rallyloppis.jpg?resize=1400%2C800&ssl=1 4x"},"classes":[]},{"id":4379,"url":"https:\/\/www.fjardhundraland.se\/de\/rallyloppis\/2017\/tack-hjalpen-loppisvanner\/","url_meta":{"origin":4111,"position":2},"title":"Danke f\u00fcr die Hilfe, Flohmarktfreunde!","author":"Mats Thorburn","date":"3 Juli 2017","format":false,"excerpt":"An diesem Wochenende schien die Sonne auf uns! Die Rallyloppis war ein gro\u00dfer Erfolg mit Tausenden von Besuchern aus ganz Mittelschweden. Aber wie hat es Ihnen gefallen, die Sie uns an diesem Wochenende besucht haben? Sie k\u00f6nnen uns helfen, die Runde im n\u00e4chsten Jahr noch besser zu machen, indem Sie uns ein paar Fragen beantworten. Danke f\u00fcrs Kommen - und danke...","rel":"","context":"In &quot;Rallyloppis&quot;","block_context":{"text":"Rallyloppis","link":"https:\/\/www.fjardhundraland.se\/de\/rallyloppis\/"},"img":{"alt_text":"Bord p\u00e5 rallyloppis","src":"https:\/\/i0.wp.com\/www.fjardhundraland.se\/wp-content\/uploads\/2017\/07\/rallyloppis-bord.jpg?resize=350%2C200&ssl=1","width":350,"height":200,"srcset":"https:\/\/i0.wp.com\/www.fjardhundraland.se\/wp-content\/uploads\/2017\/07\/rallyloppis-bord.jpg?resize=350%2C200&ssl=1 1x, https:\/\/i0.wp.com\/www.fjardhundraland.se\/wp-content\/uploads\/2017\/07\/rallyloppis-bord.jpg?resize=525%2C300&ssl=1 1.5x, https:\/\/i0.wp.com\/www.fjardhundraland.se\/wp-content\/uploads\/2017\/07\/rallyloppis-bord.jpg?resize=700%2C400&ssl=1 2x, https:\/\/i0.wp.com\/www.fjardhundraland.se\/wp-content\/uploads\/2017\/07\/rallyloppis-bord.jpg?resize=1050%2C600&ssl=1 3x, https:\/\/i0.wp.com\/www.fjardhundraland.se\/wp-content\/uploads\/2017\/07\/rallyloppis-bord.jpg?resize=1400%2C800&ssl=1 4x"},"classes":[]},{"id":5809,"url":"https:\/\/www.fjardhundraland.se\/de\/rallyloppis\/2019\/loppisrundan-2019\/","url_meta":{"origin":4111,"position":3},"title":"Die Flohmarktrunde im Jahr 2021","author":"Mats Thorburn","date":"24 Juni 2019","format":false,"excerpt":"Am 6. und 7. Juli findet in Fj\u00e4rdhundraland ein Flohmarkt statt. Lesen Sie hier mehr.","rel":"","context":"In &quot;Rallyloppis&quot;","block_context":{"text":"Rallyloppis","link":"https:\/\/www.fjardhundraland.se\/de\/rallyloppis\/"},"img":{"alt_text":"","src":"https:\/\/i0.wp.com\/www.fjardhundraland.se\/wp-content\/uploads\/2019\/06\/cropped-loppisrundan.jpg?resize=350%2C200&ssl=1","width":350,"height":200,"srcset":"https:\/\/i0.wp.com\/www.fjardhundraland.se\/wp-content\/uploads\/2019\/06\/cropped-loppisrundan.jpg?resize=350%2C200&ssl=1 1x, https:\/\/i0.wp.com\/www.fjardhundraland.se\/wp-content\/uploads\/2019\/06\/cropped-loppisrundan.jpg?resize=525%2C300&ssl=1 1.5x, https:\/\/i0.wp.com\/www.fjardhundraland.se\/wp-content\/uploads\/2019\/06\/cropped-loppisrundan.jpg?resize=700%2C400&ssl=1 2x, https:\/\/i0.wp.com\/www.fjardhundraland.se\/wp-content\/uploads\/2019\/06\/cropped-loppisrundan.jpg?resize=1050%2C600&ssl=1 3x, https:\/\/i0.wp.com\/www.fjardhundraland.se\/wp-content\/uploads\/2019\/06\/cropped-loppisrundan.jpg?resize=1400%2C800&ssl=1 4x"},"classes":[]},{"id":3293,"url":"https:\/\/www.fjardhundraland.se\/de\/press\/2016\/tre-kafeer-fran-fjardhundraland-nya-white-guide\/","url_meta":{"origin":4111,"position":4},"title":"Drei Fj\u00e4rdhundraland-Caf\u00e9s im neuen White Guide","author":"Mats Thorburn","date":"13 Mai 2016","format":false,"excerpt":"Jetzt steht fest, welche Caf\u00e9s in die diesj\u00e4hrige Ausgabe des White Guide Caf\u00e9 aufgenommen werden. Bisher haben neun Caf\u00e9s aus Uppland das Nadel\u00f6hr passiert - und in diesem Jahr kommen nicht weniger als drei Caf\u00e9s aus Fj\u00e4rdhundraland hinzu. Das Forsby kvarn caf\u00e9, die B\u00e4ckerei Kr\u00e5kvilan und der Bauernhof Resta haben...","rel":"","context":"In &quot;Press&quot;","block_context":{"text":"Press","link":"https:\/\/www.fjardhundraland.se\/de\/press\/"},"img":{"alt_text":"Kr\u00e5kvilan Marianne","src":"https:\/\/i0.wp.com\/www.fjardhundraland.se\/wp-content\/uploads\/2014\/02\/Krakvilan_Marianne.jpg?resize=350%2C200&ssl=1","width":350,"height":200,"srcset":"https:\/\/i0.wp.com\/www.fjardhundraland.se\/wp-content\/uploads\/2014\/02\/Krakvilan_Marianne.jpg?resize=350%2C200&ssl=1 1x, https:\/\/i0.wp.com\/www.fjardhundraland.se\/wp-content\/uploads\/2014\/02\/Krakvilan_Marianne.jpg?resize=525%2C300&ssl=1 1.5x, https:\/\/i0.wp.com\/www.fjardhundraland.se\/wp-content\/uploads\/2014\/02\/Krakvilan_Marianne.jpg?resize=700%2C400&ssl=1 2x, https:\/\/i0.wp.com\/www.fjardhundraland.se\/wp-content\/uploads\/2014\/02\/Krakvilan_Marianne.jpg?resize=1050%2C600&ssl=1 3x, https:\/\/i0.wp.com\/www.fjardhundraland.se\/wp-content\/uploads\/2014\/02\/Krakvilan_Marianne.jpg?resize=1400%2C800&ssl=1 4x"},"classes":[]},{"id":5439,"url":"https:\/\/www.fjardhundraland.se\/de\/marknad-2\/2018\/julmarknad-salnecke-slott-2018\/","url_meta":{"origin":4111,"position":5},"title":"Weihnachtsmarkt auf Schloss Salnecke","author":"Mats Thorburn","date":"7 November 2018","format":false,"excerpt":"Am 16. Dezember von 11-16 Uhr ist die Premiere des neuen Weihnachtsmarktes auf Schloss Salnecke, \u00d6rsundsbro! Im gro\u00dfen Gew\u00e4chshaus unterhalb des Schlosses wird historisches und modernes Lebensmittelhandwerk f\u00fcr die Weihnachtstafel aufgetischt - K\u00e4se, Wurst, Brot, Upplandskubb. Au\u00dferdem erg\u00e4nzen wir mit hochwertigem, lokalem Handwerk und Aktivit\u00e4ten rund um das Schloss. Ein Schloss aus dem 17. Jahrhundert in...","rel":"","context":"In &quot;Marknad&quot;","block_context":{"text":"Marknad","link":"https:\/\/www.fjardhundraland.se\/de\/marknad-2\/"},"img":{"alt_text":"Salnecke julmarknad","src":"https:\/\/i0.wp.com\/www.fjardhundraland.se\/wp-content\/uploads\/2018\/11\/salnecke-julmarknad.jpg?resize=350%2C200&ssl=1","width":350,"height":200,"srcset":"https:\/\/i0.wp.com\/www.fjardhundraland.se\/wp-content\/uploads\/2018\/11\/salnecke-julmarknad.jpg?resize=350%2C200&ssl=1 1x, https:\/\/i0.wp.com\/www.fjardhundraland.se\/wp-content\/uploads\/2018\/11\/salnecke-julmarknad.jpg?resize=525%2C300&ssl=1 1.5x, https:\/\/i0.wp.com\/www.fjardhundraland.se\/wp-content\/uploads\/2018\/11\/salnecke-julmarknad.jpg?resize=700%2C400&ssl=1 2x, https:\/\/i0.wp.com\/www.fjardhundraland.se\/wp-content\/uploads\/2018\/11\/salnecke-julmarknad.jpg?resize=1050%2C600&ssl=1 3x, https:\/\/i0.wp.com\/www.fjardhundraland.se\/wp-content\/uploads\/2018\/11\/salnecke-julmarknad.jpg?resize=1400%2C800&ssl=1 4x"},"classes":[]}],"jetpack_sharing_enabled":true,"_links":{"self":[{"href":"https:\/\/www.fjardhundraland.se\/de\/wp-json\/wp\/v2\/posts\/4111","targetHints":{"allow":["GET"]}}],"collection":[{"href":"https:\/\/www.fjardhundraland.se\/de\/wp-json\/wp\/v2\/posts"}],"about":[{"href":"https:\/\/www.fjardhundraland.se\/de\/wp-json\/wp\/v2\/types\/post"}],"author":[{"embeddable":true,"href":"https:\/\/www.fjardhundraland.se\/de\/wp-json\/wp\/v2\/users\/1"}],"replies":[{"embeddable":true,"href":"https:\/\/www.fjardhundraland.se\/de\/wp-json\/wp\/v2\/comments?post=4111"}],"version-history":[{"count":1,"href":"https:\/\/www.fjardhundraland.se\/de\/wp-json\/wp\/v2\/posts\/4111\/revisions"}],"predecessor-version":[{"id":19626,"href":"https:\/\/www.fjardhundraland.se\/de\/wp-json\/wp\/v2\/posts\/4111\/revisions\/19626"}],"wp:attachment":[{"href":"https:\/\/www.fjardhundraland.se\/de\/wp-json\/wp\/v2\/media?parent=4111"}],"wp:term":[{"taxonomy":"category","embeddable":true,"href":"https:\/\/www.fjardhundraland.se\/de\/wp-json\/wp\/v2\/categories?post=4111"},{"taxonomy":"post_tag","embeddable":true,"href":"https:\/\/www.fjardhundraland.se\/de\/wp-json\/wp\/v2\/tags?post=4111"}],"curies":[{"name":"wp","href":"https:\/\/api.w.org\/{rel}","templated":true}]}}