
{"id":41,"date":"2011-02-02T10:20:08","date_gmt":"2011-02-02T09:20:08","guid":{"rendered":"http:\/\/www.fjardhundraland.se\/?p=41"},"modified":"2026-02-05T13:40:42","modified_gmt":"2026-02-05T12:40:42","slug":"fjardhundraland-wirtschaftsverband-jetzt-gestartet","status":"publish","type":"post","link":"https:\/\/www.fjardhundraland.se\/de\/externt\/2011\/nu-startar-fjardhundraland-ekonomisk-forening\/","title":{"rendered":"Jetzt startet Fj\u00e4rdhundraland Wirtschaftsvereinigung"},"content":{"rendered":"<p>Fj\u00e4rdhundraland ek. for. wird eine Plattform f\u00fcr Tourismus, Wirtschaft und kommunale Entwicklung sein. <a title=\"Mitgliedsregistrierung Fj\u00e4rdhundraland\" href=\"https:\/\/www.fjardhundrabygden.se\/fjardhundraland\/medlemsanmalan.html\" target=\"_blank\" rel=\"noopener\">Mitglied werden<\/a> Teil eines spannenden Entwicklungsprojekts zu sein - f\u00fcr neue Kontakte und zuk\u00fcnftige M\u00f6glichkeiten.<\/p>","protected":false},"excerpt":{"rendered":"<p>Fj\u00e4rdhundraland ek. for. wird eine Plattform f\u00fcr Tourismus-, Wirtschafts- und Dorfentwicklung sein. Werden Sie Mitglied, um Teil eines spannenden Entwicklungsprojektes zu sein - f\u00fcr neue Kontakte und Zukunftschancen.<\/p>","protected":false},"author":1,"featured_media":0,"comment_status":"open","ping_status":"open","sticky":false,"template":"","format":"standard","meta":{"_acf_changed":false,"_relevanssi_hide_post":"","_relevanssi_hide_content":"","_relevanssi_pin_for_all":"","_relevanssi_pin_keywords":"","_relevanssi_unpin_keywords":"","_relevanssi_related_keywords":"","_relevanssi_related_include_ids":"","_relevanssi_related_exclude_ids":"","_relevanssi_related_no_append":"","_relevanssi_related_not_related":"","_relevanssi_related_posts":"","_relevanssi_noindex_reason":"Rank Math Uteslut fr\u00e5n Relevanssi index","_genesis_hide_title":false,"_genesis_hide_breadcrumbs":false,"_genesis_hide_singular_image":false,"_genesis_hide_footer_widgets":false,"_genesis_custom_body_class":"","_genesis_custom_post_class":"","_genesis_layout":"","_jetpack_memberships_contains_paid_content":false,"footnotes":""},"categories":[353,18],"tags":[352],"class_list":{"0":"post-41","1":"post","2":"type-post","3":"status-publish","4":"format-standard","6":"category-aldre-inlagg","7":"category-externt","8":"tag-aldre-inlagg","9":"entry"},"acf":[],"visa":null,"geo_latitude":null,"geo_longitude":null,"jetpack_featured_media_url":"","featured_image_src":null,"featured_image_src_square":null,"author_info":{"display_name":"Mats Thorburn","author_link":"https:\/\/www.fjardhundraland.se\/de\/author\/matst\/"},"jetpack-related-posts":[{"id":3604,"url":"https:\/\/www.fjardhundraland.se\/de\/inlagg\/2016\/vad-tyckte-du-om-mat-manniskor\/","url_meta":{"origin":41,"position":0},"title":"Wie hat Ihnen Food &amp; People gefallen?","author":"Mats Thorburn","date":"25 September 2016","format":false,"excerpt":"Hatten Sie einen guten Tag in Fj\u00e4rdhundraland? Sagen Sie uns hier, was Sie denken. Drei Gewinner erhalten lokal produzierte Lebensmittel - f\u00fcr die Teilnahme am Wettbewerb ist es jetzt zu sp\u00e4t, aber Sie k\u00f6nnen uns immer noch Ihre Meinung mitteilen! Die Gewinner haben jetzt ihre Preise erhalten. Herzlichen Gl\u00fcckwunsch an die Gewinner!","rel":"","context":"In &quot;\u00c4ldre inl\u00e4gg&quot;","block_context":{"text":"\u00c4ldre inl\u00e4gg","link":"https:\/\/www.fjardhundraland.se\/de\/aldre-inlagg\/"},"img":{"alt_text":"","src":"https:\/\/i0.wp.com\/www.fjardhundraland.se\/wp-content\/uploads\/2016\/09\/mmfb.jpg?resize=350%2C200&ssl=1","width":350,"height":200,"srcset":"https:\/\/i0.wp.com\/www.fjardhundraland.se\/wp-content\/uploads\/2016\/09\/mmfb.jpg?resize=350%2C200&ssl=1 1x, https:\/\/i0.wp.com\/www.fjardhundraland.se\/wp-content\/uploads\/2016\/09\/mmfb.jpg?resize=525%2C300&ssl=1 1.5x, https:\/\/i0.wp.com\/www.fjardhundraland.se\/wp-content\/uploads\/2016\/09\/mmfb.jpg?resize=700%2C400&ssl=1 2x, https:\/\/i0.wp.com\/www.fjardhundraland.se\/wp-content\/uploads\/2016\/09\/mmfb.jpg?resize=1050%2C600&ssl=1 3x"},"classes":[]},{"id":1191,"url":"https:\/\/www.fjardhundraland.se\/de\/inlagg\/2012\/oppet-hus-i-fjardhundraland-18-november\/","url_meta":{"origin":41,"position":1},"title":"Tag der offenen T\u00fcr in Fj\u00e4rdhundraland am 18. November","author":"Mats Thorburn","date":"2 Oktober 2012","format":false,"excerpt":"Am Sonntag, den 18. November von 16-19.30 Uhr sind Sie herzlich eingeladen, im Haus der Kirche in Fj\u00e4rdhundra zu sprechen! Wir zeigen um 17-18 Uhr einen Ausschnitt aus dem Film des Theatererfolgs \u201dDet susar\u201d von diesem Sommer. Mini-Messe mit den kleinen Unternehmen des Dorfes. Nutzen Sie die Gelegenheit, lokal produzierte Lebensmittel und Kaffee zu kaufen. Erfahren Sie mehr \u00fcber Unternehmertum mit dem Projekt Entrepreneurship in...","rel":"","context":"In &quot;\u00c4ldre inl\u00e4gg&quot;","block_context":{"text":"\u00c4ldre inl\u00e4gg","link":"https:\/\/www.fjardhundraland.se\/de\/aldre-inlagg\/"},"img":{"alt_text":"Det susar","src":"https:\/\/i0.wp.com\/www.fjardhundraland.se\/wp-content\/uploads\/2012\/10\/detsusar-630x403.jpg?resize=350%2C200&ssl=1","width":350,"height":200,"srcset":"https:\/\/i0.wp.com\/www.fjardhundraland.se\/wp-content\/uploads\/2012\/10\/detsusar-630x403.jpg?resize=350%2C200&ssl=1 1x, https:\/\/i0.wp.com\/www.fjardhundraland.se\/wp-content\/uploads\/2012\/10\/detsusar-630x403.jpg?resize=525%2C300&ssl=1 1.5x"},"classes":[]},{"id":264,"url":"https:\/\/www.fjardhundraland.se\/de\/externt\/2011\/premiartur-i-fjardhundraland\/","url_meta":{"origin":41,"position":2},"title":"Premiere-Tour in Fj\u00e4rdhundraland","author":"Ylva Fontell","date":"19 Mai 2011","format":false,"excerpt":"Am Mittwoch, den 18. Mai, war die Premiere der Pauschalreisen im Dorf. Die erste Gruppe erlebte einen sonnigen Tag mit lokal produzierten K\u00f6stlichkeiten, kuscheligen L\u00e4mmchen und Fj\u00e4rdhundraland in Fr\u00fchlingsfarben. Nun hoffen wir auf neue zufriedene Besucher bei den restlichen Reisen. Mehr Infos unter Pauschalreisen.","rel":"","context":"In &quot;\u00c4ldre inl\u00e4gg&quot;","block_context":{"text":"\u00c4ldre inl\u00e4gg","link":"https:\/\/www.fjardhundraland.se\/de\/aldre-inlagg\/"},"img":{"alt_text":"","src":"","width":0,"height":0},"classes":[]},{"id":13,"url":"https:\/\/www.fjardhundraland.se\/de\/externt\/2010\/fjardhundraland\/","url_meta":{"origin":41,"position":3},"title":"Fj\u00e4rdhundraland","author":"Mats Thorburn","date":"12 Oktober 2010","format":false,"excerpt":"Fj\u00e4rdhundraland ist die moderne Interpretation des mittelalterlichen Volkslandes Fj\u00e4drundaland. Hier, in der Gegend um Fj\u00e4rdhundra n\u00f6rdlich von Enk\u00f6ping, finden Sie eine lebendige Landschaft mit Geschichte, aber auch aufstrebende kleine Unternehmen: Caf\u00e9s, Unterk\u00fcnfte und Hofl\u00e4den. Tolle Erlebnisse f\u00fcr Besucher in einem alten Dorf. Herzlich willkommen hier! Wer wei\u00df, vielleicht werden Sie sogar...","rel":"","context":"In &quot;\u00c4ldre inl\u00e4gg&quot;","block_context":{"text":"\u00c4ldre inl\u00e4gg","link":"https:\/\/www.fjardhundraland.se\/de\/aldre-inlagg\/"},"img":{"alt_text":"","src":"","width":0,"height":0},"classes":[]},{"id":2950,"url":"https:\/\/www.fjardhundraland.se\/de\/inlagg\/2015\/sekelskiftesmarknad-pa-hostglod-i-fjardhundraland\/","url_meta":{"origin":41,"position":4},"title":"Sekelskiftes-Markt in H\u00f6stgl\u00f6d in Fj\u00e4rdhundraland","author":"Mats Thorburn","date":"28 September 2015","format":false,"excerpt":"Am 10. und 11. Oktober l\u00e4dt Fj\u00e4rdhundraland Sie zu einem altmodischen Markt im Dorf Altuna ein. Sie werden Mitglieder von Fj\u00e4rdhundraland und eine Reihe von eingeladenen Ausstellern treffen, Musik h\u00f6ren und vieles mehr. Mehr Informationen finden Sie hier.","rel":"","context":"In &quot;\u00c4ldre inl\u00e4gg&quot;","block_context":{"text":"\u00c4ldre inl\u00e4gg","link":"https:\/\/www.fjardhundraland.se\/de\/aldre-inlagg\/"},"img":{"alt_text":"","src":"","width":0,"height":0},"classes":[]},{"id":124,"url":"https:\/\/www.fjardhundraland.se\/de\/externt\/2011\/programmet-ar-har\/","url_meta":{"origin":41,"position":5},"title":"Das Programm finden Sie hier","author":"Mats Thorburn","date":"11 Mai 2011","format":false,"excerpt":"Fj\u00e4rdhundraland bietet am Samstag ein reichhaltiges Programm auf dem Platz in Enk\u00f6ping. Das Programm f\u00fcr die B\u00fchne und das M\u00e4rchenzelt steht jetzt fest. Lesen Sie hier mehr.","rel":"","context":"In &quot;\u00c4ldre inl\u00e4gg&quot;","block_context":{"text":"\u00c4ldre inl\u00e4gg","link":"https:\/\/www.fjardhundraland.se\/de\/aldre-inlagg\/"},"img":{"alt_text":"","src":"","width":0,"height":0},"classes":[]}],"jetpack_sharing_enabled":true,"_links":{"self":[{"href":"https:\/\/www.fjardhundraland.se\/de\/wp-json\/wp\/v2\/posts\/41","targetHints":{"allow":["GET"]}}],"collection":[{"href":"https:\/\/www.fjardhundraland.se\/de\/wp-json\/wp\/v2\/posts"}],"about":[{"href":"https:\/\/www.fjardhundraland.se\/de\/wp-json\/wp\/v2\/types\/post"}],"author":[{"embeddable":true,"href":"https:\/\/www.fjardhundraland.se\/de\/wp-json\/wp\/v2\/users\/1"}],"replies":[{"embeddable":true,"href":"https:\/\/www.fjardhundraland.se\/de\/wp-json\/wp\/v2\/comments?post=41"}],"version-history":[{"count":1,"href":"https:\/\/www.fjardhundraland.se\/de\/wp-json\/wp\/v2\/posts\/41\/revisions"}],"predecessor-version":[{"id":19775,"href":"https:\/\/www.fjardhundraland.se\/de\/wp-json\/wp\/v2\/posts\/41\/revisions\/19775"}],"wp:attachment":[{"href":"https:\/\/www.fjardhundraland.se\/de\/wp-json\/wp\/v2\/media?parent=41"}],"wp:term":[{"taxonomy":"category","embeddable":true,"href":"https:\/\/www.fjardhundraland.se\/de\/wp-json\/wp\/v2\/categories?post=41"},{"taxonomy":"post_tag","embeddable":true,"href":"https:\/\/www.fjardhundraland.se\/de\/wp-json\/wp\/v2\/tags?post=41"}],"curies":[{"name":"wp","href":"https:\/\/api.w.org\/{rel}","templated":true}]}}