
{"id":399,"date":"2011-07-04T12:41:52","date_gmt":"2011-07-04T10:41:52","guid":{"rendered":"http:\/\/www.fjardhundraland.se\/?p=399"},"modified":"2026-02-05T13:40:41","modified_gmt":"2026-02-05T12:40:41","slug":"kostlichkeiten-und-handwerk-am-mittwoch","status":"publish","type":"post","link":"https:\/\/www.fjardhundraland.se\/de\/hantverk\/2011\/delikatesser-och-hantverk-pa-onsdag\/","title":{"rendered":"K\u00f6stlichkeiten und Handwerk am Mittwoch"},"content":{"rendered":"<p>Am Mittwoch hat die <a title=\"Pauschalreisen in Fj\u00e4rdhundraland\" href=\"https:\/\/www.fjardhundraland.se\/de\/paketresor-i-fjardhundraland\/\">die Reise mit lokal produzierten K\u00f6stlichkeiten und Kunsthandwerk<\/a>. Es gibt noch ein paar Pl\u00e4tze! Aber die letzte Chance zu buchen ist heute, Montag, 7.4. Rufen Sie Lena Carlsson an, 070-695 92 05. Die Reise muss im Voraus gebucht werden.<\/p>","protected":false},"excerpt":{"rendered":"<p>Am Mittwoch werden auf der Reise lokale K\u00f6stlichkeiten und Handwerksprodukte angeboten. Es gibt noch ein paar Pl\u00e4tze! Die letzte Chance zur Buchung ist heute, Montag, der 7.4. Rufen Sie Lena Carlsson an, 070-695 92 05. Die Reise muss im Voraus gebucht werden.<\/p>","protected":false},"author":1,"featured_media":0,"comment_status":"open","ping_status":"open","sticky":false,"template":"","format":"standard","meta":{"_acf_changed":false,"_relevanssi_hide_post":"","_relevanssi_hide_content":"","_relevanssi_pin_for_all":"","_relevanssi_pin_keywords":"","_relevanssi_unpin_keywords":"","_relevanssi_related_keywords":"","_relevanssi_related_include_ids":"","_relevanssi_related_exclude_ids":"","_relevanssi_related_no_append":"","_relevanssi_related_not_related":"","_relevanssi_related_posts":"","_relevanssi_noindex_reason":"Rank Math Uteslut fr\u00e5n Relevanssi index","_genesis_hide_title":false,"_genesis_hide_breadcrumbs":false,"_genesis_hide_singular_image":false,"_genesis_hide_footer_widgets":false,"_genesis_custom_body_class":"","_genesis_custom_post_class":"","_genesis_layout":"","_jetpack_memberships_contains_paid_content":false,"footnotes":""},"categories":[353,18,15,22,26],"tags":[352],"class_list":{"0":"post-399","1":"post","2":"type-post","3":"status-publish","4":"format-standard","6":"category-aldre-inlagg","7":"category-externt","8":"category-hantverk","9":"category-mat","10":"category-paketresor","11":"tag-aldre-inlagg","12":"entry"},"acf":[],"visa":null,"geo_latitude":null,"geo_longitude":null,"jetpack_featured_media_url":"","featured_image_src":null,"featured_image_src_square":null,"author_info":{"display_name":"Mats Thorburn","author_link":"https:\/\/www.fjardhundraland.se\/de\/author\/matst\/"},"jetpack-related-posts":[{"id":343,"url":"https:\/\/www.fjardhundraland.se\/de\/externt\/2011\/snart-fullbokat-lokala-delikatesser-genuint-hantverk\/","url_meta":{"origin":399,"position":0},"title":"Bald ausgebucht: Lokale K\u00f6stlichkeiten &amp; echtes Handwerk","author":"Mats Thorburn","date":"9 Juni 2011","format":false,"excerpt":"Nutzen Sie die Chance - es gibt nur noch wenige Pl\u00e4tze! Ein ganzer Tag mit gutem Essen und feinem Handwerk. Sehen, h\u00f6ren und schmecken: \u00fcber handwerkliche Traditionen und die Herstellung von Lebensmitteln in kleinen Betrieben. Die Reise beginnt am Enk\u00f6ping 6\/7 und 20\/7. Lesen Sie hier mehr.","rel":"","context":"In &quot;\u00c4ldre inl\u00e4gg&quot;","block_context":{"text":"\u00c4ldre inl\u00e4gg","link":"https:\/\/www.fjardhundraland.se\/de\/aldre-inlagg\/"},"img":{"alt_text":"","src":"","width":0,"height":0},"classes":[]},{"id":2258,"url":"https:\/\/www.fjardhundraland.se\/de\/hantverk\/2014\/majoppet-siggesta-vavstuga\/","url_meta":{"origin":399,"position":1},"title":"Maifeiertag in der Weberei Siggesta","author":"Mats Thorburn","date":"3 Mai 2014","format":false,"excerpt":"An drei Mittwochs-Tagen im Mai hat das Webereizentrum Siggesta einen Tag der offenen T\u00fcr. Dort k\u00f6nnen Sie altmodische Handarbeiten anschauen und kaufen - die Sie im modernen Haushalt verwenden k\u00f6nnen. Es wird guter Kaffee mit hausgemachtem Geb\u00e4ck serviert! Infos unter 073-801 15 22. Drei Mittwoche im Mai 2014: 7., 14. und 21. um 17 Uhr...","rel":"","context":"In &quot;\u00c4ldre inl\u00e4gg&quot;","block_context":{"text":"\u00c4ldre inl\u00e4gg","link":"https:\/\/www.fjardhundraland.se\/de\/aldre-inlagg\/"},"img":{"alt_text":"","src":"https:\/\/i0.wp.com\/www.fjardhundraland.se\/wp-content\/uploads\/2014\/03\/siggesta.jpg?resize=350%2C200&ssl=1","width":350,"height":200,"srcset":"https:\/\/i0.wp.com\/www.fjardhundraland.se\/wp-content\/uploads\/2014\/03\/siggesta.jpg?resize=350%2C200&ssl=1 1x, https:\/\/i0.wp.com\/www.fjardhundraland.se\/wp-content\/uploads\/2014\/03\/siggesta.jpg?resize=525%2C300&ssl=1 1.5x, https:\/\/i0.wp.com\/www.fjardhundraland.se\/wp-content\/uploads\/2014\/03\/siggesta.jpg?resize=700%2C400&ssl=1 2x, https:\/\/i0.wp.com\/www.fjardhundraland.se\/wp-content\/uploads\/2014\/03\/siggesta.jpg?resize=1050%2C600&ssl=1 3x, https:\/\/i0.wp.com\/www.fjardhundraland.se\/wp-content\/uploads\/2014\/03\/siggesta.jpg?resize=1400%2C800&ssl=1 4x"},"classes":[]},{"id":901,"url":"https:\/\/www.fjardhundraland.se\/de\/hantverk\/2012\/oppet-hus-i-siggesta-vavstuga\/","url_meta":{"origin":399,"position":2},"title":"Tag der offenen T\u00fcr in der Weberei Siggesta","author":"Ylva Fontell","date":"21 April 2012","format":false,"excerpt":"An drei Terminen im April und Mai veranstaltet die Siggesta V\u00e4vstuga einen Tag der offenen T\u00fcr. Dort k\u00f6nnen Sie sehen, was gewebt wird, und mit den Webern Kaffee trinken. Es besteht auch die M\u00f6glichkeit, die Produkte der Weberei zu kaufen, z. B. Kissen, Teppiche und L\u00e4ufer. Tag der offenen T\u00fcr, Termine: Mittwoch, 25.4. um 17-21 Uhr Samstag, 28.4. um 10-15 Uhr...","rel":"","context":"In &quot;\u00c4ldre inl\u00e4gg&quot;","block_context":{"text":"\u00c4ldre inl\u00e4gg","link":"https:\/\/www.fjardhundraland.se\/de\/aldre-inlagg\/"},"img":{"alt_text":"","src":"https:\/\/i0.wp.com\/www.fjardhundraland.se\/wp-content\/uploads\/2012\/04\/%C3%B6ppet_hus8-630x891.gif?resize=350%2C200&ssl=1","width":350,"height":200,"srcset":"https:\/\/i0.wp.com\/www.fjardhundraland.se\/wp-content\/uploads\/2012\/04\/%C3%B6ppet_hus8-630x891.gif?resize=350%2C200&ssl=1 1x, https:\/\/i0.wp.com\/www.fjardhundraland.se\/wp-content\/uploads\/2012\/04\/%C3%B6ppet_hus8-630x891.gif?resize=525%2C300&ssl=1 1.5x"},"classes":[]},{"id":2490,"url":"https:\/\/www.fjardhundraland.se\/de\/rebusrunda\/2014\/medverkande-pa-rebusrundan-2014\/","url_meta":{"origin":399,"position":3},"title":"Teilnehmer an der Rebus-Runde 2014","author":"Mats Thorburn","date":"10 August 2014","format":false,"excerpt":"Alsta Gardens - Gartencaf\u00e9 und Galerie. Laufende Ausstellungen: Aquarellist\/Buchillustrator Maj Fagerberg Blumenbilder, K\u00fcnstler Lars Wallin, Vogelbilder. Franz\u00e9n's charcuterie - Bio-W\u00fcrste und erstklassige Wurstwaren von unseren eigenen Linder\u00f6d-Schweinen. Gula Stallets Butik &amp; Kaf\u00e9 - Caf\u00e9 mit hausgemachtem und leichtem Mittagessen und Hofladen mit lokal produzierten und biologischen K\u00f6stlichkeiten. Enten, H\u00fchner, Kaninchen, Schafe, Pferde, Hunde und Katzen. Innenbereich ...","rel":"","context":"In &quot;\u00c4ldre inl\u00e4gg&quot;","block_context":{"text":"\u00c4ldre inl\u00e4gg","link":"https:\/\/www.fjardhundraland.se\/de\/aldre-inlagg\/"},"img":{"alt_text":"","src":"","width":0,"height":0},"classes":[]},{"id":264,"url":"https:\/\/www.fjardhundraland.se\/de\/externt\/2011\/premiartur-i-fjardhundraland\/","url_meta":{"origin":399,"position":4},"title":"Premiere-Tour in Fj\u00e4rdhundraland","author":"Ylva Fontell","date":"19 Mai 2011","format":false,"excerpt":"Am Mittwoch, den 18. Mai, war die Premiere der Pauschalreisen im Dorf. Die erste Gruppe erlebte einen sonnigen Tag mit lokal produzierten K\u00f6stlichkeiten, kuscheligen L\u00e4mmchen und Fj\u00e4rdhundraland in Fr\u00fchlingsfarben. Nun hoffen wir auf neue zufriedene Besucher bei den restlichen Reisen. Mehr Infos unter Pauschalreisen.","rel":"","context":"In &quot;\u00c4ldre inl\u00e4gg&quot;","block_context":{"text":"\u00c4ldre inl\u00e4gg","link":"https:\/\/www.fjardhundraland.se\/de\/aldre-inlagg\/"},"img":{"alt_text":"","src":"","width":0,"height":0},"classes":[]},{"id":218,"url":"https:\/\/www.fjardhundraland.se\/de\/externt\/2011\/forsmak-med-mersmak\/","url_meta":{"origin":399,"position":5},"title":"Kostprobe mit Geschmackszusatz","author":"Mats Thorburn","date":"16 Mai 2011","format":false,"excerpt":"Ein Vorgeschmack auf Fj\u00e4rdhundraland begann am Samstag, den 14. Mai - das Wetter war auf unserer Seite, viele freundliche Menschen trafen auf Fj\u00e4rdhundraland, und wir konnten alles erleben, von Ludmilla the Clowns 10-j\u00e4hrigem Jubil\u00e4um bis zum ersten Auftritt von Marta &amp; Magnus. Die Fj\u00e4rdhundraland-Lebensmittelhandwerker lockten uns mit Kostproben lokaler K\u00f6stlichkeiten, wir durften Karussellfahren mit Pferd und...","rel":"","context":"In &quot;\u00c4ldre inl\u00e4gg&quot;","block_context":{"text":"\u00c4ldre inl\u00e4gg","link":"https:\/\/www.fjardhundraland.se\/de\/aldre-inlagg\/"},"img":{"alt_text":"","src":"https:\/\/a7.sphotos.ak.fbcdn.net\/hphotos-ak-snc6\/229217_10150182280099234_624654233_6892614_148079_n.jpg","width":350,"height":200},"classes":[]}],"jetpack_sharing_enabled":true,"_links":{"self":[{"href":"https:\/\/www.fjardhundraland.se\/de\/wp-json\/wp\/v2\/posts\/399","targetHints":{"allow":["GET"]}}],"collection":[{"href":"https:\/\/www.fjardhundraland.se\/de\/wp-json\/wp\/v2\/posts"}],"about":[{"href":"https:\/\/www.fjardhundraland.se\/de\/wp-json\/wp\/v2\/types\/post"}],"author":[{"embeddable":true,"href":"https:\/\/www.fjardhundraland.se\/de\/wp-json\/wp\/v2\/users\/1"}],"replies":[{"embeddable":true,"href":"https:\/\/www.fjardhundraland.se\/de\/wp-json\/wp\/v2\/comments?post=399"}],"version-history":[{"count":1,"href":"https:\/\/www.fjardhundraland.se\/de\/wp-json\/wp\/v2\/posts\/399\/revisions"}],"predecessor-version":[{"id":19758,"href":"https:\/\/www.fjardhundraland.se\/de\/wp-json\/wp\/v2\/posts\/399\/revisions\/19758"}],"wp:attachment":[{"href":"https:\/\/www.fjardhundraland.se\/de\/wp-json\/wp\/v2\/media?parent=399"}],"wp:term":[{"taxonomy":"category","embeddable":true,"href":"https:\/\/www.fjardhundraland.se\/de\/wp-json\/wp\/v2\/categories?post=399"},{"taxonomy":"post_tag","embeddable":true,"href":"https:\/\/www.fjardhundraland.se\/de\/wp-json\/wp\/v2\/tags?post=399"}],"curies":[{"name":"wp","href":"https:\/\/api.w.org\/{rel}","templated":true}]}}