
{"id":397,"date":"2011-07-14T11:02:42","date_gmt":"2011-07-14T09:02:42","guid":{"rendered":"http:\/\/www.fjardhundraland.se\/?p=397"},"modified":"2026-02-05T13:40:41","modified_gmt":"2026-02-05T12:40:41","slug":"lebensmitteltipps-aus-dem-waldhugel","status":"publish","type":"post","link":"https:\/\/www.fjardhundraland.se\/de\/gardsbutiker\/2011\/mattips-ystat-fran-skogsbacken\/","title":{"rendered":"Ern\u00e4hrungstipp: K\u00e4se aus Skogsbacken"},"content":{"rendered":"<p>Skogsbackens K\u00e4se ist eine K\u00e4serei, die im April 2010 gegr\u00fcndet wurde. Sie stellt K\u00e4se aus biologischer Kuhmilch her, darunter Blauschimmelk\u00e4se, Kittk\u00e4se, Wei\u00dfschimmelk\u00e4se, gereifter Hartk\u00e4se, Frischk\u00e4se und Salatk\u00e4se.<\/p>\n<p>Handwerklich hergestellter K\u00e4se schmeckt besser! Ein Favorit ist <a title=\"Anna auf Skogsbacken blau\" href=\"https:\/\/annaomost.wordpress.com\/2010\/09\/22\/forsta-motet-med-skogsbackens-ost\/\" target=\"_blank\" rel=\"noopener\">Skogsbacken Blau<\/a> mit einer Feige oder etwas anderem S\u00fc\u00dfem, wie Rhabarber- oder Sanddornmarmelade<\/p>\n<p>Der gr\u00f6\u00dfte Teil ihrer Produktion wird von Restaurants, Gesch\u00e4ften und Konferenzzentren gekauft. Aber Sie k\u00f6nnen auch in ihrem Hofladen einkaufen! Er ist t\u00e4glich von 10 bis 19 Uhr ge\u00f6ffnet. Dort finden Sie auch andere ausgew\u00e4hlte lokale Produkte.<\/p>\n<p><a title=\"Skogsbacken-K\u00e4se\" href=\"https:\/\/www.skogsbackensost.se\/\" target=\"_blank\" rel=\"noopener\">Erfahren Sie mehr und erhalten Sie eine Wegbeschreibung.<\/a><\/p>\n<p><a href=\"https:\/\/www.fjardhundraland.se\/wp-content\/uploads\/2011\/07\/skogsb.jpg\"><img decoding=\"async\" class=\"alignnone size-full wp-image-442\" title=\"Forstwirtschaft\" src=\"https:\/\/www.fjardhundraland.se\/wp-content\/uploads\/2011\/07\/skogsb.jpg\" alt=\"\" width=\"600\" height=\"440\"><\/a><\/p>","protected":false},"excerpt":{"rendered":"<p>Skogsbackens ost \u00e4r ett mejeri som startade april 2010. De ystar, av ekologisk komj\u00f6lk, bland annat bl\u00e5m\u00f6gelost, kittost, vitm\u00f6gelost, lagrad h\u00e5rdost, f\u00e4rskost och salladsost. Hantverksm\u00e4ssigt tillverkad ost smakar mer! En favorit \u00e4r Skogsbackens Bl\u00e5 med ett fikon eller n\u00e5got annat s\u00f6tt, som marmelad p\u00e5 rabarber eller havtorn &#8230; St\u00f6rre delen av produktionen k\u00f6ps av restauranger, [&hellip;]<\/p>\n","protected":false},"author":1,"featured_media":0,"comment_status":"open","ping_status":"open","sticky":false,"template":"","format":"standard","meta":{"_acf_changed":false,"_relevanssi_hide_post":"","_relevanssi_hide_content":"","_relevanssi_pin_for_all":"","_relevanssi_pin_keywords":"","_relevanssi_unpin_keywords":"","_relevanssi_related_keywords":"","_relevanssi_related_include_ids":"","_relevanssi_related_exclude_ids":"","_relevanssi_related_no_append":"","_relevanssi_related_not_related":"","_relevanssi_related_posts":"","_relevanssi_noindex_reason":"Rank Math Uteslut fr\u00e5n Relevanssi index","_genesis_hide_title":false,"_genesis_hide_breadcrumbs":false,"_genesis_hide_singular_image":false,"_genesis_hide_footer_widgets":false,"_genesis_custom_body_class":"","_genesis_custom_post_class":"","_genesis_layout":"","_jetpack_memberships_contains_paid_content":false,"footnotes":""},"categories":[353,18,9,22],"tags":[352,40],"class_list":{"0":"post-397","1":"post","2":"type-post","3":"status-publish","4":"format-standard","6":"category-aldre-inlagg","7":"category-externt","8":"category-gardsbutiker","9":"category-mat","10":"tag-aldre-inlagg","11":"tag-skogsbackens-ost","12":"entry"},"acf":[],"visa":null,"geo_latitude":null,"geo_longitude":null,"jetpack_featured_media_url":"","featured_image_src":null,"featured_image_src_square":null,"author_info":{"display_name":"Mats Thorburn","author_link":"https:\/\/www.fjardhundraland.se\/de\/author\/matst\/"},"jetpack-related-posts":[{"id":1182,"url":"https:\/\/www.fjardhundraland.se\/de\/gardsbutiker\/2012\/bronsmedalj-i-mathantverk\/","url_meta":{"origin":397,"position":0},"title":"Bronzemedaille im Lebensmittelhandwerk","author":"Ylva Fontell","date":"11 September 2012","format":false,"excerpt":"Herzlichen Gl\u00fcckwunsch an Skogsbackens K\u00e4se, der die einzige Medaille des Bezirks Uppsala bei der schwedischen Meisterschaft im Lebensmittelhandwerk 2012 gewonnen hat! Der Blauschimmelk\u00e4se Skogsbacken's Blue belegte den Bronzeplatz mit einer Note von 15,5 und der Begr\u00fcndung: Sch\u00f6ner und rustikaler K\u00e4se. Die Schnittfl\u00e4che ist homogen, sowohl was die Farbe als auch die Schimmelbildung angeht. Er befindet sich in einem sehr guten Reifestadium. Lang...","rel":"","context":"In &quot;\u00c4ldre inl\u00e4gg&quot;","block_context":{"text":"\u00c4ldre inl\u00e4gg","link":"https:\/\/www.fjardhundraland.se\/de\/aldre-inlagg\/"},"img":{"alt_text":"","src":"","width":0,"height":0},"classes":[]},{"id":754,"url":"https:\/\/www.fjardhundraland.se\/de\/gardsbutiker\/2012\/forsta-vartecknet\/","url_meta":{"origin":397,"position":1},"title":"Erste Anzeichen des Fr\u00fchlings?","author":"Mats Thorburn","date":"2 Februar 2012","format":false,"excerpt":"Die B\u00e4ckerei Kr\u00e5kvilan \u00f6ffnet am Sonntag, dem 5. Februar, von 11 bis 16 Uhr ihre Pforten f\u00fcr die Saison. Neu ist, dass Marianne nicht nur ihre k\u00f6stlichen Br\u00f6tchen und Kuchen serviert, sondern auch ein leichtes Mittagessen, bestehend aus leckerem K\u00e4sekuchen aus Skogsbackens K\u00e4se.","rel":"","context":"In &quot;\u00c4ldre inl\u00e4gg&quot;","block_context":{"text":"\u00c4ldre inl\u00e4gg","link":"https:\/\/www.fjardhundraland.se\/de\/aldre-inlagg\/"},"img":{"alt_text":"","src":"","width":0,"height":0},"classes":[]},{"id":858,"url":"https:\/\/www.fjardhundraland.se\/de\/gardsbutiker\/2023\/pask-i-fjardhundraland\/","url_meta":{"origin":397,"position":2},"title":"Ostern in Fj\u00e4rdhundraland","author":"Mats Thorburn","date":"2 April 2023","format":false,"excerpt":"Ostern bedeutet Ausgehen! \u00dcberall in Fj\u00e4rdhundraland beginnen die Hofl\u00e4den, Caf\u00e9s und G\u00e4rtnereien mit der Vorbereitung auf die Sommersaison. Machen Sie einen Spaziergang zwischen Leckereien und Sehensw\u00fcrdigkeiten. Caf\u00e9 Forsby Mill. Ostertag zwischen 12-16 Uhr: Besichtigung des neuen Caf\u00e9s in der M\u00fchle von Forsby. Tischler TB Lindblom zeigt das Geb\u00e4ude. Goldener Brunnen. Ostertage Freitag-Montag.","rel":"","context":"In &quot;\u00c4ldre inl\u00e4gg&quot;","block_context":{"text":"\u00c4ldre inl\u00e4gg","link":"https:\/\/www.fjardhundraland.se\/de\/aldre-inlagg\/"},"img":{"alt_text":"","src":"https:\/\/i0.wp.com\/www.fjardhundraland.se\/wp-content\/uploads\/2021\/04\/pask-i-fjardhundraland-tupp-och-hona.jpg?resize=350%2C200&ssl=1","width":350,"height":200,"srcset":"https:\/\/i0.wp.com\/www.fjardhundraland.se\/wp-content\/uploads\/2021\/04\/pask-i-fjardhundraland-tupp-och-hona.jpg?resize=350%2C200&ssl=1 1x, https:\/\/i0.wp.com\/www.fjardhundraland.se\/wp-content\/uploads\/2021\/04\/pask-i-fjardhundraland-tupp-och-hona.jpg?resize=525%2C300&ssl=1 1.5x, https:\/\/i0.wp.com\/www.fjardhundraland.se\/wp-content\/uploads\/2021\/04\/pask-i-fjardhundraland-tupp-och-hona.jpg?resize=700%2C400&ssl=1 2x, https:\/\/i0.wp.com\/www.fjardhundraland.se\/wp-content\/uploads\/2021\/04\/pask-i-fjardhundraland-tupp-och-hona.jpg?resize=1050%2C600&ssl=1 3x, https:\/\/i0.wp.com\/www.fjardhundraland.se\/wp-content\/uploads\/2021\/04\/pask-i-fjardhundraland-tupp-och-hona.jpg?resize=1400%2C800&ssl=1 4x"},"classes":[]},{"id":2196,"url":"https:\/\/www.fjardhundraland.se\/de\/gardsbutiker\/2014\/paskens-utflykter\/","url_meta":{"origin":397,"position":3},"title":"Ausfl\u00fcge zu Ostern","author":"Ylva Fontell","date":"9 April 2014","format":false,"excerpt":"Es ist sch\u00f6n, ein paar Tage frei zu haben, dann ist es Zeit f\u00fcr einen Ausflug aufs Land! In Fj\u00e4rdhundraland gibt es viel zu tun: Eier und regionale Produkte einkaufen, Kunst betrachten oder essen und einen guten Kaffee trinken. Es bleibt auch Zeit f\u00fcr einen Besuch in der Touristeninformation von Fj\u00e4rdhundraland oder im nostalgischsten Autohaus der Welt! Und vieles mehr... Herzlich willkommen...","rel":"","context":"In &quot;\u00c4ldre inl\u00e4gg&quot;","block_context":{"text":"\u00c4ldre inl\u00e4gg","link":"https:\/\/www.fjardhundraland.se\/de\/aldre-inlagg\/"},"img":{"alt_text":"","src":"https:\/\/i0.wp.com\/www.fjardhundraland.se\/wp-content\/uploads\/2014\/04\/pasktupp-1.jpg?resize=350%2C200&ssl=1","width":350,"height":200,"srcset":"https:\/\/i0.wp.com\/www.fjardhundraland.se\/wp-content\/uploads\/2014\/04\/pasktupp-1.jpg?resize=350%2C200&ssl=1 1x, https:\/\/i0.wp.com\/www.fjardhundraland.se\/wp-content\/uploads\/2014\/04\/pasktupp-1.jpg?resize=525%2C300&ssl=1 1.5x, https:\/\/i0.wp.com\/www.fjardhundraland.se\/wp-content\/uploads\/2014\/04\/pasktupp-1.jpg?resize=700%2C400&ssl=1 2x, https:\/\/i0.wp.com\/www.fjardhundraland.se\/wp-content\/uploads\/2014\/04\/pasktupp-1.jpg?resize=1050%2C600&ssl=1 3x, https:\/\/i0.wp.com\/www.fjardhundraland.se\/wp-content\/uploads\/2014\/04\/pasktupp-1.jpg?resize=1400%2C800&ssl=1 4x"},"classes":[]},{"id":2863,"url":"https:\/\/www.fjardhundraland.se\/de\/mat\/2015\/smaka-pa-enkoping-och-fjardhundraland\/","url_meta":{"origin":397,"position":4},"title":"Verkostung von Enk\u00f6ping und Fj\u00e4rdhundraland","author":"Mats Thorburn","date":"25 August 2015","format":false,"excerpt":"Am Samstag, den 5. September, k\u00f6nnen Sie am Gartentag das Beste aus Fj\u00e4rdhundraland bei Taste Enk\u00f6ping probieren! An diesem Tag werden viele der besten biologischen und lokal produzierten Lebensmittel auf einer Messe und einem Markt entlang der Uferpromenade in Enk\u00f6ping angeboten. Fj\u00e4rdhundraland ist mit einigen unserer vielen hochwertigen Lebensmittelproduzenten und mit der Touristeninformation vertreten. Dar\u00fcber hinaus...","rel":"","context":"In &quot;\u00c4ldre inl\u00e4gg&quot;","block_context":{"text":"\u00c4ldre inl\u00e4gg","link":"https:\/\/www.fjardhundraland.se\/de\/aldre-inlagg\/"},"img":{"alt_text":"Skogsbacken","src":"https:\/\/i0.wp.com\/www.fjardhundraland.se\/wp-content\/uploads\/2014\/03\/skogsbacken-1.jpg?resize=350%2C200&ssl=1","width":350,"height":200,"srcset":"https:\/\/i0.wp.com\/www.fjardhundraland.se\/wp-content\/uploads\/2014\/03\/skogsbacken-1.jpg?resize=350%2C200&ssl=1 1x, https:\/\/i0.wp.com\/www.fjardhundraland.se\/wp-content\/uploads\/2014\/03\/skogsbacken-1.jpg?resize=525%2C300&ssl=1 1.5x, https:\/\/i0.wp.com\/www.fjardhundraland.se\/wp-content\/uploads\/2014\/03\/skogsbacken-1.jpg?resize=700%2C400&ssl=1 2x, https:\/\/i0.wp.com\/www.fjardhundraland.se\/wp-content\/uploads\/2014\/03\/skogsbacken-1.jpg?resize=1050%2C600&ssl=1 3x, https:\/\/i0.wp.com\/www.fjardhundraland.se\/wp-content\/uploads\/2014\/03\/skogsbacken-1.jpg?resize=1400%2C800&ssl=1 4x"},"classes":[]},{"id":1020,"url":"https:\/\/www.fjardhundraland.se\/de\/externt\/2012\/nationaldag-i-fjardhundraland\/","url_meta":{"origin":397,"position":5},"title":"Nationalfeiertag in Fj\u00e4rdhundraland","author":"Mats Thorburn","date":"6 Juni 2012","format":false,"excerpt":"Heute ist Fj\u00e4rdhundraland im Schulpark, Enk\u00f6ping 11 - 15.30 Uhr. Die Lebensmittelhersteller Skogsbackens Ost, Kr\u00e5kvilan und Lagerl\u00f6fska Magasinet bieten Leckereien an. Sie sind herzlich eingeladen, Ihre Karte abzuholen und sich Tipps f\u00fcr Sommerausfl\u00fcge zu holen! Sie k\u00f6nnen den Nationalfeiertag auch im Altuna hembygdsg\u00e5rd um 17 Uhr und im H\u00e4rledg\u00e5rden um 9-12 Uhr feiern.","rel":"","context":"In &quot;\u00c4ldre inl\u00e4gg&quot;","block_context":{"text":"\u00c4ldre inl\u00e4gg","link":"https:\/\/www.fjardhundraland.se\/de\/aldre-inlagg\/"},"img":{"alt_text":"","src":"","width":0,"height":0},"classes":[]}],"jetpack_sharing_enabled":true,"_links":{"self":[{"href":"https:\/\/www.fjardhundraland.se\/de\/wp-json\/wp\/v2\/posts\/397","targetHints":{"allow":["GET"]}}],"collection":[{"href":"https:\/\/www.fjardhundraland.se\/de\/wp-json\/wp\/v2\/posts"}],"about":[{"href":"https:\/\/www.fjardhundraland.se\/de\/wp-json\/wp\/v2\/types\/post"}],"author":[{"embeddable":true,"href":"https:\/\/www.fjardhundraland.se\/de\/wp-json\/wp\/v2\/users\/1"}],"replies":[{"embeddable":true,"href":"https:\/\/www.fjardhundraland.se\/de\/wp-json\/wp\/v2\/comments?post=397"}],"version-history":[{"count":1,"href":"https:\/\/www.fjardhundraland.se\/de\/wp-json\/wp\/v2\/posts\/397\/revisions"}],"predecessor-version":[{"id":19751,"href":"https:\/\/www.fjardhundraland.se\/de\/wp-json\/wp\/v2\/posts\/397\/revisions\/19751"}],"wp:attachment":[{"href":"https:\/\/www.fjardhundraland.se\/de\/wp-json\/wp\/v2\/media?parent=397"}],"wp:term":[{"taxonomy":"category","embeddable":true,"href":"https:\/\/www.fjardhundraland.se\/de\/wp-json\/wp\/v2\/categories?post=397"},{"taxonomy":"post_tag","embeddable":true,"href":"https:\/\/www.fjardhundraland.se\/de\/wp-json\/wp\/v2\/tags?post=397"}],"curies":[{"name":"wp","href":"https:\/\/api.w.org\/{rel}","templated":true}]}}