
{"id":386,"date":"2011-06-30T10:08:05","date_gmt":"2011-06-30T08:08:05","guid":{"rendered":"http:\/\/www.fjardhundraland.se\/?p=386"},"modified":"2026-02-05T13:40:42","modified_gmt":"2026-02-05T12:40:42","slug":"sternekoch-beim-gastspiel-in-domta","status":"publish","type":"post","link":"https:\/\/www.fjardhundraland.se\/de\/externt\/2011\/stjarnkock-pa-gastspel-i-domta\/","title":{"rendered":"Sternekoch zu Gast in Domta"},"content":{"rendered":"<p>Morgen, Freitag, 1. Juli, findet ein Gastspiel statt <a title=\"Herr Stefan Eriksson\" href=\"https:\/\/www.sematstudio.se\/om_agare.asp\" target=\"_blank\" rel=\"noopener\">Herr Stefan Eriksson<\/a> i <a title=\"Das Domta-Schwein\" href=\"https:\/\/domtagrisen.se\/\" target=\"_blank\" rel=\"noopener\">Domta<\/a> und bietet ein fantastisches kulinarisches Erlebnis. Stefan wurde 2005 zum Koch des Jahres gek\u00fcrt und ist einer der bekanntesten K\u00f6che Schwedens.<\/p>\n<p>Zeit: Freitag, 1. Juli, 18.00 Uhr. Preis 495 SEK\/Person. Reservierung: 070-63 24 903.<\/p>\n<p><img decoding=\"async\" class=\"alignnone\" title=\"Das Domta-Schwein\" src=\"https:\/\/a7.sphotos.ak.fbcdn.net\/hphotos-ak-snc6\/215618_209241212433697_107458165945336_698018_5538327_n.jpg\" alt=\"\" width=\"638\" height=\"425\"><\/p>","protected":false},"excerpt":{"rendered":"<p>Am morgigen Freitag, dem 1. Juli, ist Stefan Eriksson zu Gast im Domta und bietet ein fantastisches kulinarisches Erlebnis. Stefan war Koch des Jahres 2005 und ist einer der bekanntesten K\u00f6che Schwedens. Zeit: Freitag, 1. Juli, 18.00 Uhr. Preis 495 SEK\/Person. Reservierung: 070-63 24 903.<\/p>","protected":false},"author":1,"featured_media":0,"comment_status":"open","ping_status":"open","sticky":false,"template":"","format":"standard","meta":{"_acf_changed":false,"_relevanssi_hide_post":"","_relevanssi_hide_content":"","_relevanssi_pin_for_all":"","_relevanssi_pin_keywords":"","_relevanssi_unpin_keywords":"","_relevanssi_related_keywords":"","_relevanssi_related_include_ids":"","_relevanssi_related_exclude_ids":"","_relevanssi_related_no_append":"","_relevanssi_related_not_related":"","_relevanssi_related_posts":"","_relevanssi_noindex_reason":"Rank Math Uteslut fr\u00e5n Relevanssi index","_genesis_hide_title":false,"_genesis_hide_breadcrumbs":false,"_genesis_hide_singular_image":false,"_genesis_hide_footer_widgets":false,"_genesis_custom_body_class":"","_genesis_custom_post_class":"","_genesis_layout":"","_jetpack_memberships_contains_paid_content":false,"footnotes":""},"categories":[353,18,22],"tags":[352,34,35],"class_list":{"0":"post-386","1":"post","2":"type-post","3":"status-publish","4":"format-standard","6":"category-aldre-inlagg","7":"category-externt","8":"category-mat","9":"tag-aldre-inlagg","10":"tag-domta","11":"tag-domta-grisen","12":"entry"},"acf":[],"visa":null,"geo_latitude":null,"geo_longitude":null,"jetpack_featured_media_url":"","featured_image_src":null,"featured_image_src_square":null,"author_info":{"display_name":"Mats Thorburn","author_link":"https:\/\/www.fjardhundraland.se\/de\/author\/matst\/"},"jetpack-related-posts":[{"id":737,"url":"https:\/\/www.fjardhundraland.se\/de\/gardsbutiker\/2011\/ladda-upp-infor-jul-med-kvalitet-fran-aloppe-domta\/","url_meta":{"origin":386,"position":0},"title":"Weihnachten mit Qualit\u00e4t von \u00c5loppe, Domta &amp; Kr\u00e5kvilan","author":"Mats Thorburn","date":"11 Dezember 2011","format":false,"excerpt":"Heute, am Sonntag, den 11. und 12. Dezember, haben Sie die einmalige Gelegenheit, Fleisch von zwei der besten Fleischproduzenten Schwedens zu kaufen - Schweinefleisch und Wurstwaren von Domta-Schweinen und Rindfleisch, Wurstwaren und Gem\u00fcse von \u00c5loppe ekomat. Dazwischen liegt die B\u00e4ckerei Kr\u00e5kvilan. Dort k\u00f6nnen Sie Kn\u00e4ckebrot, Kuchen und Kunsthandwerk kaufen - und eine Kaffeepause einlegen...","rel":"","context":"In &quot;\u00c4ldre inl\u00e4gg&quot;","block_context":{"text":"\u00c4ldre inl\u00e4gg","link":"https:\/\/www.fjardhundraland.se\/de\/aldre-inlagg\/"},"img":{"alt_text":"","src":"","width":0,"height":0},"classes":[]},{"id":1019,"url":"https:\/\/www.fjardhundraland.se\/de\/gardsbutiker\/2012\/kottsondag\/","url_meta":{"origin":386,"position":1},"title":"Fleischsonntag","author":"Mats Thorburn","date":"26 Mai 2012","format":false,"excerpt":"Am morgigen Sonntag haben Sie die M\u00f6glichkeit, Rind- und Schweinefleisch von h\u00f6chster Qualit\u00e4t zu kaufen - von Tieren, die ein gutes Leben hatten. Der Hofladen Domta hat ge\u00f6ffnet, und \u00c5loppe ekomat hat zum letzten Mal vor dem Sommer seinen Sonntagsladen ge\u00f6ffnet. In einem Umkreis von wenigen Kilometern haben Sie also einige der...","rel":"","context":"In &quot;\u00c4ldre inl\u00e4gg&quot;","block_context":{"text":"\u00c4ldre inl\u00e4gg","link":"https:\/\/www.fjardhundraland.se\/de\/aldre-inlagg\/"},"img":{"alt_text":"","src":"","width":0,"height":0},"classes":[]},{"id":1259,"url":"https:\/\/www.fjardhundraland.se\/de\/hantverk\/2013\/paskgott-och-paskoppet\/","url_meta":{"origin":386,"position":2},"title":"Osterleckereien und Tage der offenen T\u00fcr zu Ostern","author":"Mats Thorburn","date":"30 M\u00e4rz 2013","format":false,"excerpt":"Einige Orte in Fj\u00e4rdhundraland, die man an Ostern besuchen sollte: Gyllene brunnen Dunderbo ljus och hantverk Forsby kvarn kaf\u00e9 Lundellska galleriet Farmor Elsas g\u00e5rdsbageri Kr\u00e5kvilan bageri DOMTA-grisen H\u00e4rnevi plantskola \u00a0","rel":"","context":"In &quot;\u00c4ldre inl\u00e4gg&quot;","block_context":{"text":"\u00c4ldre inl\u00e4gg","link":"https:\/\/www.fjardhundraland.se\/de\/aldre-inlagg\/"},"img":{"alt_text":"","src":"","width":0,"height":0},"classes":[]},{"id":1024,"url":"https:\/\/www.fjardhundraland.se\/de\/tradgard\/2012\/kom-nara-fjarilarna\/","url_meta":{"origin":386,"position":3},"title":"Kommen Sie den Schmetterlingen nahe","author":"Mats Thorburn","date":"25 Juni 2012","format":false,"excerpt":"Am Dienstag, dem 26. Juni, wird der Schmetterlingsgarten in V\u00e5nsj\u00f6 er\u00f6ffnet. Hier k\u00f6nnen Sie Schmetterlingen und anderen Insekten in einem sch\u00f6nen Garten mit bl\u00fchenden Pflanzen, die so ausgew\u00e4hlt wurden, dass sie f\u00fcr die best\u00e4ubenden Insekten ein wahres Sammelsurium darstellen, ganz nahe kommen. Sie k\u00f6nnen auch Leckereien aus dem Domta-Hofladen probieren, der in diesem Jahr das Caf\u00e9 betreibt. Lesen Sie mehr unter...","rel":"","context":"In &quot;\u00c4ldre inl\u00e4gg&quot;","block_context":{"text":"\u00c4ldre inl\u00e4gg","link":"https:\/\/www.fjardhundraland.se\/de\/aldre-inlagg\/"},"img":{"alt_text":"","src":"https:\/\/i0.wp.com\/vansjofjarilstradgard.se\/files\/2011\/10\/UN-v31-fj1.jpg1-1024x682.jpg?resize=350%2C200&ssl=1","width":350,"height":200,"srcset":"https:\/\/i0.wp.com\/vansjofjarilstradgard.se\/files\/2011\/10\/UN-v31-fj1.jpg1-1024x682.jpg?resize=350%2C200&ssl=1 1x, https:\/\/i0.wp.com\/vansjofjarilstradgard.se\/files\/2011\/10\/UN-v31-fj1.jpg1-1024x682.jpg?resize=525%2C300&ssl=1 1.5x"},"classes":[]},{"id":2858,"url":"https:\/\/www.fjardhundraland.se\/de\/inlagg\/2015\/vilka-ar-med-matmanniskor\/","url_meta":{"origin":386,"position":4},"title":"Wer ist an Food &amp; People beteiligt?","author":"Mats Thorburn","date":"21 August 2015","format":false,"excerpt":"Jetzt ist klar, wer am 27. September 2015 bei Mat&amp;M\u00e4nniskor dabei sein wird - gro\u00dfe Vielfalt auf kleinem Raum! Hier ist die Liste. Caf\u00e9 Samt Domta-grisen Forsby kvarn caf\u00e9 Franz\u00e9ns charkuterier Fr\u00f6slunda ekok\u00f6tt Gula Stallet caf\u00e9 and shop Kromsta lantbod Kr\u00e5kvilan M\u00e4lby tr\u00e4dg\u00e5rd Pekoe ekologiskt te Refvelsta godsf\u00f6rvaltning Resta g\u00e5rd Skogsbackens ost Sunnansj\u00f6...","rel":"","context":"In &quot;\u00c4ldre inl\u00e4gg&quot;","block_context":{"text":"\u00c4ldre inl\u00e4gg","link":"https:\/\/www.fjardhundraland.se\/de\/aldre-inlagg\/"},"img":{"alt_text":"","src":"","width":0,"height":0},"classes":[]},{"id":1379,"url":"https:\/\/www.fjardhundraland.se\/de\/gardsbutiker\/2013\/rebusrundan-2013\/","url_meta":{"origin":386,"position":5},"title":"Die Tour der Weinberge 2013","author":"Ylva Fontell","date":"27 Juli 2013","format":false,"excerpt":"Machen Sie mit Ihrer Familie oder Ihren Freunden einen Ausflug in Fj\u00e4rdhundraland. An den Sonntagen 4. und 11. August haben Attraktionen und Gesch\u00e4fte im ganzen Bezirk extra ge\u00f6ffnet. Besuchen und kaufen Sie ein, trinken Sie einen Kaffee, erleben Sie etwas - und nehmen Sie gleichzeitig an einem lustigen und einfachen Rebus-Wettbewerb teil! Hier sind die Startkarten und...","rel":"","context":"In &quot;\u00c4ldre inl\u00e4gg&quot;","block_context":{"text":"\u00c4ldre inl\u00e4gg","link":"https:\/\/www.fjardhundraland.se\/de\/aldre-inlagg\/"},"img":{"alt_text":"","src":"","width":0,"height":0},"classes":[]}],"jetpack_sharing_enabled":true,"_links":{"self":[{"href":"https:\/\/www.fjardhundraland.se\/de\/wp-json\/wp\/v2\/posts\/386","targetHints":{"allow":["GET"]}}],"collection":[{"href":"https:\/\/www.fjardhundraland.se\/de\/wp-json\/wp\/v2\/posts"}],"about":[{"href":"https:\/\/www.fjardhundraland.se\/de\/wp-json\/wp\/v2\/types\/post"}],"author":[{"embeddable":true,"href":"https:\/\/www.fjardhundraland.se\/de\/wp-json\/wp\/v2\/users\/1"}],"replies":[{"embeddable":true,"href":"https:\/\/www.fjardhundraland.se\/de\/wp-json\/wp\/v2\/comments?post=386"}],"version-history":[{"count":1,"href":"https:\/\/www.fjardhundraland.se\/de\/wp-json\/wp\/v2\/posts\/386\/revisions"}],"predecessor-version":[{"id":19760,"href":"https:\/\/www.fjardhundraland.se\/de\/wp-json\/wp\/v2\/posts\/386\/revisions\/19760"}],"wp:attachment":[{"href":"https:\/\/www.fjardhundraland.se\/de\/wp-json\/wp\/v2\/media?parent=386"}],"wp:term":[{"taxonomy":"category","embeddable":true,"href":"https:\/\/www.fjardhundraland.se\/de\/wp-json\/wp\/v2\/categories?post=386"},{"taxonomy":"post_tag","embeddable":true,"href":"https:\/\/www.fjardhundraland.se\/de\/wp-json\/wp\/v2\/tags?post=386"}],"curies":[{"name":"wp","href":"https:\/\/api.w.org\/{rel}","templated":true}]}}