
{"id":3794,"date":"2016-12-14T20:36:19","date_gmt":"2016-12-14T19:36:19","guid":{"rendered":"http:\/\/www.fjardhundraland.se\/?p=3794"},"modified":"2026-02-05T13:43:01","modified_gmt":"2026-02-05T12:43:01","slug":"weihnachtsferien-fjardhundraland","status":"publish","type":"post","link":"https:\/\/www.fjardhundraland.se\/de\/utflykt\/2016\/julhelg-fjardhundraland\/","title":{"rendered":"Weihnachtsferien in Fj\u00e4rdhundraland"},"content":{"rendered":"<p><strong>Selbstgebackenes Brot. Handgemachte Wurst. Echter K\u00e4se. Echtes Handwerk. Wolle, Kerzen. Ein handgeschnitzter Weihnachtsbaum. Ist es nicht das, was Weihnachten ausmacht?<\/strong><\/p>\n<p>Hier ein Vorschlag: Lassen Sie die Menschenmassen hinter sich und kaufen Sie zu Weihnachten vor Ort ein. An diesem Wochenende ist Fj\u00e4rdhundraland f\u00fcr all jene ge\u00f6ffnet, die Authentizit\u00e4t auf ihrem Weihnachtstisch und hochwertige Weihnachtsgeschenke suchen.<\/p>\n<p><iframe src=\"https:\/\/www.google.com\/maps\/d\/u\/3\/embed?mid=1ExS49OeeK1rwk7JLjbfhGwXzzs8\" width=\"100%\" height=\"480\"><\/iframe><\/p>\n<h3><a href=\"https:\/\/www.fjardhundraland.se\/de\/gerichte\/butiken-i-loth\/\">Das Gesch\u00e4ft in L\u00f6th<\/a><\/h3>\n<p>Samstag 11-15 Uhr. Neue und alte Einrichtungsgegenst\u00e4nde wie Kerzenst\u00e4nder, Plaids, Tassen usw.<br \/>\nAuch Schmuck, Kosmetiktaschen und Schmuckk\u00e4stchen<br \/>\nFlohmarkt.<\/p>\n<h3><a href=\"https:\/\/www.fjardhundraland.se\/de\/gerichte\/dunderbo-kerzen-und-kunsthandwerk\/\">Dunderbo Licht &amp; Kunsthandwerk <\/a><\/h3>\n<p>Samstag und Sonntag 10 Uhr bis 16 Uhr.<\/p>\n<p>Wundersch\u00f6ne handgefertigte Kronleuchter, f\u00fcnf- und siebenarmig, usw. Wir bieten das ganze Wochenende Weihnachtskaffee an!<\/p>\n<h3><a href=\"https:\/\/www.fjardhundraland.se\/de\/gerichte\/oma-elsas-bauernhof-backerei\/\">Oma Elsas Bauernhofb\u00e4ckerei<\/a><\/h3>\n<p>Samstag 12-16.<\/p>\n<p>Adventskaffee mit weihnachtlichen Aromen.<\/p>\n<h3><a href=\"https:\/\/www.fjardhundraland.se\/de\/gerichte\/franzens-charcuterie\/\">Franz\u00e9ns Charkuterier<\/a><\/h3>\n<p>Jeden Tag 10-18 Uhr.<\/p>\n<p>Verschiedene Arten von luftgetrocknetem Fleisch von Linder\u00f8d-Schweinen aus Freilandhaltung.<\/p>\n<h3><a href=\"https:\/\/www.fjardhundraland.se\/de\/gerichte\/glada-faret\/\">Das gl\u00fcckliche Schaf <\/a><\/h3>\n<p>Sonntag von 12 bis 17 Uhr.<\/p>\n<p>Weiche Felle aus feiner Wolle, wei\u00dfes Garn aus feiner Wolle (1-, 2- und 4-f\u00e4dig), Strickzeug, M\u00fctzen und Hosen in unserer Baby-Kollektion Knodd (von Neugeborenen bis 1 Jahr) oder warum nicht preisgekr\u00f6nte Wolle zum Spinnen\/Filzen f\u00fcr Bastelfreunde.<\/p>\n<h3><a href=\"https:\/\/www.fjardhundraland.se\/de\/gerichte\/gula-stallet-butik-kafe\/\">Gelbe St\u00e4lle <\/a><\/h3>\n<p>Samstag und Sonntag 11-17 Uhr<\/p>\n<p>Adventsfr\u00fchst\u00fcck am Sonntag, 18.12. 11-13 Uhr, Voranmeldung unter 070-6052264.<\/p>\n<h3><a href=\"https:\/\/www.fjardhundraland.se\/de\/gerichte\/harnevi-plantskola\/\">G\u00e4rtnerei H\u00e4rnevi <\/a><\/h3>\n<p>Weihnachtsblumen und Weihnachtsgruppen.<\/p>\n<p>Sa-So 17-18 Dez. findet unser traditionelles Weihnachtswochenende statt.<br \/>\nDann grillen wir W\u00fcrstchen und bieten Gl\u00fchwein im Wald an.<br \/>\nBringen Sie Ihre Familie mit und w\u00e4hlen Sie Ihren Baum aus.<br \/>\nGe\u00f6ffnet von 10 Uhr bis 15 Uhr<\/p>\n<h3><a href=\"https:\/\/www.fjardhundraland.se\/de\/gerichte\/kromsta-bauernhaus\/\">Bauernhaus Kromsta <\/a><\/h3>\n<p>Freitag 15-18 Uhr, Samstag 10-15 Uhr Gl\u00fchweinangebot, nutzen Sie die Gelegenheit, Hackfleisch f\u00fcr die Frikadellen, Kartoffeln, Senf, K\u00e4se usw. oder ein Weihnachtsgeschenk zu kaufen!<\/p>\n<h3><a href=\"https:\/\/www.fjardhundraland.se\/de\/gerichte\/krakvilan-bageri\/\">Der Wille der Kr\u00e4he <\/a><\/h3>\n<p>Sonntag 11-16.<\/p>\n<p>Kaffeestube und Handwerk.<\/p>\n<h3><a href=\"https:\/\/www.fjardhundraland.se\/de\/gerichte\/landsberga-gard\/\">Bauernhof Landsberga<\/a><\/h3>\n<p>T\u00e4glich 6.30-21 Uhr<\/p>\n<p>Morgens gelegte Eier<\/p>\n<h3><a href=\"https:\/\/www.fjardhundraland.se\/de\/gerichte\/mels-garage\/\">Mel's Garage<\/a><\/h3>\n<p>Samstag 10-14 Uhr.<\/p>\n<h3><a href=\"https:\/\/www.fjardhundraland.se\/de\/gerichte\/cafe-samt\/\">Musikgesch\u00e4ft in Enk\u00f6ping und Caf\u00e9 Samt <\/a><\/h3>\n<p>Samstag 11-16,<br \/>\nSonntag 12-16<\/p>\n<p>Weihnachtlich inspiriertes Mittagsbuffet am Samstag zwischen 12-15 Uhr.<\/p>\n<h3><a href=\"https:\/\/www.fjardhundraland.se\/de\/gerichte\/ormhogarnas-alltjanst\/\">Schlangenh\u00fcgel Rundum-Service <\/a><\/h3>\n<p>Sonntag 11-14.<\/p>\n<p>Aloe-Vera-Produkte f\u00fcr Sch\u00f6nheit, Gesundheit und Wohlbefinden. Viele Tipps und Angebote f\u00fcr Weihnachtsgeschenke.<\/p>\n<h3><a href=\"https:\/\/www.fjardhundraland.se\/de\/gerichte\/pekoe-bio-tee\/\">Pekoe Bio-Tee <\/a><\/h3>\n<p>Sonntag 12-16<\/p>\n<p>Bio-Tee, Teekannen und Zubeh\u00f6r. Jetzt auch sch\u00f6ne Kombucha Pakete f\u00fcr Weihnachten!<\/p>\n<h3><a href=\"https:\/\/www.fjardhundraland.se\/de\/gerichte\/verbleibender-schutz\/\">Resta Bauernhof<\/a><\/h3>\n<p>Samstag und Sonntag 11-16<\/p>\n<p>Must-haves auf dem Weihnachtstisch nat\u00fcrlich, Weihnachtsschinken, Prinzenw\u00fcrstchen, Weihnachtsw\u00fcrstchen und vieles mehr, was unter den Baum gelegt werden kann, die Sie auch bei uns schnitzen k\u00f6nnen.<\/p>\n<h3><a href=\"https:\/\/www.fjardhundraland.se\/de\/gerichte\/skogsbackenkase\/\">Skogsbacken-K\u00e4se<\/a><\/h3>\n<p>Samstag und Sonntag 10-18 Uhr<\/p>\n<p>Extra gereifter Hartk\u00e4se Jennie mit rotem Wachs.<br \/>\nViele K\u00e4sesorten, Marmelade und Kekse.<\/p>\n<h3><a href=\"https:\/\/www.fjardhundraland.se\/de\/gerichte\/sussis-gardsbageri\/\">Sussi's Bauernhof B\u00e4ckerei <\/a><\/h3>\n<p>Samstag 8 Uhr bis 14 Uhr<\/p>\n<p>Safranbrot, Weihnachtsbrot, Kn\u00e4ckebrot, usw.<\/p>\n<h3><a href=\"https:\/\/www.fjardhundraland.se\/de\/gerichte\/vallgarns-gardsmejeri\/\">Hofmolkerei Vallgarn<\/a><\/h3>\n<p>Samstag und Sonntag 10-18 Uhr.<\/p>\n<p>K\u00e4se aus Ziegenmilch. K\u00e4setabletts auf Bestellung: Telefon 073-577 53 19.<\/p>\n<h3><a href=\"https:\/\/www.fjardhundraland.se\/de\/gerichte\/vreta-gard\/\">Bauernhof Vreta <\/a><\/h3>\n<p>Samstag und Sonntag 11-14 Uhr.<\/p>\n<p>Nutzen Sie die Gelegenheit und kaufen Sie ein sch\u00f6nes Lammfell zu Weihnachten!<\/p>","protected":false},"excerpt":{"rendered":"<p>Hembakt br\u00f6d. Handgjord\u00a0korv. Riktig ost. \u00c4kta\u00a0hantverk. Ull, levande ljus. Egenhuggen\u00a0julgran. Visst \u00e4r det s\u00e5nt julen handlar om? H\u00e4r \u00e4r ett f\u00f6rslag: skippa tr\u00e4ngseln i k\u00f6pladorna och julhandla lokalproducerat. I helgen h\u00e5ller Fj\u00e4rdhundraland \u00f6ppet f\u00f6r dig som vill ha \u00e4kta vara p\u00e5 julbordet och julklappar med kvalitet. Butiken i L\u00f6th L\u00f6rdag 11\u201315. Ny och gammal inredning [&hellip;]<\/p>\n","protected":false},"author":1,"featured_media":3805,"comment_status":"closed","ping_status":"closed","sticky":false,"template":"","format":"standard","meta":{"_acf_changed":false,"_relevanssi_hide_post":"","_relevanssi_hide_content":"","_relevanssi_pin_for_all":"","_relevanssi_pin_keywords":"","_relevanssi_unpin_keywords":"","_relevanssi_related_keywords":"","_relevanssi_related_include_ids":"","_relevanssi_related_exclude_ids":"","_relevanssi_related_no_append":"","_relevanssi_related_not_related":"","_relevanssi_related_posts":"","_relevanssi_noindex_reason":"Rank Math Uteslut fr\u00e5n Relevanssi index","_genesis_hide_title":false,"_genesis_hide_breadcrumbs":false,"_genesis_hide_singular_image":false,"_genesis_hide_footer_widgets":false,"_genesis_custom_body_class":"","_genesis_custom_post_class":"","_genesis_layout":"","_jetpack_memberships_contains_paid_content":false,"footnotes":""},"categories":[87,353,9,25],"tags":[352,76,77],"class_list":{"0":"post-3794","1":"post","2":"type-post","3":"status-publish","4":"format-standard","5":"has-post-thumbnail","7":"category-utflykt","8":"category-aldre-inlagg","9":"category-gardsbutiker","10":"category-upplevelser","11":"tag-aldre-inlagg","12":"tag-jul","13":"tag-julmarknad","14":"entry"},"acf":[],"visa":null,"geo_latitude":null,"geo_longitude":null,"jetpack_featured_media_url":"https:\/\/www.fjardhundraland.se\/wp-content\/uploads\/2016\/12\/snocc88-och-sol.jpg","featured_image_src":"https:\/\/www.fjardhundraland.se\/wp-content\/uploads\/2016\/12\/snocc88-och-sol.jpg","featured_image_src_square":"https:\/\/www.fjardhundraland.se\/wp-content\/uploads\/2016\/12\/snocc88-och-sol.jpg","author_info":{"display_name":"Mats Thorburn","author_link":"https:\/\/www.fjardhundraland.se\/de\/author\/matst\/"},"jetpack-related-posts":[{"id":298,"url":"https:\/\/www.fjardhundraland.se\/de\/externt\/2011\/det-har-hander-i-helgen\/","url_meta":{"origin":3794,"position":0},"title":"Das passiert an diesem Wochenende","author":"Mats Thorburn","date":"27 Mai 2011","format":false,"excerpt":"Hier einige Tipps zu Aktivit\u00e4ten rund um Fj\u00e4rdhundraland am kommenden Wochenende: Samstag-Sonntag, 28.\/29. Mai 10-16 Uhr: Fr\u00fchlingsmarkt in Dunderbo. Ausstellung traditioneller Lebensmittel, Kaffeeservice mit hausgemachten Backwaren. Sommerblumen, Marmeladen, Strickwaren, Kerzen usw. F\u00fchrungen auf dem Krigsstigen um 11 Uhr und 14 Uhr. 073-65 77 906 Arr: Dunderbo Ljus &amp; hantverk. Samstag-Sonntag 28-29 Mai...","rel":"","context":"In &quot;\u00c4ldre inl\u00e4gg&quot;","block_context":{"text":"\u00c4ldre inl\u00e4gg","link":"https:\/\/www.fjardhundraland.se\/de\/aldre-inlagg\/"},"img":{"alt_text":"","src":"","width":0,"height":0},"classes":[]},{"id":590,"url":"https:\/\/www.fjardhundraland.se\/de\/hantverk\/2011\/ljus-hantverk-lordagskafe-i-dunderbo\/","url_meta":{"origin":3794,"position":1},"title":"Kerzen, Kunsthandwerk und Samstagscaf\u00e9 in Dunderbo","author":"Mats Thorburn","date":"13 August 2011","format":false,"excerpt":"Bei Dunderbo Candles &amp; Crafts k\u00f6nnen Sie handgefertigte Kerzen und lokales Kunsthandwerk kaufen - und samstags gibt es ein Caf\u00e9.","rel":"","context":"In &quot;\u00c4ldre inl\u00e4gg&quot;","block_context":{"text":"\u00c4ldre inl\u00e4gg","link":"https:\/\/www.fjardhundraland.se\/de\/aldre-inlagg\/"},"img":{"alt_text":"Dunderbo ljus och hantverk","src":"https:\/\/dunderbohantverk.files.wordpress.com\/2010\/10\/boden1.jpg?w=350&h=200&crop=1","width":350,"height":200},"classes":[]},{"id":1482,"url":"https:\/\/www.fjardhundraland.se\/de\/gardsbutiker\/2013\/oppet-hus-med-ljus\/","url_meta":{"origin":3794,"position":2},"title":"Offenes Haus mit Licht!","author":"Ylva Fontell","date":"29 Oktober 2013","format":false,"excerpt":"Am 1. und 2. November findet bei Dunderbo Ljus &amp; Hantverk ein Tag der offenen T\u00fcr statt, an dem sch\u00f6ne Weihnachtsgruppen und Kerzen in den Farben der Weihnachtszeit verkauft werden. Au\u00dferdem finden Sie am Stand gestrickte F\u00e4ustlinge, Stulpen und warme Raggsocken, sch\u00f6ne Weihnachtsl\u00e4ufer f\u00fcr den Tisch, Schmuck und vieles mehr. Nutzen Sie die Gelegenheit, um Geschenke f\u00fcr Weihnachten zu bestellen,...","rel":"","context":"In &quot;\u00c4ldre inl\u00e4gg&quot;","block_context":{"text":"\u00c4ldre inl\u00e4gg","link":"https:\/\/www.fjardhundraland.se\/de\/aldre-inlagg\/"},"img":{"alt_text":"","src":"","width":0,"height":0},"classes":[]},{"id":1178,"url":"https:\/\/www.fjardhundraland.se\/de\/gardsbutiker\/2012\/hostmarknad-i-dunderbo\/","url_meta":{"origin":3794,"position":3},"title":"Herbstmarkt in Dunderbo","author":"Ylva Fontell","date":"23 August 2012","format":false,"excerpt":"Am ersten Wochenende im September findet bei Dunderbo Ljus &amp; Hantverk ein Herbstmarkt statt. Es werden handgefertigte Kerzen, Messer, Flickenteppiche und vieles mehr angeboten. An diesem Wochenende besteht auch die M\u00f6glichkeit, G\u00f6ran Mellstr\u00f6m zuzuh\u00f6ren, der \u00fcber das Soldatendorf in Dunderbo erz\u00e4hlt. Kaffeeservice mit selbstgebackenem Brot. Der Markt ist...","rel":"","context":"In &quot;\u00c4ldre inl\u00e4gg&quot;","block_context":{"text":"\u00c4ldre inl\u00e4gg","link":"https:\/\/www.fjardhundraland.se\/de\/aldre-inlagg\/"},"img":{"alt_text":"","src":"","width":0,"height":0},"classes":[]},{"id":5295,"url":"https:\/\/www.fjardhundraland.se\/de\/upplevelser\/2018\/tva-sommarjubileer\/","url_meta":{"origin":3794,"position":4},"title":"Zwei Sommerjubil\u00e4en","author":"Ylva Fontell","date":"10 Juli 2018","format":false,"excerpt":"Herzlichen Gl\u00fcckwunsch an Salnecke Slottscaf\u00e9 und Dunderbo Ljus &amp; Hantverk, die im Juli ihr Jubil\u00e4um feiern! Sie sind zwei wunderbare Orte, die das Leben auf dem Lande angenehmer machen. Vor einem Jahr nahm das Salnecke Castle Caf\u00e9, Cheese &amp; Deli seinen Betrieb auf. Das einj\u00e4hrige Jubil\u00e4um muss nat\u00fcrlich gefeiert werden! Am Samstag, dem 14. Juli, findet eine...","rel":"","context":"In &quot;\u00c4ldre inl\u00e4gg&quot;","block_context":{"text":"\u00c4ldre inl\u00e4gg","link":"https:\/\/www.fjardhundraland.se\/de\/aldre-inlagg\/"},"img":{"alt_text":"","src":"https:\/\/i0.wp.com\/www.fjardhundraland.se\/wp-content\/uploads\/2018\/07\/pr_stkragar-2017-juni-28-20-57-09-59_4852_-n-17_632_-e-1.jpg?resize=350%2C200&ssl=1","width":350,"height":200,"srcset":"https:\/\/i0.wp.com\/www.fjardhundraland.se\/wp-content\/uploads\/2018\/07\/pr_stkragar-2017-juni-28-20-57-09-59_4852_-n-17_632_-e-1.jpg?resize=350%2C200&ssl=1 1x, https:\/\/i0.wp.com\/www.fjardhundraland.se\/wp-content\/uploads\/2018\/07\/pr_stkragar-2017-juni-28-20-57-09-59_4852_-n-17_632_-e-1.jpg?resize=525%2C300&ssl=1 1.5x, https:\/\/i0.wp.com\/www.fjardhundraland.se\/wp-content\/uploads\/2018\/07\/pr_stkragar-2017-juni-28-20-57-09-59_4852_-n-17_632_-e-1.jpg?resize=700%2C400&ssl=1 2x, https:\/\/i0.wp.com\/www.fjardhundraland.se\/wp-content\/uploads\/2018\/07\/pr_stkragar-2017-juni-28-20-57-09-59_4852_-n-17_632_-e-1.jpg?resize=1050%2C600&ssl=1 3x, https:\/\/i0.wp.com\/www.fjardhundraland.se\/wp-content\/uploads\/2018\/07\/pr_stkragar-2017-juni-28-20-57-09-59_4852_-n-17_632_-e-1.jpg?resize=1400%2C800&ssl=1 4x"},"classes":[]},{"id":1442,"url":"https:\/\/www.fjardhundraland.se\/de\/hantverk\/2013\/hantverks-skordemarknad\/","url_meta":{"origin":3794,"position":5},"title":"Handwerks- und Erntemarkt","author":"Ylva Fontell","date":"26 September 2013","format":false,"excerpt":"Willkommen in der M\u00fchle von Forsby am Samstag, den 28. September von 11-16 Uhr. Fj\u00e4rdhundrabygdens sl\u00f6jdare organisiert einen Markt mit Kunsthandwerk und saisonalen Ernteprodukten. Das Caf\u00e9 in der M\u00fchle ist ebenfalls ge\u00f6ffnet! \u00a0","rel":"","context":"In &quot;\u00c4ldre inl\u00e4gg&quot;","block_context":{"text":"\u00c4ldre inl\u00e4gg","link":"https:\/\/www.fjardhundraland.se\/de\/aldre-inlagg\/"},"img":{"alt_text":"","src":"","width":0,"height":0},"classes":[]}],"jetpack_sharing_enabled":true,"_links":{"self":[{"href":"https:\/\/www.fjardhundraland.se\/de\/wp-json\/wp\/v2\/posts\/3794","targetHints":{"allow":["GET"]}}],"collection":[{"href":"https:\/\/www.fjardhundraland.se\/de\/wp-json\/wp\/v2\/posts"}],"about":[{"href":"https:\/\/www.fjardhundraland.se\/de\/wp-json\/wp\/v2\/types\/post"}],"author":[{"embeddable":true,"href":"https:\/\/www.fjardhundraland.se\/de\/wp-json\/wp\/v2\/users\/1"}],"replies":[{"embeddable":true,"href":"https:\/\/www.fjardhundraland.se\/de\/wp-json\/wp\/v2\/comments?post=3794"}],"version-history":[{"count":1,"href":"https:\/\/www.fjardhundraland.se\/de\/wp-json\/wp\/v2\/posts\/3794\/revisions"}],"predecessor-version":[{"id":19629,"href":"https:\/\/www.fjardhundraland.se\/de\/wp-json\/wp\/v2\/posts\/3794\/revisions\/19629"}],"wp:featuredmedia":[{"embeddable":true,"href":"https:\/\/www.fjardhundraland.se\/de\/wp-json\/wp\/v2\/media\/3805"}],"wp:attachment":[{"href":"https:\/\/www.fjardhundraland.se\/de\/wp-json\/wp\/v2\/media?parent=3794"}],"wp:term":[{"taxonomy":"category","embeddable":true,"href":"https:\/\/www.fjardhundraland.se\/de\/wp-json\/wp\/v2\/categories?post=3794"},{"taxonomy":"post_tag","embeddable":true,"href":"https:\/\/www.fjardhundraland.se\/de\/wp-json\/wp\/v2\/tags?post=3794"}],"curies":[{"name":"wp","href":"https:\/\/api.w.org\/{rel}","templated":true}]}}