
{"id":364,"date":"2011-06-18T01:43:52","date_gmt":"2011-06-17T23:43:52","guid":{"rendered":"http:\/\/www.fjardhundraland.se\/?p=364"},"modified":"2026-02-05T13:40:42","modified_gmt":"2026-02-05T12:40:42","slug":"zehnjahriges-jubilaum-des-stadtmarktes","status":"publish","type":"post","link":"https:\/\/www.fjardhundraland.se\/de\/externt\/2011\/tioarsjubilerande-bymarkad\/","title":{"rendered":"Zehnj\u00e4hriges Bestehen des Stadtmarktes"},"content":{"rendered":"<p>Am Sonntag, den 19. Juni, findet zum zehnten Mal die gut besuchte <a title=\"H\u00e4rnevi Dorfmarkt\" href=\"https:\/\/www.harnevibymarknad.se\/\" target=\"_blank\" rel=\"noopener\">H\u00e4rnevi Dorfmarkt<\/a>. Ein Besuch ist empfehlenswert - eine perfekte Kombination aus einem sch\u00f6nen Dorf und einem abwechslungsreichen und angenehmen Markt!<\/p>\n<p>&nbsp;<\/p>","protected":false},"excerpt":{"rendered":"<p>Am Sonntag, dem 19. Juni, findet zum zehnten Mal der gut besuchte H\u00e4rnevi-Dorfmarkt statt. Ein Besuch ist empfehlenswert - eine perfekte Kombination aus einem sch\u00f6nen Dorf und einem abwechslungsreichen und angenehmen Markt! &nbsp;<\/p>","protected":false},"author":1,"featured_media":0,"comment_status":"open","ping_status":"open","sticky":false,"template":"","format":"standard","meta":{"_acf_changed":false,"_relevanssi_hide_post":"","_relevanssi_hide_content":"","_relevanssi_pin_for_all":"","_relevanssi_pin_keywords":"","_relevanssi_unpin_keywords":"","_relevanssi_related_keywords":"","_relevanssi_related_include_ids":"","_relevanssi_related_exclude_ids":"","_relevanssi_related_no_append":"","_relevanssi_related_not_related":"","_relevanssi_related_posts":"","_relevanssi_noindex_reason":"Rank Math Uteslut fr\u00e5n Relevanssi index","_genesis_hide_title":false,"_genesis_hide_breadcrumbs":false,"_genesis_hide_singular_image":false,"_genesis_hide_footer_widgets":false,"_genesis_custom_body_class":"","_genesis_custom_post_class":"","_genesis_layout":"","_jetpack_memberships_contains_paid_content":false,"footnotes":""},"categories":[353,18],"tags":[352,27,28],"class_list":{"0":"post-364","1":"post","2":"type-post","3":"status-publish","4":"format-standard","6":"category-aldre-inlagg","7":"category-externt","8":"tag-aldre-inlagg","9":"tag-harnevi","10":"tag-marknad","11":"entry"},"acf":[],"visa":null,"geo_latitude":null,"geo_longitude":null,"jetpack_featured_media_url":"","featured_image_src":null,"featured_image_src_square":null,"author_info":{"display_name":"Mats Thorburn","author_link":"https:\/\/www.fjardhundraland.se\/de\/author\/matst\/"},"jetpack-related-posts":[{"id":1022,"url":"https:\/\/www.fjardhundraland.se\/de\/mat\/2012\/harnevi-bymarknad\/","url_meta":{"origin":364,"position":0},"title":"H\u00e4rnevi Dorfmarkt","author":"Mats Thorburn","date":"16 Juni 2012","format":false,"excerpt":"Sonntags ist der H\u00e4rnevi-Dorfmarkt. Dort k\u00f6nnen Sie lokale Produkte kaufen, alte Traktoren bewundern, auf Flohm\u00e4rkten Schn\u00e4ppchen machen, B\u00fccher kaufen und vieles mehr. Immer ein sch\u00f6ner Ausflug!","rel":"","context":"In &quot;\u00c4ldre inl\u00e4gg&quot;","block_context":{"text":"\u00c4ldre inl\u00e4gg","link":"https:\/\/www.fjardhundraland.se\/de\/aldre-inlagg\/"},"img":{"alt_text":"Fj\u00e4rdhundralands mathantverkare p\u00e5 H\u00e4rnevi bymarknad 2011","src":"https:\/\/i0.wp.com\/www.harnevibymarknad.se\/_private\/images\/2011\/khe_bymarknad2011_2.jpg?resize=350%2C200&ssl=1","width":350,"height":200,"srcset":"https:\/\/i0.wp.com\/www.harnevibymarknad.se\/_private\/images\/2011\/khe_bymarknad2011_2.jpg?resize=350%2C200&ssl=1 1x, https:\/\/i0.wp.com\/www.harnevibymarknad.se\/_private\/images\/2011\/khe_bymarknad2011_2.jpg?resize=525%2C300&ssl=1 1.5x"},"classes":[]},{"id":1259,"url":"https:\/\/www.fjardhundraland.se\/de\/hantverk\/2013\/paskgott-och-paskoppet\/","url_meta":{"origin":364,"position":1},"title":"Osterleckereien und Tage der offenen T\u00fcr zu Ostern","author":"Mats Thorburn","date":"30 M\u00e4rz 2013","format":false,"excerpt":"Einige Orte in Fj\u00e4rdhundraland, die man an Ostern besuchen sollte: Gyllene brunnen Dunderbo ljus och hantverk Forsby kvarn kaf\u00e9 Lundellska galleriet Farmor Elsas g\u00e5rdsbageri Kr\u00e5kvilan bageri DOMTA-grisen H\u00e4rnevi plantskola \u00a0","rel":"","context":"In &quot;\u00c4ldre inl\u00e4gg&quot;","block_context":{"text":"\u00c4ldre inl\u00e4gg","link":"https:\/\/www.fjardhundraland.se\/de\/aldre-inlagg\/"},"img":{"alt_text":"","src":"","width":0,"height":0},"classes":[]},{"id":623,"url":"https:\/\/www.fjardhundraland.se\/de\/gardsbutiker\/2011\/skordetid-i-harnevi\/","url_meta":{"origin":364,"position":2},"title":"Erntezeit in H\u00e4rnevi","author":"Mats Thorburn","date":"20 August 2011","format":false,"excerpt":"Die G\u00e4rtnerei H\u00e4rnevi ist in der Region f\u00fcr ihre sch\u00f6nen Bl\u00fctenpflanzen aus eigenem Anbau bekannt. Aber zu dieser Jahreszeit gibt es auch eine sch\u00f6ne Auswahl an eigenem und lokal angebautem Gem\u00fcse.","rel":"","context":"In &quot;\u00c4ldre inl\u00e4gg&quot;","block_context":{"text":"\u00c4ldre inl\u00e4gg","link":"https:\/\/www.fjardhundraland.se\/de\/aldre-inlagg\/"},"img":{"alt_text":"Gr\u00f6nsaker fr\u00e5n H\u00e4rnevi plantskola","src":"https:\/\/i0.wp.com\/www.fjardhundraland.se\/wp-content\/uploads\/2011\/08\/harnevi-1-630x420.jpg?resize=350%2C200&ssl=1","width":350,"height":200,"srcset":"https:\/\/i0.wp.com\/www.fjardhundraland.se\/wp-content\/uploads\/2011\/08\/harnevi-1-630x420.jpg?resize=350%2C200&ssl=1 1x, https:\/\/i0.wp.com\/www.fjardhundraland.se\/wp-content\/uploads\/2011\/08\/harnevi-1-630x420.jpg?resize=525%2C300&ssl=1 1.5x"},"classes":[]},{"id":1206,"url":"https:\/\/www.fjardhundraland.se\/de\/hantverk\/2012\/oppet-hus-18-november\/","url_meta":{"origin":364,"position":3},"title":"Tag der offenen T\u00fcr am 18. November","author":"Ylva Fontell","date":"4 November 2012","format":false,"excerpt":"Am Sonntag, den 18. November, erhalten Sie einen Einblick in das, was Fj\u00e4rdhundraland zu bieten hat. Der Verein stellt sich vor, viele Mitglieder erz\u00e4hlen von ihren Aktivit\u00e4ten\/verkaufen ihre Produkte, Sie k\u00f6nnen essen und Kaffee aus lokaler Produktion trinken und Filme oder Kindertheater sehen. Herzlich willkommen zu einem spannenden Abend in der Herbstdunkelheit! Die G\u00e4rtnerei H\u00e4rnevi ist vor Ort ...","rel":"","context":"In &quot;\u00c4ldre inl\u00e4gg&quot;","block_context":{"text":"\u00c4ldre inl\u00e4gg","link":"https:\/\/www.fjardhundraland.se\/de\/aldre-inlagg\/"},"img":{"alt_text":"","src":"","width":0,"height":0},"classes":[]},{"id":1199,"url":"https:\/\/www.fjardhundraland.se\/de\/mat\/2012\/bakluckeloppis\/","url_meta":{"origin":364,"position":4},"title":"Tailgate-Auktion","author":"Mats Thorburn","date":"12 Oktober 2012","format":false,"excerpt":"Am Sonntag, den 14. Oktober 12-15 Uhr ist es Zeit f\u00fcr eine Heckklappenauktion in der G\u00e4rtnerei H\u00e4rnevi. Der K\u00fchlschrank ist mit dem jetzt erh\u00e4ltlichen Gem\u00fcse gef\u00fcllt, und am Sonntag gibt es Nachschub mit Eiern von Grillby. W\u00e4hrend des Flohmarktes werden auch W\u00fcrstchen gegrillt. Dicke W\u00fcrstchen mit Brot und g\u00e4rtnereieigener Gurkenmayonnaise f\u00fcr einen Zehner!","rel":"","context":"In &quot;\u00c4ldre inl\u00e4gg&quot;","block_context":{"text":"\u00c4ldre inl\u00e4gg","link":"https:\/\/www.fjardhundraland.se\/de\/aldre-inlagg\/"},"img":{"alt_text":"","src":"","width":0,"height":0},"classes":[]},{"id":3505,"url":"https:\/\/www.fjardhundraland.se\/de\/marknad-2\/2016\/smaka-pa-enkoping\/","url_meta":{"origin":364,"position":5},"title":"Verkostung des Enk\u00f6ping 2016","author":"Mats Thorburn","date":"17 August 2016","format":false,"excerpt":"Am 3. September findet im Rahmen des Gartentages der \"Taste of Enk\u00f6ping\" statt. Die Veranstaltung bringt lokal produzierte und biologische Lebensmittel auf einer Messe und einem Markt entlang der Uferpromenade am Fluss Enk\u00f6ping zusammen. Fj\u00e4rdhundraland ist das Herzst\u00fcck der lokalen Produktion und l\u00e4dt Sie zu einem Markt auf der Wiese neben den Restaurants von Smaka p\u00e5 Enk\u00f6ping ein. Teilnehmer...","rel":"","context":"In &quot;Marknad&quot;","block_context":{"text":"Marknad","link":"https:\/\/www.fjardhundraland.se\/de\/marknad-2\/"},"img":{"alt_text":"Fj\u00e4rdhundraland p\u00e5 marknad Smaka p\u00e5 enkoping","src":"https:\/\/i0.wp.com\/www.fjardhundraland.se\/wp-content\/uploads\/2016\/03\/Fjardhundraland-marknad-smaka-pa-enkoping.jpg?resize=350%2C200&ssl=1","width":350,"height":200,"srcset":"https:\/\/i0.wp.com\/www.fjardhundraland.se\/wp-content\/uploads\/2016\/03\/Fjardhundraland-marknad-smaka-pa-enkoping.jpg?resize=350%2C200&ssl=1 1x, https:\/\/i0.wp.com\/www.fjardhundraland.se\/wp-content\/uploads\/2016\/03\/Fjardhundraland-marknad-smaka-pa-enkoping.jpg?resize=525%2C300&ssl=1 1.5x, https:\/\/i0.wp.com\/www.fjardhundraland.se\/wp-content\/uploads\/2016\/03\/Fjardhundraland-marknad-smaka-pa-enkoping.jpg?resize=700%2C400&ssl=1 2x, https:\/\/i0.wp.com\/www.fjardhundraland.se\/wp-content\/uploads\/2016\/03\/Fjardhundraland-marknad-smaka-pa-enkoping.jpg?resize=1050%2C600&ssl=1 3x, https:\/\/i0.wp.com\/www.fjardhundraland.se\/wp-content\/uploads\/2016\/03\/Fjardhundraland-marknad-smaka-pa-enkoping.jpg?resize=1400%2C800&ssl=1 4x"},"classes":[]}],"jetpack_sharing_enabled":true,"_links":{"self":[{"href":"https:\/\/www.fjardhundraland.se\/de\/wp-json\/wp\/v2\/posts\/364","targetHints":{"allow":["GET"]}}],"collection":[{"href":"https:\/\/www.fjardhundraland.se\/de\/wp-json\/wp\/v2\/posts"}],"about":[{"href":"https:\/\/www.fjardhundraland.se\/de\/wp-json\/wp\/v2\/types\/post"}],"author":[{"embeddable":true,"href":"https:\/\/www.fjardhundraland.se\/de\/wp-json\/wp\/v2\/users\/1"}],"replies":[{"embeddable":true,"href":"https:\/\/www.fjardhundraland.se\/de\/wp-json\/wp\/v2\/comments?post=364"}],"version-history":[{"count":1,"href":"https:\/\/www.fjardhundraland.se\/de\/wp-json\/wp\/v2\/posts\/364\/revisions"}],"predecessor-version":[{"id":19762,"href":"https:\/\/www.fjardhundraland.se\/de\/wp-json\/wp\/v2\/posts\/364\/revisions\/19762"}],"wp:attachment":[{"href":"https:\/\/www.fjardhundraland.se\/de\/wp-json\/wp\/v2\/media?parent=364"}],"wp:term":[{"taxonomy":"category","embeddable":true,"href":"https:\/\/www.fjardhundraland.se\/de\/wp-json\/wp\/v2\/categories?post=364"},{"taxonomy":"post_tag","embeddable":true,"href":"https:\/\/www.fjardhundraland.se\/de\/wp-json\/wp\/v2\/tags?post=364"}],"curies":[{"name":"wp","href":"https:\/\/api.w.org\/{rel}","templated":true}]}}