
{"id":343,"date":"2011-06-09T10:22:33","date_gmt":"2011-06-09T08:22:33","guid":{"rendered":"http:\/\/www.fjardhundraland.se\/?p=343"},"modified":"2026-02-05T13:40:42","modified_gmt":"2026-02-05T12:40:42","slug":"bald-ausgebucht-lokale-delikatessen-echtes-handwerk","status":"publish","type":"post","link":"https:\/\/www.fjardhundraland.se\/de\/externt\/2011\/snart-fullbokat-lokala-delikatesser-genuint-hantverk\/","title":{"rendered":"Bald ausgebucht: Lokale K\u00f6stlichkeiten &amp; echtes Handwerk"},"content":{"rendered":"<p><em>Nutzen Sie die Chance - es gibt nur noch wenige Pl\u00e4tze!<\/em> Ein ganzer Tag mit gutem Essen und feinem Handwerk. Sehen, h\u00f6ren und schmecken: \u00fcber handwerkliche Traditionen und die Herstellung von Lebensmitteln in kleinen Betrieben. Der Ausflug findet am 6.7. und 20.7. von Enk\u00f6ping aus statt. <a title=\"Pauschalreisen in Fj\u00e4rdhundraland\" href=\"https:\/\/www.fjardhundraland.se\/de\/paketresor-i-fjardhundraland\/\">Lesen Sie hier mehr<\/a>.<\/p>","protected":false},"excerpt":{"rendered":"<p>Nutzen Sie die Chance - es gibt nur noch wenige Pl\u00e4tze! Ein ganzer Tag mit gutem Essen und feinem Handwerk. Sehen, h\u00f6ren und schmecken: \u00fcber handwerkliche Traditionen und die Herstellung von Lebensmitteln in kleinen Betrieben. Die Reise beginnt am Enk\u00f6ping 6\/7 und 20\/7. Lesen Sie hier mehr.<\/p>","protected":false},"author":1,"featured_media":0,"comment_status":"open","ping_status":"open","sticky":false,"template":"","format":"standard","meta":{"_acf_changed":false,"_relevanssi_hide_post":"","_relevanssi_hide_content":"","_relevanssi_pin_for_all":"","_relevanssi_pin_keywords":"","_relevanssi_unpin_keywords":"","_relevanssi_related_keywords":"","_relevanssi_related_include_ids":"","_relevanssi_related_exclude_ids":"","_relevanssi_related_no_append":"","_relevanssi_related_not_related":"","_relevanssi_related_posts":"","_relevanssi_noindex_reason":"Rank Math Uteslut fr\u00e5n Relevanssi index","_genesis_hide_title":false,"_genesis_hide_breadcrumbs":false,"_genesis_hide_singular_image":false,"_genesis_hide_footer_widgets":false,"_genesis_custom_body_class":"","_genesis_custom_post_class":"","_genesis_layout":"","_jetpack_memberships_contains_paid_content":false,"footnotes":""},"categories":[353,18,22,26],"tags":[352,197,200],"class_list":{"0":"post-343","1":"post","2":"type-post","3":"status-publish","4":"format-standard","6":"category-aldre-inlagg","7":"category-externt","8":"category-mat","9":"category-paketresor","10":"tag-aldre-inlagg","11":"tag-mat","12":"tag-paketresor","13":"entry"},"acf":[],"visa":null,"geo_latitude":null,"geo_longitude":null,"jetpack_featured_media_url":"","featured_image_src":null,"featured_image_src_square":null,"author_info":{"display_name":"Mats Thorburn","author_link":"https:\/\/www.fjardhundraland.se\/de\/author\/matst\/"},"jetpack-related-posts":[{"id":399,"url":"https:\/\/www.fjardhundraland.se\/de\/hantverk\/2011\/delikatesser-och-hantverk-pa-onsdag\/","url_meta":{"origin":343,"position":0},"title":"K\u00f6stlichkeiten und Handwerk am Mittwoch","author":"Mats Thorburn","date":"4 Juli 2011","format":false,"excerpt":"Am Mittwoch werden auf der Reise lokale K\u00f6stlichkeiten und Handwerksprodukte angeboten. Es gibt noch ein paar Pl\u00e4tze! Die letzte Chance zur Buchung ist heute, Montag, der 7.4. Rufen Sie Lena Carlsson an, 070-695 92 05. Die Reise muss im Voraus gebucht werden.","rel":"","context":"In &quot;\u00c4ldre inl\u00e4gg&quot;","block_context":{"text":"\u00c4ldre inl\u00e4gg","link":"https:\/\/www.fjardhundraland.se\/de\/aldre-inlagg\/"},"img":{"alt_text":"","src":"","width":0,"height":0},"classes":[]},{"id":329,"url":"https:\/\/www.fjardhundraland.se\/de\/externt\/2011\/nationaldag-cykelturer-och-paketresor\/","url_meta":{"origin":343,"position":1},"title":"Nationalfeiertag, Radreisen und Pauschalreisen","author":"Mats Thorburn","date":"7 Juni 2011","format":false,"excerpt":"Danke an alle, die gestern im Schulpark Fj\u00e4rdhundraland, Enk\u00f6ping gesprochen haben! F\u00fcr alle, die sich \u00fcber die Radtouren und Pauschalreisen informieren wollten, aber keine Infobl\u00e4tter bekommen haben, weil sie ausgegangen sind: hier k\u00f6nnen Sie \u00fcber die gef\u00fchrten Touren zu den Themen Natur, Geschichte und Essen &amp; Handwerk lesen. (Beeilen Sie sich und buchen Sie, die Pl\u00e4tze sind begrenzt...","rel":"","context":"In &quot;\u00c4ldre inl\u00e4gg&quot;","block_context":{"text":"\u00c4ldre inl\u00e4gg","link":"https:\/\/www.fjardhundraland.se\/de\/aldre-inlagg\/"},"img":{"alt_text":"","src":"","width":0,"height":0},"classes":[]},{"id":264,"url":"https:\/\/www.fjardhundraland.se\/de\/externt\/2011\/premiartur-i-fjardhundraland\/","url_meta":{"origin":343,"position":2},"title":"Premiere-Tour in Fj\u00e4rdhundraland","author":"Ylva Fontell","date":"19 Mai 2011","format":false,"excerpt":"Am Mittwoch, den 18. Mai, war die Premiere der Pauschalreisen im Dorf. Die erste Gruppe erlebte einen sonnigen Tag mit lokal produzierten K\u00f6stlichkeiten, kuscheligen L\u00e4mmchen und Fj\u00e4rdhundraland in Fr\u00fchlingsfarben. Nun hoffen wir auf neue zufriedene Besucher bei den restlichen Reisen. Mehr Infos unter Pauschalreisen.","rel":"","context":"In &quot;\u00c4ldre inl\u00e4gg&quot;","block_context":{"text":"\u00c4ldre inl\u00e4gg","link":"https:\/\/www.fjardhundraland.se\/de\/aldre-inlagg\/"},"img":{"alt_text":"","src":"","width":0,"height":0},"classes":[]},{"id":2258,"url":"https:\/\/www.fjardhundraland.se\/de\/hantverk\/2014\/majoppet-siggesta-vavstuga\/","url_meta":{"origin":343,"position":3},"title":"Maifeiertag in der Weberei Siggesta","author":"Mats Thorburn","date":"3 Mai 2014","format":false,"excerpt":"An drei Mittwochs-Tagen im Mai hat das Webereizentrum Siggesta einen Tag der offenen T\u00fcr. Dort k\u00f6nnen Sie altmodische Handarbeiten anschauen und kaufen - die Sie im modernen Haushalt verwenden k\u00f6nnen. Es wird guter Kaffee mit hausgemachtem Geb\u00e4ck serviert! Infos unter 073-801 15 22. Drei Mittwoche im Mai 2014: 7., 14. und 21. um 17 Uhr...","rel":"","context":"In &quot;\u00c4ldre inl\u00e4gg&quot;","block_context":{"text":"\u00c4ldre inl\u00e4gg","link":"https:\/\/www.fjardhundraland.se\/de\/aldre-inlagg\/"},"img":{"alt_text":"","src":"https:\/\/i0.wp.com\/www.fjardhundraland.se\/wp-content\/uploads\/2014\/03\/siggesta.jpg?resize=350%2C200&ssl=1","width":350,"height":200,"srcset":"https:\/\/i0.wp.com\/www.fjardhundraland.se\/wp-content\/uploads\/2014\/03\/siggesta.jpg?resize=350%2C200&ssl=1 1x, https:\/\/i0.wp.com\/www.fjardhundraland.se\/wp-content\/uploads\/2014\/03\/siggesta.jpg?resize=525%2C300&ssl=1 1.5x, https:\/\/i0.wp.com\/www.fjardhundraland.se\/wp-content\/uploads\/2014\/03\/siggesta.jpg?resize=700%2C400&ssl=1 2x, https:\/\/i0.wp.com\/www.fjardhundraland.se\/wp-content\/uploads\/2014\/03\/siggesta.jpg?resize=1050%2C600&ssl=1 3x, https:\/\/i0.wp.com\/www.fjardhundraland.se\/wp-content\/uploads\/2014\/03\/siggesta.jpg?resize=1400%2C800&ssl=1 4x"},"classes":[]},{"id":1252,"url":"https:\/\/www.fjardhundraland.se\/de\/hantverk\/2013\/varoppning-i-hammarby\/","url_meta":{"origin":343,"position":4},"title":"Winter ge\u00f6ffnet in Hammarby","author":"Mats Thorburn","date":"31 Januar 2013","format":false,"excerpt":"Am Sonntag, dem 3. Februar, \u00f6ffnet die Kr\u00e5kvilan ihren Laden, ihre B\u00e4ckerei und ihr Caf\u00e9 f\u00fcr die Saison. Ge\u00f6ffnet von 11.00-16.00 Uhr.","rel":"","context":"In &quot;\u00c4ldre inl\u00e4gg&quot;","block_context":{"text":"\u00c4ldre inl\u00e4gg","link":"https:\/\/www.fjardhundraland.se\/de\/aldre-inlagg\/"},"img":{"alt_text":"","src":"","width":0,"height":0},"classes":[]},{"id":933,"url":"https:\/\/www.fjardhundraland.se\/de\/hantverk\/2012\/varmarknad-i-dunderbo\/","url_meta":{"origin":343,"position":5},"title":"Fr\u00fchlingsmarkt in Dunderbo","author":"Ylva Fontell","date":"12 Mai 2012","format":false,"excerpt":"Am Wochenende vom 19. und 20. Mai findet in Dunderbo Ljus &amp; Hantverk ein Fr\u00fchlingsmarkt statt. Es wird Kunsthandwerk aus der Region angeboten, z. B. Messer, Schmuck und Flickenteppiche. Au\u00dferdem werden lokale Lebensmittel angeboten: Marmeladen, Chutney, Brot, Honig und vieles mehr. Im Zusammenhang mit dem Markt werden auch F\u00fchrungen auf dem Kriegspfad angeboten. Lesen Sie mehr...","rel":"","context":"In &quot;\u00c4ldre inl\u00e4gg&quot;","block_context":{"text":"\u00c4ldre inl\u00e4gg","link":"https:\/\/www.fjardhundraland.se\/de\/aldre-inlagg\/"},"img":{"alt_text":"","src":"","width":0,"height":0},"classes":[]}],"jetpack_sharing_enabled":true,"_links":{"self":[{"href":"https:\/\/www.fjardhundraland.se\/de\/wp-json\/wp\/v2\/posts\/343","targetHints":{"allow":["GET"]}}],"collection":[{"href":"https:\/\/www.fjardhundraland.se\/de\/wp-json\/wp\/v2\/posts"}],"about":[{"href":"https:\/\/www.fjardhundraland.se\/de\/wp-json\/wp\/v2\/types\/post"}],"author":[{"embeddable":true,"href":"https:\/\/www.fjardhundraland.se\/de\/wp-json\/wp\/v2\/users\/1"}],"replies":[{"embeddable":true,"href":"https:\/\/www.fjardhundraland.se\/de\/wp-json\/wp\/v2\/comments?post=343"}],"version-history":[{"count":1,"href":"https:\/\/www.fjardhundraland.se\/de\/wp-json\/wp\/v2\/posts\/343\/revisions"}],"predecessor-version":[{"id":19763,"href":"https:\/\/www.fjardhundraland.se\/de\/wp-json\/wp\/v2\/posts\/343\/revisions\/19763"}],"wp:attachment":[{"href":"https:\/\/www.fjardhundraland.se\/de\/wp-json\/wp\/v2\/media?parent=343"}],"wp:term":[{"taxonomy":"category","embeddable":true,"href":"https:\/\/www.fjardhundraland.se\/de\/wp-json\/wp\/v2\/categories?post=343"},{"taxonomy":"post_tag","embeddable":true,"href":"https:\/\/www.fjardhundraland.se\/de\/wp-json\/wp\/v2\/tags?post=343"}],"curies":[{"name":"wp","href":"https:\/\/api.w.org\/{rel}","templated":true}]}}