
{"id":329,"date":"2011-06-07T10:09:05","date_gmt":"2011-06-07T08:09:05","guid":{"rendered":"http:\/\/www.fjardhundraland.se\/?p=329"},"modified":"2026-02-05T13:40:42","modified_gmt":"2026-02-05T12:40:42","slug":"nationale-tagesradtouren-und-pauschalreisen","status":"publish","type":"post","link":"https:\/\/www.fjardhundraland.se\/de\/externt\/2011\/nationaldag-cykelturer-och-paketresor\/","title":{"rendered":"Nationalfeiertag, Radreisen und Pauschalreisen"},"content":{"rendered":"<p>Danke an alle, die gestern im Schulpark Fj\u00e4rdhundraland, Enk\u00f6ping gesprochen haben! F\u00fcr alle, die sich \u00fcber Radtouren und Pauschalreisen informieren wollten, aber keine Infobl\u00e4tter bekommen haben, weil sie ausgegangen sind: hier k\u00f6nnt ihr \u00fcber die gef\u00fchrten Touren zum Thema lesen <a title=\"Pauschalreisen in Fj\u00e4rdhundraland\" href=\"https:\/\/www.fjardhundraland.se\/de\/paketresor-i-fjardhundraland\/\">Natur, Geschichte und Essen &amp; Handwerk<\/a>. (Beeilen Sie sich und buchen Sie, die Pl\u00e4tze sind begrenzt.) Die auf der Karte des Fj\u00e4rdhundra-Distrikts eingezeichneten Fahrradrouten wurden ebenfalls <a title=\"Radtouren\" href=\"https:\/\/www.fjardhundraland.se\/de\/cykelturer\/\">Beschreibungen, die Sie hier herunterladen k\u00f6nnen<\/a>.<\/p>","protected":false},"excerpt":{"rendered":"<p>Tack till alla ni som pratade Fj\u00e4rdhundraland i Skolparken, Enk\u00f6ping ig\u00e5r!\u00a0Till er som ville ha info om cykelturer och paketresor men inte fick infoblad eftersom de tog slut: h\u00e4r kan du l\u00e4sa om de guidade turerna p\u00e5 tema natur, historia och mat &amp; hantverk. (Skynda att boka, det \u00e4r begr\u00e4nsat med plats.) De cykelturer som [&hellip;]<\/p>\n","protected":false},"author":1,"featured_media":0,"comment_status":"open","ping_status":"open","sticky":false,"template":"","format":"standard","meta":{"_acf_changed":false,"_relevanssi_hide_post":"","_relevanssi_hide_content":"","_relevanssi_pin_for_all":"","_relevanssi_pin_keywords":"","_relevanssi_unpin_keywords":"","_relevanssi_related_keywords":"","_relevanssi_related_include_ids":"","_relevanssi_related_exclude_ids":"","_relevanssi_related_no_append":"","_relevanssi_related_not_related":"","_relevanssi_related_posts":"","_relevanssi_noindex_reason":"Rank Math Uteslut fr\u00e5n Relevanssi index","_genesis_hide_title":false,"_genesis_hide_breadcrumbs":false,"_genesis_hide_singular_image":false,"_genesis_hide_footer_widgets":false,"_genesis_custom_body_class":"","_genesis_custom_post_class":"","_genesis_layout":"","_jetpack_memberships_contains_paid_content":false,"footnotes":""},"categories":[353,18],"tags":[352],"class_list":{"0":"post-329","1":"post","2":"type-post","3":"status-publish","4":"format-standard","6":"category-aldre-inlagg","7":"category-externt","8":"tag-aldre-inlagg","9":"entry"},"acf":[],"visa":null,"geo_latitude":null,"geo_longitude":null,"jetpack_featured_media_url":"","featured_image_src":null,"featured_image_src_square":null,"author_info":{"display_name":"Mats Thorburn","author_link":"https:\/\/www.fjardhundraland.se\/de\/author\/matst\/"},"jetpack-related-posts":[{"id":264,"url":"https:\/\/www.fjardhundraland.se\/de\/externt\/2011\/premiartur-i-fjardhundraland\/","url_meta":{"origin":329,"position":0},"title":"Premiere-Tour in Fj\u00e4rdhundraland","author":"Ylva Fontell","date":"19 Mai 2011","format":false,"excerpt":"Am Mittwoch, den 18. Mai, war die Premiere der Pauschalreisen im Dorf. Die erste Gruppe erlebte einen sonnigen Tag mit lokal produzierten K\u00f6stlichkeiten, kuscheligen L\u00e4mmchen und Fj\u00e4rdhundraland in Fr\u00fchlingsfarben. Nun hoffen wir auf neue zufriedene Besucher bei den restlichen Reisen. Mehr Infos unter Pauschalreisen.","rel":"","context":"In &quot;\u00c4ldre inl\u00e4gg&quot;","block_context":{"text":"\u00c4ldre inl\u00e4gg","link":"https:\/\/www.fjardhundraland.se\/de\/aldre-inlagg\/"},"img":{"alt_text":"","src":"","width":0,"height":0},"classes":[]},{"id":343,"url":"https:\/\/www.fjardhundraland.se\/de\/externt\/2011\/snart-fullbokat-lokala-delikatesser-genuint-hantverk\/","url_meta":{"origin":329,"position":1},"title":"Bald ausgebucht: Lokale K\u00f6stlichkeiten &amp; echtes Handwerk","author":"Mats Thorburn","date":"9 Juni 2011","format":false,"excerpt":"Nutzen Sie die Chance - es gibt nur noch wenige Pl\u00e4tze! Ein ganzer Tag mit gutem Essen und feinem Handwerk. Sehen, h\u00f6ren und schmecken: \u00fcber handwerkliche Traditionen und die Herstellung von Lebensmitteln in kleinen Betrieben. Die Reise beginnt am Enk\u00f6ping 6\/7 und 20\/7. Lesen Sie hier mehr.","rel":"","context":"In &quot;\u00c4ldre inl\u00e4gg&quot;","block_context":{"text":"\u00c4ldre inl\u00e4gg","link":"https:\/\/www.fjardhundraland.se\/de\/aldre-inlagg\/"},"img":{"alt_text":"","src":"","width":0,"height":0},"classes":[]},{"id":399,"url":"https:\/\/www.fjardhundraland.se\/de\/hantverk\/2011\/delikatesser-och-hantverk-pa-onsdag\/","url_meta":{"origin":329,"position":2},"title":"K\u00f6stlichkeiten und Handwerk am Mittwoch","author":"Mats Thorburn","date":"4 Juli 2011","format":false,"excerpt":"Am Mittwoch werden auf der Reise lokale K\u00f6stlichkeiten und Handwerksprodukte angeboten. Es gibt noch ein paar Pl\u00e4tze! Die letzte Chance zur Buchung ist heute, Montag, der 7.4. Rufen Sie Lena Carlsson an, 070-695 92 05. Die Reise muss im Voraus gebucht werden.","rel":"","context":"In &quot;\u00c4ldre inl\u00e4gg&quot;","block_context":{"text":"\u00c4ldre inl\u00e4gg","link":"https:\/\/www.fjardhundraland.se\/de\/aldre-inlagg\/"},"img":{"alt_text":"","src":"","width":0,"height":0},"classes":[]},{"id":2490,"url":"https:\/\/www.fjardhundraland.se\/de\/rebusrunda\/2014\/medverkande-pa-rebusrundan-2014\/","url_meta":{"origin":329,"position":3},"title":"Teilnehmer an der Rebus-Runde 2014","author":"Mats Thorburn","date":"10 August 2014","format":false,"excerpt":"Alsta Gardens - Gartencaf\u00e9 und Galerie. Laufende Ausstellungen: Aquarellist\/Buchillustrator Maj Fagerberg Blumenbilder, K\u00fcnstler Lars Wallin, Vogelbilder. Franz\u00e9n's charcuterie - Bio-W\u00fcrste und erstklassige Wurstwaren von unseren eigenen Linder\u00f6d-Schweinen. Gula Stallets Butik &amp; Kaf\u00e9 - Caf\u00e9 mit hausgemachtem und leichtem Mittagessen und Hofladen mit lokal produzierten und biologischen K\u00f6stlichkeiten. Enten, H\u00fchner, Kaninchen, Schafe, Pferde, Hunde und Katzen. Innenbereich ...","rel":"","context":"In &quot;\u00c4ldre inl\u00e4gg&quot;","block_context":{"text":"\u00c4ldre inl\u00e4gg","link":"https:\/\/www.fjardhundraland.se\/de\/aldre-inlagg\/"},"img":{"alt_text":"","src":"","width":0,"height":0},"classes":[]},{"id":5950,"url":"https:\/\/www.fjardhundraland.se\/de\/utflykt\/2022\/o-ringen-uppsala-2022-utflykter-aktiviteter\/","url_meta":{"origin":329,"position":4},"title":"O-Ringe Uppsala 2022","author":"Mats Thorburn","date":"1 Juni 2022","format":false,"excerpt":"O-ringen Uppsala - Ausfl\u00fcge, Aktivit\u00e4ten und touristische Ziele Sie wohnen am O-Ring in Uppsala und planen einen Ausflug? Nur eine kurze Auto- oder Fahrradfahrt entfernt finden Sie Fj\u00e4rdhundraland, das Land zwischen Uppsala, V\u00e4ster\u00e5s, Enk\u00f6ping und Stockholm, mit dem Besten an Natur, Essen und Kultur. Eine Toskana im Kleinformat in bequemer Entfernung zur Stadt am O-Ring! 29 Pl\u00e4tze...","rel":"","context":"In &quot;Utflykt&quot;","block_context":{"text":"Utflykt","link":"https:\/\/www.fjardhundraland.se\/de\/utflykt\/"},"img":{"alt_text":"Orientering Oringen Uppsala aktivitetsdag","src":"https:\/\/i0.wp.com\/www.fjardhundraland.se\/wp-content\/uploads\/2022\/06\/orintering-oringen-uppsala-aktivitetsdag.jpg?resize=350%2C200&ssl=1","width":350,"height":200,"srcset":"https:\/\/i0.wp.com\/www.fjardhundraland.se\/wp-content\/uploads\/2022\/06\/orintering-oringen-uppsala-aktivitetsdag.jpg?resize=350%2C200&ssl=1 1x, https:\/\/i0.wp.com\/www.fjardhundraland.se\/wp-content\/uploads\/2022\/06\/orintering-oringen-uppsala-aktivitetsdag.jpg?resize=525%2C300&ssl=1 1.5x, https:\/\/i0.wp.com\/www.fjardhundraland.se\/wp-content\/uploads\/2022\/06\/orintering-oringen-uppsala-aktivitetsdag.jpg?resize=700%2C400&ssl=1 2x, https:\/\/i0.wp.com\/www.fjardhundraland.se\/wp-content\/uploads\/2022\/06\/orintering-oringen-uppsala-aktivitetsdag.jpg?resize=1050%2C600&ssl=1 3x, https:\/\/i0.wp.com\/www.fjardhundraland.se\/wp-content\/uploads\/2022\/06\/orintering-oringen-uppsala-aktivitetsdag.jpg?resize=1400%2C800&ssl=1 4x"},"classes":[]},{"id":7937,"url":"https:\/\/www.fjardhundraland.se\/de\/upplevelser\/2021\/upplevelsepaket\/","url_meta":{"origin":329,"position":5},"title":"Pakete erleben","author":"Mats Thorburn","date":"31 M\u00e4rz 2021","format":false,"excerpt":"Wir investieren jetzt in mehr fertige Erlebnisse in Fj\u00e4rdhundraland, wo Sie alles in einem buchen k\u00f6nnen, einschlie\u00dflich Unterkunft, Verpflegung und Aktivit\u00e4ten. Der geheime Garten - von der Idee zur Wirklichkeit Auf dem Ramsj\u00f6 G\u00e5rd k\u00f6nnen Sie zwei Tage lang lernen, wie Sie Ihre Terrasse, Ihren Balkon oder Ihre Orangerie planen, gestalten und dekorieren k\u00f6nnen....","rel":"","context":"In &quot;Paketresor&quot;","block_context":{"text":"Paketresor","link":"https:\/\/www.fjardhundraland.se\/de\/paketresor\/"},"img":{"alt_text":"","src":"https:\/\/i0.wp.com\/www.fjardhundraland.se\/wp-content\/uploads\/2020\/06\/wiks_slott_foto_vasilis_theodorou.jpg?resize=350%2C200&ssl=1","width":350,"height":200,"srcset":"https:\/\/i0.wp.com\/www.fjardhundraland.se\/wp-content\/uploads\/2020\/06\/wiks_slott_foto_vasilis_theodorou.jpg?resize=350%2C200&ssl=1 1x, https:\/\/i0.wp.com\/www.fjardhundraland.se\/wp-content\/uploads\/2020\/06\/wiks_slott_foto_vasilis_theodorou.jpg?resize=525%2C300&ssl=1 1.5x, https:\/\/i0.wp.com\/www.fjardhundraland.se\/wp-content\/uploads\/2020\/06\/wiks_slott_foto_vasilis_theodorou.jpg?resize=700%2C400&ssl=1 2x, https:\/\/i0.wp.com\/www.fjardhundraland.se\/wp-content\/uploads\/2020\/06\/wiks_slott_foto_vasilis_theodorou.jpg?resize=1050%2C600&ssl=1 3x, https:\/\/i0.wp.com\/www.fjardhundraland.se\/wp-content\/uploads\/2020\/06\/wiks_slott_foto_vasilis_theodorou.jpg?resize=1400%2C800&ssl=1 4x"},"classes":[]}],"jetpack_sharing_enabled":true,"_links":{"self":[{"href":"https:\/\/www.fjardhundraland.se\/de\/wp-json\/wp\/v2\/posts\/329","targetHints":{"allow":["GET"]}}],"collection":[{"href":"https:\/\/www.fjardhundraland.se\/de\/wp-json\/wp\/v2\/posts"}],"about":[{"href":"https:\/\/www.fjardhundraland.se\/de\/wp-json\/wp\/v2\/types\/post"}],"author":[{"embeddable":true,"href":"https:\/\/www.fjardhundraland.se\/de\/wp-json\/wp\/v2\/users\/1"}],"replies":[{"embeddable":true,"href":"https:\/\/www.fjardhundraland.se\/de\/wp-json\/wp\/v2\/comments?post=329"}],"version-history":[{"count":1,"href":"https:\/\/www.fjardhundraland.se\/de\/wp-json\/wp\/v2\/posts\/329\/revisions"}],"predecessor-version":[{"id":19764,"href":"https:\/\/www.fjardhundraland.se\/de\/wp-json\/wp\/v2\/posts\/329\/revisions\/19764"}],"wp:attachment":[{"href":"https:\/\/www.fjardhundraland.se\/de\/wp-json\/wp\/v2\/media?parent=329"}],"wp:term":[{"taxonomy":"category","embeddable":true,"href":"https:\/\/www.fjardhundraland.se\/de\/wp-json\/wp\/v2\/categories?post=329"},{"taxonomy":"post_tag","embeddable":true,"href":"https:\/\/www.fjardhundraland.se\/de\/wp-json\/wp\/v2\/tags?post=329"}],"curies":[{"name":"wp","href":"https:\/\/api.w.org\/{rel}","templated":true}]}}