
{"id":3098,"date":"2016-03-23T17:51:09","date_gmt":"2016-03-23T16:51:09","guid":{"rendered":"http:\/\/www.fjardhundraland.se\/?p=3098"},"modified":"2026-02-05T13:41:07","modified_gmt":"2026-02-05T12:41:07","slug":"der-pass-cup-in-fjardhundraland","status":"publish","type":"post","link":"https:\/\/www.fjardhundraland.se\/de\/utflykt\/2016\/paskoppet-i-fjardhundraland\/","title":{"rendered":"Ostereink\u00e4ufe in Fj\u00e4rdhundraland 2016"},"content":{"rendered":"<p><img decoding=\"async\" data-attachment-id=\"3104\" data-permalink=\"https:\/\/www.fjardhundraland.se\/de\/utflykt\/2016\/paskoppet-i-fjardhundraland\/attachment\/pask\/\" data-orig-file=\"https:\/\/www.fjardhundraland.se\/wp-content\/uploads\/2016\/03\/pask.jpg\" data-orig-size=\"1874,1035\" data-comments-opened=\"0\" data-image-meta=\"{&quot;aperture&quot;:&quot;6.3&quot;,&quot;credit&quot;:&quot;&quot;,&quot;camera&quot;:&quot;DSC-W1&quot;,&quot;caption&quot;:&quot;&quot;,&quot;created_timestamp&quot;:&quot;1115477666&quot;,&quot;copyright&quot;:&quot;&quot;,&quot;focal_length&quot;:&quot;10.7&quot;,&quot;iso&quot;:&quot;100&quot;,&quot;shutter_speed&quot;:&quot;0.0125&quot;,&quot;title&quot;:&quot;&quot;,&quot;orientation&quot;:&quot;1&quot;}\" data-image-title=\"P\u00e5skfamiljen\" data-image-description=\"\" data-image-caption=\"\" data-large-file=\"https:\/\/www.fjardhundraland.se\/wp-content\/uploads\/2016\/03\/pask.jpg\" class=\"alignnone size-large wp-image-3104\" src=\"https:\/\/www.fjardhundraland.se\/wp-content\/uploads\/2016\/03\/pask-1024x566.jpg\" alt=\"Osterhahn mit H\u00fchnern\" width=\"900\" height=\"497\" title=\"\"><\/p>\n<p>Zu Ostern \u00f6ffnen viele der Perlen von Fj\u00e4rdhundraland ihre Pforten f\u00fcr Besucher im fr\u00fchen Fr\u00fchling. Es ist an der Zeit, dem Winterblues zu entfliehen und einen Ausflug in die Natur zu machen - zu Ruhe, Natur und echtem Essen.<\/p>\n<p><strong>Zu Ostern ge\u00f6ffnet:<\/strong><\/p>\n<p><a href=\"https:\/\/www.fjardhundraland.se\/de\/gerichte\/alsta-tradgardar\/\">Alsta-G\u00e4rten<\/a> ist von Freitag bis Montag von 11 bis 16 Uhr ge\u00f6ffnet. Die erste Ausstellung des Fr\u00fchjahrs zeigt Silberschmiedekunst, Talmalerei und alte Flickenteppiche, denen neues Leben eingehaucht wurde.<\/p>\n<p><a href=\"https:\/\/www.stallbjornbo.n.nu\/4h\" target=\"_blank\" rel=\"noopener\">Bj\u00f6rnbo-Hof 4H<\/a> hat einen offenen Bauernhof, auf dem Sie alles von Pferden bis zu H\u00fchnern aus n\u00e4chster N\u00e4he kennenlernen und anfassen k\u00f6nnen. Ge\u00f6ffnet von Freitag bis einschlie\u00dflich Montag 10-16 Uhr.<\/p>\n<p><a href=\"https:\/\/www.facebook.com\/Butiken-i-L\u00f6th-1572103979679959\/\" target=\"_blank\" rel=\"noopener\">Das Gesch\u00e4ft in L\u00f6th<\/a>\u00a0Karfreitag und Ostermontag 11-15 Uhr ge\u00f6ffnet.<\/p>\n<p><a href=\"https:\/\/www.fjardhundraland.se\/de\/gerichte\/cafe-samt\/\">Caf\u00e9 Samt<\/a>\u00a0ge\u00f6ffnet w\u00e4hrend Ostern. 11-19 Freitag, Samstag, Sonntag. Gr\u00fcndonnerstag mit Mittagsbuffet, an den anderen Tagen Essen nach der \u00e0 la carte.<\/p>\n<p><a href=\"https:\/\/www.chokladprinsessan.com\/\" target=\"_blank\" rel=\"noopener\">Schokoladenprinzessin<\/a> ge\u00f6ffnet Donnerstag-Sonntag 11-17 Uhr<\/p>\n<p class=\"p1\"><span class=\"s1\"><a href=\"https:\/\/www.fjardhundraland.se\/de\/gerichte\/dunderbo-kerzen-und-kunsthandwerk\/\">Dunderbo Licht &amp; Kunsthandwerk<\/a>\u00a0ge\u00f6ffnet von Gr\u00fcndonnerstag bis Boxing Day <\/span><span class=\"s2\">Ostern<\/span><span class=\"s1\">, t\u00e4glich 10-16 Uhr.<\/span><\/p>\n<p class=\"p1\"><a href=\"https:\/\/www.fjardhundraland.se\/de\/gerichte\/oma-elsas-bauernhof-backerei\/\">Oma Elsas Bauernhofb\u00e4ckerei<\/a>\u00a0f\u00fcr die Saison ge\u00f6ffnet, Freitag, Samstag und Sonntag 12-17 Uhr<\/p>\n<p class=\"p1\"><a href=\"https:\/\/www.fjardhundraland.se\/de\/gerichte\/franzens-charcuterie\/\">Franz\u00e9n's Wurstwaren<\/a> T\u00e4glich ge\u00f6ffnet von 10 bis 18 Uhr.<\/p>\n<p><a href=\"https:\/\/www.fjardhundraland.se\/de\/gerichte\/cafe-forsby-muhle\/\">Caf\u00e9 Forsby-M\u00fchle<\/a>\u00a0\u00f6ffnet f\u00fcr die Saison. Freitag, Samstag und Sonntag von 12-17 Uhr ge\u00f6ffnet. Montags geschlossen.<\/p>\n<p><a href=\"https:\/\/www.fjardhundraland.se\/de\/gerichte\/gula-stallet-butik-kafe\/\">Gula Stallet Shop &amp; Cafe<\/a>\u00a0ge\u00f6ffnet von Gr\u00fcndonnerstag bis Ostermontag 11-17 Uhr. Siehe auch die benachbarte Galerie M\u00e5lhammar.<\/p>\n<p><a href=\"https:\/\/www.fjardhundraland.se\/de\/gerichte\/harnevi-plantskola\/\">G\u00e4rtnerei H\u00e4rnevi<\/a>\u00a0Beladen mit Fr\u00fchlingsblumen f\u00fcr T\u00f6pfe und Gr\u00e4ber. Ge\u00f6ffnet Gr\u00fcndonnerstag 10-18 und den Rest des Wochenendes 10-15.<\/p>\n<p><a href=\"https:\/\/www.fjardhundraland.se\/de\/gerichte\/kromsta-bauernhaus\/\">Bauernhaus Kromsta<\/a> bietet zum ersten Mal eigene Hamburger aus eigenem Fleisch an! Der Grill ist w\u00e4hrend der \u00d6ffnungszeiten Karfreitag 11-16 Uhr und Ostern 10-15 Uhr ge\u00f6ffnet.<\/p>\n<p><a href=\"https:\/\/www.fjardhundraland.se\/de\/gerichte\/krakvilan-bageri\/\">B\u00e4ckerei Crow's Will<\/a>\u00a0Sonntag 11-16 Uhr ge\u00f6ffnet.<\/p>\n<p><a href=\"https:\/\/www.fjardhundraland.se\/de\/gerichte\/landsberga-gard\/\">Bauernhof Landsberga<\/a>\u00a0h\u00e4lt den Eierstand mit frischen Ostereiern jeden Tag von 7 bis 20 Uhr ge\u00f6ffnet.<\/p>\n<p><a href=\"https:\/\/www.fjardhundraland.se\/de\/gerichte\/mels-garage\/\">Mels Garage<\/a> ge\u00f6ffnet am Gr\u00fcndonnerstag 13-17 Uhr.<\/p>\n<p><a href=\"https:\/\/www.facebook.com\/M\u00e5lhammar-Galleri-163635227353830\/\" target=\"_blank\" rel=\"noopener\">M\u00e5lhammar-Galerie<\/a>\u00a0Fisch\u00a0<span class=\"s1\">Ebba Strid Udikas sch\u00f6ne Rondelle und Portr\u00e4ts. \u00d6ffnungszeiten Freitag, Samstag, Sonntag und Montag von 12-16 Uhr. Siehe auch das benachbarte Gula Stallet.<\/span><\/p>\n<p><a href=\"https:\/\/www.fjardhundraland.se\/de\/gerichte\/pekoe-bio-tee\/\">Pekoe Bio-Tee<\/a>. Rufen Sie an, bevor Sie kommen, und wir werden f\u00fcr Sie \u00f6ffnen, die Bio-Tee w\u00e4hrend der Osterferien kaufen wollen. Tel 0701-73 93 99.<\/p>\n<p><a href=\"https:\/\/www.fjardhundraland.se\/de\/gerichte\/verbleibender-schutz\/\">Resta Bauernhof<\/a>\u00a0hat einen neuen Hofladen mit vielen Angeboten, Spa\u00df und einer Kunstausstellung er\u00f6ffnet! Ge\u00f6ffnet Freitag, Samstag und Sonntag 11-16 Uhr.<\/p>\n<p>I <a href=\"https:\/\/www.fjardhundraland.se\/de\/gerichte\/steuerfahnder-backe\/\">Skattmans\u00f6stugan<\/a> Carola Karlsson stellt Gem\u00e4lde in Acryl aus. Die Ausstellung und die Cafeteria sind an allen Ostertagen von 12-16 Uhr ge\u00f6ffnet.<\/p>\n<p><a href=\"https:\/\/www.fjardhundraland.se\/de\/gerichte\/skogsbackenkase\/\">Skogsbacken-K\u00e4se<\/a> T\u00e4glich von 10-18 Uhr ge\u00f6ffnet.<\/p>\n<p><a href=\"https:\/\/www.fjardhundraland.se\/de\/gerichte\/sussis-gardsbageri\/\">Sussi's Bauernhof B\u00e4ckerei<\/a>\u00a0 ge\u00f6ffnet Mi-Do 8-17 Uhr und am Samstag 8-14 Uhr.<\/p>\n<p><a href=\"https:\/\/teda-art-project.se\/\" target=\"_blank\" rel=\"noopener\">Kunstprojekt Teda<\/a> ist Teil von V\u00e5r Konst und an jedem Ostertag zwischen 12 und 16 Uhr ge\u00f6ffnet. Sie k\u00f6nnen sich Textilkunst, bunte Nappahandschuhe mit Seidenfutter aus Italien und Vintage-Kleidung von Lata Pigan ansehen.<\/p>\n<p><a href=\"https:\/\/www.fjardhundraland.se\/de\/gerichte\/vallgarns-gardsmejeri\/\">Vallgarn Farm Molkerei<\/a>\u00a0Das Gesch\u00e4ft ist wie gewohnt t\u00e4glich von 10-18 Uhr ge\u00f6ffnet.<br \/>\nPremiere f\u00fcr den ersten Milchk\u00e4se! K\u00e4sekuchen, Caprine und Blue Edda.<\/p>\n<p><a href=\"https:\/\/www.fjardhundraland.se\/de\/gerichte\/vreta-gard\/\">Bauernhof Vreta<\/a>\u00a0Hofladen mit u.a. Lammfell und Wollgarn und Flohmarkt mit haupts\u00e4chlich Jungenkleidergr\u00f6\u00dfen. Momentan 110-128. Rufen Sie Annette unter 070-683 36 03 an, bevor Sie uns besuchen.<\/p>\n<p><a href=\"https:\/\/www.angagard.com\" target=\"_blank\" rel=\"noopener\">Bauernhof \u00c4nga<\/a> ist f\u00fcr Besucher ge\u00f6ffnet, die Bio-Gew\u00fcrze kaufen m\u00f6chten. Besucher erhalten zu Ostern einen Rabatt von 10%. Rufen Sie vor Ihrem Besuch an: 070-743 18 47<span class=\"s1\">.<\/span><\/p>\n<p>&nbsp;<\/p>\n<p>&nbsp;<\/p>\n<p>&nbsp;<\/p>","protected":false},"excerpt":{"rendered":"<p>I p\u00e5sk \u00f6ppnar m\u00e5nga av Fj\u00e4rdhundralands p\u00e4rlor upp f\u00f6r bes\u00f6kare i den tidiga v\u00e5ren. Det \u00e4r dags att krypa ut ur vinteridet och g\u00f6ra en utflykt, ut p\u00e5 sm\u00e5v\u00e4garna, till\u00a0lugnet,\u00a0naturen och den \u00e4kta maten. \u00d6ppet i p\u00e5sk: Alsta Tr\u00e4dg\u00e5rdar har \u00f6ppet fredag\u2013m\u00e5ndag 11\u201316 med\u00a0v\u00e5rens f\u00f6rsta utst\u00e4llning med\u00a0silversmide, dalm\u00e5leri och gamla trasmattor som f\u00e5tt nytt liv. [&hellip;]<\/p>\n","protected":false},"author":1,"featured_media":3111,"comment_status":"closed","ping_status":"closed","sticky":false,"template":"","format":"standard","meta":{"_acf_changed":false,"_relevanssi_hide_post":"","_relevanssi_hide_content":"","_relevanssi_pin_for_all":"","_relevanssi_pin_keywords":"","_relevanssi_unpin_keywords":"","_relevanssi_related_keywords":"","_relevanssi_related_include_ids":"","_relevanssi_related_exclude_ids":"","_relevanssi_related_no_append":"","_relevanssi_related_not_related":"","_relevanssi_related_posts":"","_relevanssi_noindex_reason":"Rank Math Uteslut fr\u00e5n Relevanssi index","_genesis_hide_title":false,"_genesis_hide_breadcrumbs":false,"_genesis_hide_singular_image":false,"_genesis_hide_footer_widgets":false,"_genesis_custom_body_class":"","_genesis_custom_post_class":"","_genesis_layout":"","_jetpack_memberships_contains_paid_content":false,"footnotes":""},"categories":[87,353],"tags":[352,86],"class_list":{"0":"post-3098","1":"post","2":"type-post","3":"status-publish","4":"format-standard","5":"has-post-thumbnail","7":"category-utflykt","8":"category-aldre-inlagg","9":"tag-aldre-inlagg","10":"tag-pask","11":"entry"},"acf":[],"visa":null,"geo_latitude":null,"geo_longitude":null,"jetpack_featured_media_url":"https:\/\/www.fjardhundraland.se\/wp-content\/uploads\/2016\/03\/egg.jpg","featured_image_src":"https:\/\/www.fjardhundraland.se\/wp-content\/uploads\/2016\/03\/egg.jpg","featured_image_src_square":"https:\/\/www.fjardhundraland.se\/wp-content\/uploads\/2016\/03\/egg.jpg","author_info":{"display_name":"Mats Thorburn","author_link":"https:\/\/www.fjardhundraland.se\/de\/author\/matst\/"},"jetpack-related-posts":[{"id":4023,"url":"https:\/\/www.fjardhundraland.se\/de\/utflykt\/2017\/paskoppet-fjardhundraland-2017\/","url_meta":{"origin":3098,"position":0},"title":"Ostereink\u00e4ufe in Fj\u00e4rdhundraland 2017","author":"Ylva Fontell","date":"5 April 2017","format":false,"excerpt":"Zu Ostern \u00f6ffnen viele der Kleinode von Fj\u00e4rdhundraland ihre Pforten f\u00fcr Besucher. Machen Sie einen Ausflug auf verschlungenen Landstra\u00dfen - finden Sie Ruhe und Frieden, lauschen Sie dem Gesang der V\u00f6gel und genie\u00dfen Sie \u00f6sterliche Leckereien. Ge\u00f6ffnet zu Ostern: Alsta Gardens ist von Karfreitag bis Ostermontag von 11 bis 16 Uhr ge\u00f6ffnet. Die erste Ausstellung des Fr\u00fchjahrs mit Webarbeiten von Eva Sundstr\u00f6m und Keramiken,...","rel":"","context":"In &quot;Utflykt&quot;","block_context":{"text":"Utflykt","link":"https:\/\/www.fjardhundraland.se\/de\/utflykt\/"},"img":{"alt_text":"P\u00e5sktupp","src":"https:\/\/i0.wp.com\/www.fjardhundraland.se\/wp-content\/uploads\/2015\/04\/pasktupp-1.jpg?resize=350%2C200&ssl=1","width":350,"height":200,"srcset":"https:\/\/i0.wp.com\/www.fjardhundraland.se\/wp-content\/uploads\/2015\/04\/pasktupp-1.jpg?resize=350%2C200&ssl=1 1x, https:\/\/i0.wp.com\/www.fjardhundraland.se\/wp-content\/uploads\/2015\/04\/pasktupp-1.jpg?resize=525%2C300&ssl=1 1.5x, https:\/\/i0.wp.com\/www.fjardhundraland.se\/wp-content\/uploads\/2015\/04\/pasktupp-1.jpg?resize=700%2C400&ssl=1 2x, https:\/\/i0.wp.com\/www.fjardhundraland.se\/wp-content\/uploads\/2015\/04\/pasktupp-1.jpg?resize=1050%2C600&ssl=1 3x, https:\/\/i0.wp.com\/www.fjardhundraland.se\/wp-content\/uploads\/2015\/04\/pasktupp-1.jpg?resize=1400%2C800&ssl=1 4x"},"classes":[]},{"id":2588,"url":"https:\/\/www.fjardhundraland.se\/de\/utflykt\/2015\/glad-pask-i-fjardhundraland\/","url_meta":{"origin":3098,"position":1},"title":"Frohe Ostern in Fj\u00e4rdhundraland","author":"Mats Thorburn","date":"1 April 2015","format":false,"excerpt":"Der Fr\u00fchling liegt in der Luft und wir wollen raus aufs Land! Dieses Ostern haben Sie eine gro\u00dfartige Gelegenheit, die aufkommende Saison in Fj\u00e4rdhundraland zu erleben - kleine Erlebnisse auf dem Lande in der N\u00e4he von Uppsala, V\u00e4ster\u00e5s und Stockholm. Hier ist eine Auswahl - viele gute und sch\u00f6ne Dinge f\u00fcr den Ostertisch! Einschlie\u00dflich Eier. Der Eierstand des Bauernhofs Landsberga ist jeden Tag von 7-20 Uhr ge\u00f6ffnet...","rel":"","context":"In &quot;\u00c4ldre inl\u00e4gg&quot;","block_context":{"text":"\u00c4ldre inl\u00e4gg","link":"https:\/\/www.fjardhundraland.se\/de\/aldre-inlagg\/"},"img":{"alt_text":"P\u00e5sktupp","src":"https:\/\/i0.wp.com\/www.fjardhundraland.se\/wp-content\/uploads\/2015\/04\/pasktupp-1.jpg?resize=350%2C200&ssl=1","width":350,"height":200,"srcset":"https:\/\/i0.wp.com\/www.fjardhundraland.se\/wp-content\/uploads\/2015\/04\/pasktupp-1.jpg?resize=350%2C200&ssl=1 1x, https:\/\/i0.wp.com\/www.fjardhundraland.se\/wp-content\/uploads\/2015\/04\/pasktupp-1.jpg?resize=525%2C300&ssl=1 1.5x, https:\/\/i0.wp.com\/www.fjardhundraland.se\/wp-content\/uploads\/2015\/04\/pasktupp-1.jpg?resize=700%2C400&ssl=1 2x, https:\/\/i0.wp.com\/www.fjardhundraland.se\/wp-content\/uploads\/2015\/04\/pasktupp-1.jpg?resize=1050%2C600&ssl=1 3x, https:\/\/i0.wp.com\/www.fjardhundraland.se\/wp-content\/uploads\/2015\/04\/pasktupp-1.jpg?resize=1400%2C800&ssl=1 4x"},"classes":[]},{"id":4981,"url":"https:\/\/www.fjardhundraland.se\/de\/upplevelser\/2018\/pask-i-fjardhundraland-2018\/","url_meta":{"origin":3098,"position":2},"title":"Ostereink\u00e4ufe in Fj\u00e4rdhundraland","author":"Mats Thorburn","date":"28 M\u00e4rz 2018","format":false,"excerpt":"Ostern ist der Beginn der Saison in Fj\u00e4rdhundraland. Hier sind einige der Orte, die an diesem Wochenende ge\u00f6ffnet sind. Genie\u00dfen Sie die Fr\u00fchlingssonne auf dem Lande! Klicken Sie auf die \u00dcberschrift, um mehr \u00fcber die einzelnen Orte zu erfahren! Kvarnnibble-Laden und Sammelstelle \u00d6ffnen Sie den Hofladen mit Fleisch, Eiern, K\u00e4se und anderen Leckereien....","rel":"","context":"In &quot;\u00c4ldre inl\u00e4gg&quot;","block_context":{"text":"\u00c4ldre inl\u00e4gg","link":"https:\/\/www.fjardhundraland.se\/de\/aldre-inlagg\/"},"img":{"alt_text":"Tupp Ho\u0308ns Ha\u0308rnevi plantskola","src":"https:\/\/i0.wp.com\/www.fjardhundraland.se\/wp-content\/uploads\/2018\/03\/tupp-hocc88ns-hacc88rnevi-plantskola-2017-april-15-12-00-45-_.jpg?resize=350%2C200&ssl=1","width":350,"height":200,"srcset":"https:\/\/i0.wp.com\/www.fjardhundraland.se\/wp-content\/uploads\/2018\/03\/tupp-hocc88ns-hacc88rnevi-plantskola-2017-april-15-12-00-45-_.jpg?resize=350%2C200&ssl=1 1x, https:\/\/i0.wp.com\/www.fjardhundraland.se\/wp-content\/uploads\/2018\/03\/tupp-hocc88ns-hacc88rnevi-plantskola-2017-april-15-12-00-45-_.jpg?resize=525%2C300&ssl=1 1.5x, https:\/\/i0.wp.com\/www.fjardhundraland.se\/wp-content\/uploads\/2018\/03\/tupp-hocc88ns-hacc88rnevi-plantskola-2017-april-15-12-00-45-_.jpg?resize=700%2C400&ssl=1 2x, https:\/\/i0.wp.com\/www.fjardhundraland.se\/wp-content\/uploads\/2018\/03\/tupp-hocc88ns-hacc88rnevi-plantskola-2017-april-15-12-00-45-_.jpg?resize=1050%2C600&ssl=1 3x, https:\/\/i0.wp.com\/www.fjardhundraland.se\/wp-content\/uploads\/2018\/03\/tupp-hocc88ns-hacc88rnevi-plantskola-2017-april-15-12-00-45-_.jpg?resize=1400%2C800&ssl=1 4x"},"classes":[]},{"id":858,"url":"https:\/\/www.fjardhundraland.se\/de\/gardsbutiker\/2023\/pask-i-fjardhundraland\/","url_meta":{"origin":3098,"position":3},"title":"Ostern in Fj\u00e4rdhundraland","author":"Mats Thorburn","date":"2 April 2023","format":false,"excerpt":"Ostern bedeutet Ausgehen! \u00dcberall in Fj\u00e4rdhundraland beginnen die Hofl\u00e4den, Caf\u00e9s und G\u00e4rtnereien mit der Vorbereitung auf die Sommersaison. Machen Sie einen Spaziergang zwischen Leckereien und Sehensw\u00fcrdigkeiten. Caf\u00e9 Forsby Mill. Ostertag zwischen 12-16 Uhr: Besichtigung des neuen Caf\u00e9s in der M\u00fchle von Forsby. Tischler TB Lindblom zeigt das Geb\u00e4ude. Goldener Brunnen. Ostertage Freitag-Montag.","rel":"","context":"In &quot;\u00c4ldre inl\u00e4gg&quot;","block_context":{"text":"\u00c4ldre inl\u00e4gg","link":"https:\/\/www.fjardhundraland.se\/de\/aldre-inlagg\/"},"img":{"alt_text":"","src":"https:\/\/i0.wp.com\/www.fjardhundraland.se\/wp-content\/uploads\/2021\/04\/pask-i-fjardhundraland-tupp-och-hona.jpg?resize=350%2C200&ssl=1","width":350,"height":200,"srcset":"https:\/\/i0.wp.com\/www.fjardhundraland.se\/wp-content\/uploads\/2021\/04\/pask-i-fjardhundraland-tupp-och-hona.jpg?resize=350%2C200&ssl=1 1x, https:\/\/i0.wp.com\/www.fjardhundraland.se\/wp-content\/uploads\/2021\/04\/pask-i-fjardhundraland-tupp-och-hona.jpg?resize=525%2C300&ssl=1 1.5x, https:\/\/i0.wp.com\/www.fjardhundraland.se\/wp-content\/uploads\/2021\/04\/pask-i-fjardhundraland-tupp-och-hona.jpg?resize=700%2C400&ssl=1 2x, https:\/\/i0.wp.com\/www.fjardhundraland.se\/wp-content\/uploads\/2021\/04\/pask-i-fjardhundraland-tupp-och-hona.jpg?resize=1050%2C600&ssl=1 3x, https:\/\/i0.wp.com\/www.fjardhundraland.se\/wp-content\/uploads\/2021\/04\/pask-i-fjardhundraland-tupp-och-hona.jpg?resize=1400%2C800&ssl=1 4x"},"classes":[]},{"id":5692,"url":"https:\/\/www.fjardhundraland.se\/de\/utflykt\/2019\/paskoppet-2019\/","url_meta":{"origin":3098,"position":4},"title":"Ostereinkauf 2019","author":"Mats Thorburn","date":"14 April 2019","format":false,"excerpt":"Ostern ist der Ausgangspunkt f\u00fcr viele Reiseziele in Fj\u00e4rdhundraland, aber es ist auch ein guter Zeitpunkt f\u00fcr den ersten Fr\u00fchlingsausflug in die Natur. Hier sind einige tolle Orte, die Sie Ostern 2019 besuchen k\u00f6nnen!","rel":"","context":"In &quot;Utflykt&quot;","block_context":{"text":"Utflykt","link":"https:\/\/www.fjardhundraland.se\/de\/utflykt\/"},"img":{"alt_text":"P\u00e5skh\u00f6nor som pickar","src":"https:\/\/i0.wp.com\/www.fjardhundraland.se\/wp-content\/uploads\/2019\/04\/paskhonor2019.jpg?resize=350%2C200&ssl=1","width":350,"height":200,"srcset":"https:\/\/i0.wp.com\/www.fjardhundraland.se\/wp-content\/uploads\/2019\/04\/paskhonor2019.jpg?resize=350%2C200&ssl=1 1x, https:\/\/i0.wp.com\/www.fjardhundraland.se\/wp-content\/uploads\/2019\/04\/paskhonor2019.jpg?resize=525%2C300&ssl=1 1.5x, https:\/\/i0.wp.com\/www.fjardhundraland.se\/wp-content\/uploads\/2019\/04\/paskhonor2019.jpg?resize=700%2C400&ssl=1 2x, https:\/\/i0.wp.com\/www.fjardhundraland.se\/wp-content\/uploads\/2019\/04\/paskhonor2019.jpg?resize=1050%2C600&ssl=1 3x, https:\/\/i0.wp.com\/www.fjardhundraland.se\/wp-content\/uploads\/2019\/04\/paskhonor2019.jpg?resize=1400%2C800&ssl=1 4x"},"classes":[]},{"id":2196,"url":"https:\/\/www.fjardhundraland.se\/de\/gardsbutiker\/2014\/paskens-utflykter\/","url_meta":{"origin":3098,"position":5},"title":"Ausfl\u00fcge zu Ostern","author":"Ylva Fontell","date":"9 April 2014","format":false,"excerpt":"Es ist sch\u00f6n, ein paar Tage frei zu haben, dann ist es Zeit f\u00fcr einen Ausflug aufs Land! In Fj\u00e4rdhundraland gibt es viel zu tun: Eier und regionale Produkte einkaufen, Kunst betrachten oder essen und einen guten Kaffee trinken. Es bleibt auch Zeit f\u00fcr einen Besuch in der Touristeninformation von Fj\u00e4rdhundraland oder im nostalgischsten Autohaus der Welt! Und vieles mehr... Herzlich willkommen...","rel":"","context":"In &quot;\u00c4ldre inl\u00e4gg&quot;","block_context":{"text":"\u00c4ldre inl\u00e4gg","link":"https:\/\/www.fjardhundraland.se\/de\/aldre-inlagg\/"},"img":{"alt_text":"","src":"https:\/\/i0.wp.com\/www.fjardhundraland.se\/wp-content\/uploads\/2014\/04\/pasktupp-1.jpg?resize=350%2C200&ssl=1","width":350,"height":200,"srcset":"https:\/\/i0.wp.com\/www.fjardhundraland.se\/wp-content\/uploads\/2014\/04\/pasktupp-1.jpg?resize=350%2C200&ssl=1 1x, https:\/\/i0.wp.com\/www.fjardhundraland.se\/wp-content\/uploads\/2014\/04\/pasktupp-1.jpg?resize=525%2C300&ssl=1 1.5x, https:\/\/i0.wp.com\/www.fjardhundraland.se\/wp-content\/uploads\/2014\/04\/pasktupp-1.jpg?resize=700%2C400&ssl=1 2x, https:\/\/i0.wp.com\/www.fjardhundraland.se\/wp-content\/uploads\/2014\/04\/pasktupp-1.jpg?resize=1050%2C600&ssl=1 3x, https:\/\/i0.wp.com\/www.fjardhundraland.se\/wp-content\/uploads\/2014\/04\/pasktupp-1.jpg?resize=1400%2C800&ssl=1 4x"},"classes":[]}],"jetpack_sharing_enabled":true,"_links":{"self":[{"href":"https:\/\/www.fjardhundraland.se\/de\/wp-json\/wp\/v2\/posts\/3098","targetHints":{"allow":["GET"]}}],"collection":[{"href":"https:\/\/www.fjardhundraland.se\/de\/wp-json\/wp\/v2\/posts"}],"about":[{"href":"https:\/\/www.fjardhundraland.se\/de\/wp-json\/wp\/v2\/types\/post"}],"author":[{"embeddable":true,"href":"https:\/\/www.fjardhundraland.se\/de\/wp-json\/wp\/v2\/users\/1"}],"replies":[{"embeddable":true,"href":"https:\/\/www.fjardhundraland.se\/de\/wp-json\/wp\/v2\/comments?post=3098"}],"version-history":[{"count":1,"href":"https:\/\/www.fjardhundraland.se\/de\/wp-json\/wp\/v2\/posts\/3098\/revisions"}],"predecessor-version":[{"id":19649,"href":"https:\/\/www.fjardhundraland.se\/de\/wp-json\/wp\/v2\/posts\/3098\/revisions\/19649"}],"wp:featuredmedia":[{"embeddable":true,"href":"https:\/\/www.fjardhundraland.se\/de\/wp-json\/wp\/v2\/media\/3111"}],"wp:attachment":[{"href":"https:\/\/www.fjardhundraland.se\/de\/wp-json\/wp\/v2\/media?parent=3098"}],"wp:term":[{"taxonomy":"category","embeddable":true,"href":"https:\/\/www.fjardhundraland.se\/de\/wp-json\/wp\/v2\/categories?post=3098"},{"taxonomy":"post_tag","embeddable":true,"href":"https:\/\/www.fjardhundraland.se\/de\/wp-json\/wp\/v2\/tags?post=3098"}],"curies":[{"name":"wp","href":"https:\/\/api.w.org\/{rel}","templated":true}]}}