
{"id":298,"date":"2011-05-27T11:24:29","date_gmt":"2011-05-27T09:24:29","guid":{"rendered":"http:\/\/www.fjardhundraland.se\/?p=298"},"modified":"2026-02-05T13:40:42","modified_gmt":"2026-02-05T12:40:42","slug":"es-findet-dieses-wochenende-statt","status":"publish","type":"post","link":"https:\/\/www.fjardhundraland.se\/de\/externt\/2011\/det-har-hander-i-helgen\/","title":{"rendered":"Das passiert an diesem Wochenende"},"content":{"rendered":"<p>Hier sind einige Tipps f\u00fcr Aktivit\u00e4ten rund um Fj\u00e4rdhundraland am kommenden Wochenende:<\/p>\n<p><em>Samstag-Sonntag 28-29 Mai 10-16:<\/em> <strong>Fr\u00fchlingsmarkt in Dunderbo<\/strong>. Traditionelle Lebensmittelausstellung, Kaffeeservice mit Hausb\u00e4ckerei. Sommerblumen, Marmelade, Strickwaren, Kerzen usw. F\u00fchrungen am Krigsstigen um 11 Uhr und 14 Uhr. 073-65 77 906 Arr: <a title=\"Dunderbo Kerzen und Kunsthandwerk\" href=\"https:\/\/dunderbohantverk.wordpress.com\" target=\"_blank\" rel=\"noopener\">Dunderbo Licht &amp; Kunsthandwerk<\/a>.<\/p>\n<p><em>Samstag-Sonntag 28-29 Mai 11-16, Samstag-Sonntag 11-12 Juni 11-16:<\/em><strong><br \/>\nFlohmarkt auf der Wiese - das ist der Punkt!<\/strong> <a title=\"Zeitschrift Lagerl\u00f6fska\" href=\"https:\/\/lagerlofska.se\/\" target=\"_blank\" rel=\"noopener\">Lagerl\u00f6fska Magazin<\/a><\/p>\n<p><em>Sonntag, 29. Mai 11.00-14.00 Uhr<\/em>: <strong><a title=\"Wiedereinweihung der Simtunakirche\" href=\"https:\/\/www.facebook.com\/event.php?eid=217630298260827\" target=\"_blank\" rel=\"noopener\">Wiedereinweihung der Simtunakirche<\/a><\/strong>. Die Kirche von Simtuna wird wieder als Gotteshaus f\u00fcr die Gemeinde Fj\u00e4rdhundra genutzt. Erzbischof Anders Wejryd nimmt daran teil. Anschlie\u00dfend Mingelfika vor der Kirche.<\/p>\n<p><em>Sonntag, 29. Mai, 13-17 Uhr:<\/em> <strong>Tag der offenen T\u00fcr im Heimat- und Schulmuseum Altuna<\/strong>. Ausstellung. Kuchenbuffet. Um 15 Uhr Musik mit Scendraget. Arr. <a title=\"Verein f\u00fcr Ortsgeschichte Altuna\" href=\"https:\/\/www.hembygd.se\/index.asp?Lev=27712\" target=\"_blank\" rel=\"noopener\">Verein f\u00fcr Ortsgeschichte Altuna<\/a><\/p>\n<p><em>Sonntag, 29. Mai, 14-16.30 Uhr:<\/em> <strong>Muttertags-Caf\u00e9 mit Kuchenbuffet<\/strong> i <a title=\"Bauernhof \u00d6sterunda\" href=\"https:\/\/www.osterunda.se\/\" target=\"_blank\" rel=\"noopener\">Bauernhof \u00d6sterunda<\/a>. Ausstellung des Tages Kinder. Arr: \u00d6sterundag\u00e5rden.<\/p>\n<h3>H\u00e4user zu verkaufen<\/h3>\n<p><em>Samstag, 28. Mai um 12 Uhr<\/em>: <a title=\"Carlsson-Ring\" href=\"https:\/\/beskrivningar.capitex.se\/objdesc.aspx?GUID=3T6JT6VETCBQLIKJ&amp;TYP=CMVilla&amp;From=Hemnet&amp;Skin=CarlssonRing\" target=\"_blank\" rel=\"noopener\">Besichtigung des ehemaligen Landladens in \u00d6sterunda<\/a>. Im Zentrum von Brunnsta, \u00d6sterunda, mit gro\u00dfen Fl\u00e4chen und Lagerhallen, die f\u00fcr Ihr eigenes Unternehmen geeignet sind.<\/p>\n<p><a title=\"H\u00e4user zu verkaufen.\" href=\"https:\/\/www.booli.se\/torstuna,harnevi,osterunda,nysatra,osterunda-brunnsta,fjardhundra,salinge,sparrsatra,altuna,frosthult,osterunda+salinge,alvassen,frosthult+langtibble,torstuna-tibble,osterunda+sonkarby,korsbacken,vansjo\/1079,76602,76833,76956,115130,116750,140662,147492,170100,172622,348857,404820,756554,756832,756882,870745,871538\/\" target=\"_blank\" rel=\"noopener\">Mehr Wohnungen in Fj\u00e4rdhundraland.<\/a><\/p>","protected":false},"excerpt":{"rendered":"<p>H\u00e4r kommer n\u00e5gra tips p\u00e5 aktiviteter runt om i Fj\u00e4rdhundraland under den kommande helgen: L\u00f6rdag\u2013s\u00f6ndag 28\u201329 maj kl 10\u201316: V\u00e5rmarknad i Dunderbo. Trasmattsutst\u00e4llning, kaffeservering med hembakt. Sommarblommor, marmelad, stickat, ljus mm. Guidade turer p\u00e5 Krigsstigen kl 11 och kl 14.\u00a0\u00a0073-65 77 906 Arr: Dunderbo Ljus &amp; hantverk. L\u00f6rdag\u2013s\u00f6ndag 28\u201329 maj kl 11\u201316, l\u00f6rdag\u2013s\u00f6ndag 11\u201312 juni [&hellip;]<\/p>\n","protected":false},"author":1,"featured_media":0,"comment_status":"open","ping_status":"open","sticky":false,"template":"","format":"standard","meta":{"_acf_changed":false,"_relevanssi_hide_post":"","_relevanssi_hide_content":"","_relevanssi_pin_for_all":"","_relevanssi_pin_keywords":"","_relevanssi_unpin_keywords":"","_relevanssi_related_keywords":"","_relevanssi_related_include_ids":"","_relevanssi_related_exclude_ids":"","_relevanssi_related_no_append":"","_relevanssi_related_not_related":"","_relevanssi_related_posts":"","_relevanssi_noindex_reason":"Rank Math Uteslut fr\u00e5n Relevanssi index","_genesis_hide_title":false,"_genesis_hide_breadcrumbs":false,"_genesis_hide_singular_image":false,"_genesis_hide_footer_widgets":false,"_genesis_custom_body_class":"","_genesis_custom_post_class":"","_genesis_layout":"","_jetpack_memberships_contains_paid_content":false,"footnotes":""},"categories":[353,18],"tags":[352],"class_list":{"0":"post-298","1":"post","2":"type-post","3":"status-publish","4":"format-standard","6":"category-aldre-inlagg","7":"category-externt","8":"tag-aldre-inlagg","9":"entry"},"acf":[],"visa":null,"geo_latitude":null,"geo_longitude":null,"jetpack_featured_media_url":"","featured_image_src":null,"featured_image_src_square":null,"author_info":{"display_name":"Mats Thorburn","author_link":"https:\/\/www.fjardhundraland.se\/de\/author\/matst\/"},"jetpack-related-posts":[{"id":3794,"url":"https:\/\/www.fjardhundraland.se\/de\/utflykt\/2016\/julhelg-fjardhundraland\/","url_meta":{"origin":298,"position":0},"title":"Weihnachtsferien in Fj\u00e4rdhundraland","author":"Mats Thorburn","date":"14 Dezember 2016","format":false,"excerpt":"Selbstgebackenes Brot. Handgemachte Wurst. Echter K\u00e4se. Echtes Handwerk. Wolle, Kerzen. Ein handgeschnitzter Weihnachtsbaum. Ist das nicht das, was Weihnachten ausmacht? Hier ist ein Vorschlag: Lassen Sie die Menschenmassen in den Einkaufszentren hinter sich und erledigen Sie Ihre Weihnachtseink\u00e4ufe vor Ort. An diesem Wochenende ist Fj\u00e4rdhundraland f\u00fcr alle ge\u00f6ffnet, die echte Weihnachtsprodukte und hochwertige Weihnachtsgeschenke suchen. Das Gesch\u00e4ft in L\u00f6th Samstag...","rel":"","context":"In &quot;Utflykt&quot;","block_context":{"text":"Utflykt","link":"https:\/\/www.fjardhundraland.se\/de\/utflykt\/"},"img":{"alt_text":"Sn\u00f6 och sol, motljus i Fj\u00e4rdhundraland","src":"https:\/\/i0.wp.com\/www.fjardhundraland.se\/wp-content\/uploads\/2016\/12\/snocc88-och-sol.jpg?resize=350%2C200&ssl=1","width":350,"height":200,"srcset":"https:\/\/i0.wp.com\/www.fjardhundraland.se\/wp-content\/uploads\/2016\/12\/snocc88-och-sol.jpg?resize=350%2C200&ssl=1 1x, https:\/\/i0.wp.com\/www.fjardhundraland.se\/wp-content\/uploads\/2016\/12\/snocc88-och-sol.jpg?resize=525%2C300&ssl=1 1.5x, https:\/\/i0.wp.com\/www.fjardhundraland.se\/wp-content\/uploads\/2016\/12\/snocc88-och-sol.jpg?resize=700%2C400&ssl=1 2x, https:\/\/i0.wp.com\/www.fjardhundraland.se\/wp-content\/uploads\/2016\/12\/snocc88-och-sol.jpg?resize=1050%2C600&ssl=1 3x, https:\/\/i0.wp.com\/www.fjardhundraland.se\/wp-content\/uploads\/2016\/12\/snocc88-och-sol.jpg?resize=1400%2C800&ssl=1 4x"},"classes":[]},{"id":942,"url":"https:\/\/www.fjardhundraland.se\/de\/inlagg\/2012\/pa-krigsstigen-i-fjardhundraland\/","url_meta":{"origin":298,"position":1},"title":"Auf dem Kriegspfad in Fj\u00e4rdhundraland","author":"Mats Thorburn","date":"19 Mai 2012","format":false,"excerpt":"Am Samstag und Sonntag um 11 und 13 Uhr f\u00fchrt Sie G\u00f6ran Mellstr\u00f6m durch das Soldatendorf in Dunderbo (Wegbeschreibung). 10 bis 16 Uhr findet in Dunderbo au\u00dferdem ein Fr\u00fchlingsmarkt statt - danach k\u00f6nnen Sie eine der vielen Sehensw\u00fcrdigkeiten in Fj\u00e4rdhundraland besuchen. Sehen Sie sich die wei\u00dfen Anemonen in H\u00e5rsb\u00e4cksdalen an, am Samstag vielleicht kombiniert mit einem Besuch in Lagerl\u00f6fska...","rel":"","context":"In &quot;\u00c4ldre inl\u00e4gg&quot;","block_context":{"text":"\u00c4ldre inl\u00e4gg","link":"https:\/\/www.fjardhundraland.se\/de\/aldre-inlagg\/"},"img":{"alt_text":"Krigsstigen soldattorp","src":"https:\/\/i0.wp.com\/www.fjardhundraland.se\/wp-content\/uploads\/2012\/05\/krigsstigen-1024x682.jpg?resize=350%2C200&ssl=1","width":350,"height":200,"srcset":"https:\/\/i0.wp.com\/www.fjardhundraland.se\/wp-content\/uploads\/2012\/05\/krigsstigen-1024x682.jpg?resize=350%2C200&ssl=1 1x, https:\/\/i0.wp.com\/www.fjardhundraland.se\/wp-content\/uploads\/2012\/05\/krigsstigen-1024x682.jpg?resize=525%2C300&ssl=1 1.5x"},"classes":[]},{"id":683,"url":"https:\/\/www.fjardhundraland.se\/de\/hantverk\/2011\/skordemarknad-och-soldattorp\/","url_meta":{"origin":298,"position":2},"title":"Erntemarkt und Soldatendorf","author":"Mats Thorburn","date":"1 September 2011","format":false,"excerpt":"In Dunderbo, Fj\u00e4rdhundra, k\u00f6nnen Sie am Samstag und Sonntag den Erntedankmarkt besuchen, der mit einem Caf\u00e9 und einem Rundgang auf dem \"Kriegspfad\" durch das Soldatendorf Dunderbo verbunden ist.","rel":"","context":"In &quot;\u00c4ldre inl\u00e4gg&quot;","block_context":{"text":"\u00c4ldre inl\u00e4gg","link":"https:\/\/www.fjardhundraland.se\/de\/aldre-inlagg\/"},"img":{"alt_text":"Sk\u00f6rdemarknad i Dunderbo","src":"https:\/\/i0.wp.com\/www.fjardhundraland.se\/wp-content\/uploads\/2011\/09\/IMG_1215-630x472.jpg?resize=350%2C200&ssl=1","width":350,"height":200,"srcset":"https:\/\/i0.wp.com\/www.fjardhundraland.se\/wp-content\/uploads\/2011\/09\/IMG_1215-630x472.jpg?resize=350%2C200&ssl=1 1x, https:\/\/i0.wp.com\/www.fjardhundraland.se\/wp-content\/uploads\/2011\/09\/IMG_1215-630x472.jpg?resize=525%2C300&ssl=1 1.5x"},"classes":[]},{"id":5692,"url":"https:\/\/www.fjardhundraland.se\/de\/utflykt\/2019\/paskoppet-2019\/","url_meta":{"origin":298,"position":3},"title":"Ostereinkauf 2019","author":"Mats Thorburn","date":"14 April 2019","format":false,"excerpt":"Ostern ist der Ausgangspunkt f\u00fcr viele Reiseziele in Fj\u00e4rdhundraland, aber es ist auch ein guter Zeitpunkt f\u00fcr den ersten Fr\u00fchlingsausflug in die Natur. Hier sind einige tolle Orte, die Sie Ostern 2019 besuchen k\u00f6nnen!","rel":"","context":"In &quot;Utflykt&quot;","block_context":{"text":"Utflykt","link":"https:\/\/www.fjardhundraland.se\/de\/utflykt\/"},"img":{"alt_text":"P\u00e5skh\u00f6nor som pickar","src":"https:\/\/i0.wp.com\/www.fjardhundraland.se\/wp-content\/uploads\/2019\/04\/paskhonor2019.jpg?resize=350%2C200&ssl=1","width":350,"height":200,"srcset":"https:\/\/i0.wp.com\/www.fjardhundraland.se\/wp-content\/uploads\/2019\/04\/paskhonor2019.jpg?resize=350%2C200&ssl=1 1x, https:\/\/i0.wp.com\/www.fjardhundraland.se\/wp-content\/uploads\/2019\/04\/paskhonor2019.jpg?resize=525%2C300&ssl=1 1.5x, https:\/\/i0.wp.com\/www.fjardhundraland.se\/wp-content\/uploads\/2019\/04\/paskhonor2019.jpg?resize=700%2C400&ssl=1 2x, https:\/\/i0.wp.com\/www.fjardhundraland.se\/wp-content\/uploads\/2019\/04\/paskhonor2019.jpg?resize=1050%2C600&ssl=1 3x, https:\/\/i0.wp.com\/www.fjardhundraland.se\/wp-content\/uploads\/2019\/04\/paskhonor2019.jpg?resize=1400%2C800&ssl=1 4x"},"classes":[]},{"id":3098,"url":"https:\/\/www.fjardhundraland.se\/de\/utflykt\/2016\/paskoppet-i-fjardhundraland\/","url_meta":{"origin":298,"position":4},"title":"Ostereink\u00e4ufe in Fj\u00e4rdhundraland 2016","author":"Mats Thorburn","date":"23 M\u00e4rz 2016","format":false,"excerpt":"Zu Ostern \u00f6ffnen viele der Juwelen von Fj\u00e4rdhundraland ihre Pforten f\u00fcr Besucher. Es ist an der Zeit, dem Winter zu entfliehen und einen Ausflug zu machen, raus auf die Landstra\u00dfen, zu Ruhe, Natur und echtem Essen. Zu Ostern ge\u00f6ffnet: Alsta Tr\u00e4dg\u00e5rdar ist von Freitag bis Montag von 11 bis 16 Uhr mit der ersten Fr\u00fchlingsausstellung mit Silberschmiedekunst, Talmalerei und alten...","rel":"","context":"In &quot;Utflykt&quot;","block_context":{"text":"Utflykt","link":"https:\/\/www.fjardhundraland.se\/de\/utflykt\/"},"img":{"alt_text":"","src":"https:\/\/i0.wp.com\/www.fjardhundraland.se\/wp-content\/uploads\/2016\/03\/egg.jpg?resize=350%2C200&ssl=1","width":350,"height":200,"srcset":"https:\/\/i0.wp.com\/www.fjardhundraland.se\/wp-content\/uploads\/2016\/03\/egg.jpg?resize=350%2C200&ssl=1 1x, https:\/\/i0.wp.com\/www.fjardhundraland.se\/wp-content\/uploads\/2016\/03\/egg.jpg?resize=525%2C300&ssl=1 1.5x, https:\/\/i0.wp.com\/www.fjardhundraland.se\/wp-content\/uploads\/2016\/03\/egg.jpg?resize=700%2C400&ssl=1 2x, https:\/\/i0.wp.com\/www.fjardhundraland.se\/wp-content\/uploads\/2016\/03\/egg.jpg?resize=1050%2C600&ssl=1 3x, https:\/\/i0.wp.com\/www.fjardhundraland.se\/wp-content\/uploads\/2016\/03\/egg.jpg?resize=1400%2C800&ssl=1 4x"},"classes":[]},{"id":1444,"url":"https:\/\/www.fjardhundraland.se\/de\/externt\/2013\/fjardhundralands-hostglod\/","url_meta":{"origin":298,"position":5},"title":"Fj\u00e4rdhundralands Herbstgl\u00fchen","author":"Ylva Fontell","date":"30 September 2013","format":false,"excerpt":"Am Sonntag, dem 13. Oktober, sind Sie zu einem farbenfrohen Herbstumzug in der Lundellska Galerie in Simtuna eingeladen. Sie k\u00f6nnen regionale Produkte einkaufen, sich im Gew\u00e4chshaus beraten und massieren lassen, eine Pilzausstellung mit der Pilzberaterin Eva Allestedt besuchen oder sich Tipps zu den besten Apfelsorten holen. Es gibt Musik und die Gartenexpertin Lena M\u00e5nsson wird \u00fcber Blumenzwiebeln sprechen. Nehmen Sie ...","rel":"","context":"In &quot;\u00c4ldre inl\u00e4gg&quot;","block_context":{"text":"\u00c4ldre inl\u00e4gg","link":"https:\/\/www.fjardhundraland.se\/de\/aldre-inlagg\/"},"img":{"alt_text":"","src":"","width":0,"height":0},"classes":[]}],"jetpack_sharing_enabled":true,"_links":{"self":[{"href":"https:\/\/www.fjardhundraland.se\/de\/wp-json\/wp\/v2\/posts\/298","targetHints":{"allow":["GET"]}}],"collection":[{"href":"https:\/\/www.fjardhundraland.se\/de\/wp-json\/wp\/v2\/posts"}],"about":[{"href":"https:\/\/www.fjardhundraland.se\/de\/wp-json\/wp\/v2\/types\/post"}],"author":[{"embeddable":true,"href":"https:\/\/www.fjardhundraland.se\/de\/wp-json\/wp\/v2\/users\/1"}],"replies":[{"embeddable":true,"href":"https:\/\/www.fjardhundraland.se\/de\/wp-json\/wp\/v2\/comments?post=298"}],"version-history":[{"count":1,"href":"https:\/\/www.fjardhundraland.se\/de\/wp-json\/wp\/v2\/posts\/298\/revisions"}],"predecessor-version":[{"id":19766,"href":"https:\/\/www.fjardhundraland.se\/de\/wp-json\/wp\/v2\/posts\/298\/revisions\/19766"}],"wp:attachment":[{"href":"https:\/\/www.fjardhundraland.se\/de\/wp-json\/wp\/v2\/media?parent=298"}],"wp:term":[{"taxonomy":"category","embeddable":true,"href":"https:\/\/www.fjardhundraland.se\/de\/wp-json\/wp\/v2\/categories?post=298"},{"taxonomy":"post_tag","embeddable":true,"href":"https:\/\/www.fjardhundraland.se\/de\/wp-json\/wp\/v2\/tags?post=298"}],"curies":[{"name":"wp","href":"https:\/\/api.w.org\/{rel}","templated":true}]}}