
{"id":2863,"date":"2015-08-25T10:50:00","date_gmt":"2015-08-25T08:50:00","guid":{"rendered":"http:\/\/www.fjardhundraland.se\/?p=2863"},"modified":"2026-02-05T13:41:07","modified_gmt":"2026-02-05T12:41:07","slug":"verkostung-in-enkoping-und-fjardhundraland","status":"publish","type":"post","link":"https:\/\/www.fjardhundraland.se\/de\/mat\/2015\/smaka-pa-enkoping-och-fjardhundraland\/","title":{"rendered":"Verkostung von Enk\u00f6ping und Fj\u00e4rdhundraland"},"content":{"rendered":"<p>Samstag, 5. September, um <a href=\"https:\/\/www.enkoping.se\/swwwing\/app\/cm\/Browse.jsp?PAGE=240120\" target=\"_blank\" rel=\"noopener\">Tag des Gartens<\/a>, Sie sind herzlich eingeladen, das Beste von Fj\u00e4rdhundraland zu probieren unter <a href=\"https:\/\/www.parkstiftelsen.se\/se\/eko2015.aspx\" target=\"_blank\" rel=\"noopener\">Probieren Sie das Enk\u00f6ping<\/a>! In diesem Jahr werden viele der besten biologischen und lokal produzierten Lebensmittel auf einer Messe und einem Markt an der Uferpromenade in Enk\u00f6ping angeboten. Fj\u00e4rdhundraland beteiligt sich mit einigen unserer vielen hochwertigen Lebensmittelproduzenten und mit der Touristeninformation. Dar\u00fcber hinaus bietet es <a href=\"https:\/\/www.fjardhundraland.se\/de\/gerichte\/krakvilan-bageri\/\">B\u00e4ckerei Crow's Will<\/a> und <a href=\"https:\/\/www.fjardhundraland.se\/de\/gerichte\/oma-elsas-bauernhof-backerei\/\">Oma Elsas Bauernhofb\u00e4ckerei<\/a> in das \u00d6ko-Caf\u00e9!<\/p>\n<p>Teilnehmer:<\/p>\n<p>Skogsbacken-K\u00e4se<br \/>\nDas gl\u00fcckliche Schaf<br \/>\nFranz\u00e9n's Wurstwaren<br \/>\nBrunnvalla biservice<br \/>\nPekoe Bio-Tee<br \/>\nS\u00f6rg\u00e5rden gr\u00fcn<br \/>\nLibelle Lebensmittel Handwerk<br \/>\nTrolls Kr\u00e4utersalz<br \/>\nResta Bauernhof<br \/>\nBio-Lebensmittel \u00f6ffnen<\/p>\n<p>&nbsp;<\/p>","protected":false},"excerpt":{"rendered":"<p>L\u00f6rdagen 5 september, p\u00e5 Tr\u00e4dg\u00e5rdsdagen, \u00a0\u00e4r du v\u00e4lkommen att smaka det b\u00e4sta av Fj\u00e4rdhundraland p\u00e5 Smaka p\u00e5 Enk\u00f6ping! D\u00e5 samlas mycket av den b\u00e4sta ekologiska och lokalproducerade maten p\u00e5 en m\u00e4ssa och marknad l\u00e4ngs \u00e5promenaden i Enk\u00f6ping. Fj\u00e4rdhundraland deltar med n\u00e5gra av v\u00e5ra m\u00e5nga h\u00f6gkvalitativa matproducenter, och med turistinfo. Dessutom bjuder Kr\u00e5kvilan bageri och Farmor [&hellip;]<\/p>\n","protected":false},"author":1,"featured_media":2017,"comment_status":"open","ping_status":"open","sticky":false,"template":"","format":"standard","meta":{"_acf_changed":false,"_relevanssi_hide_post":"","_relevanssi_hide_content":"","_relevanssi_pin_for_all":"","_relevanssi_pin_keywords":"","_relevanssi_unpin_keywords":"","_relevanssi_related_keywords":"","_relevanssi_related_include_ids":"","_relevanssi_related_exclude_ids":"","_relevanssi_related_no_append":"","_relevanssi_related_not_related":"","_relevanssi_related_posts":"","_relevanssi_noindex_reason":"Rank Math Uteslut fr\u00e5n Relevanssi index","_genesis_hide_title":false,"_genesis_hide_breadcrumbs":false,"_genesis_hide_singular_image":false,"_genesis_hide_footer_widgets":false,"_genesis_custom_body_class":"","_genesis_custom_post_class":"","_genesis_layout":"","_jetpack_memberships_contains_paid_content":false,"footnotes":""},"categories":[353,78,22],"tags":[352,190,191],"class_list":{"0":"post-2863","1":"post","2":"type-post","3":"status-publish","4":"format-standard","5":"has-post-thumbnail","7":"category-aldre-inlagg","8":"category-marknad-2","9":"category-mat","10":"tag-aldre-inlagg","11":"tag-smaka-pa-enkoping","12":"tag-tradgardsdagen","13":"entry"},"acf":[],"visa":null,"geo_latitude":null,"geo_longitude":null,"jetpack_featured_media_url":"https:\/\/www.fjardhundraland.se\/wp-content\/uploads\/2014\/03\/skogsbacken-1.jpg","featured_image_src":"https:\/\/www.fjardhundraland.se\/wp-content\/uploads\/2014\/03\/skogsbacken-1.jpg","featured_image_src_square":"https:\/\/www.fjardhundraland.se\/wp-content\/uploads\/2014\/03\/skogsbacken-1.jpg","author_info":{"display_name":"Mats Thorburn","author_link":"https:\/\/www.fjardhundraland.se\/de\/author\/matst\/"},"jetpack-related-posts":[{"id":3505,"url":"https:\/\/www.fjardhundraland.se\/de\/marknad-2\/2016\/smaka-pa-enkoping\/","url_meta":{"origin":2863,"position":0},"title":"Verkostung des Enk\u00f6ping 2016","author":"Mats Thorburn","date":"17 August 2016","format":false,"excerpt":"Am 3. September findet im Rahmen des Gartentages der \"Taste of Enk\u00f6ping\" statt. Die Veranstaltung bringt lokal produzierte und biologische Lebensmittel auf einer Messe und einem Markt entlang der Uferpromenade am Fluss Enk\u00f6ping zusammen. Fj\u00e4rdhundraland ist das Herzst\u00fcck der lokalen Produktion und l\u00e4dt Sie zu einem Markt auf der Wiese neben den Restaurants von Smaka p\u00e5 Enk\u00f6ping ein. Teilnehmer...","rel":"","context":"In &quot;Marknad&quot;","block_context":{"text":"Marknad","link":"https:\/\/www.fjardhundraland.se\/de\/marknad-2\/"},"img":{"alt_text":"Fj\u00e4rdhundraland p\u00e5 marknad Smaka p\u00e5 enkoping","src":"https:\/\/i0.wp.com\/www.fjardhundraland.se\/wp-content\/uploads\/2016\/03\/Fjardhundraland-marknad-smaka-pa-enkoping.jpg?resize=350%2C200&ssl=1","width":350,"height":200,"srcset":"https:\/\/i0.wp.com\/www.fjardhundraland.se\/wp-content\/uploads\/2016\/03\/Fjardhundraland-marknad-smaka-pa-enkoping.jpg?resize=350%2C200&ssl=1 1x, https:\/\/i0.wp.com\/www.fjardhundraland.se\/wp-content\/uploads\/2016\/03\/Fjardhundraland-marknad-smaka-pa-enkoping.jpg?resize=525%2C300&ssl=1 1.5x, https:\/\/i0.wp.com\/www.fjardhundraland.se\/wp-content\/uploads\/2016\/03\/Fjardhundraland-marknad-smaka-pa-enkoping.jpg?resize=700%2C400&ssl=1 2x, https:\/\/i0.wp.com\/www.fjardhundraland.se\/wp-content\/uploads\/2016\/03\/Fjardhundraland-marknad-smaka-pa-enkoping.jpg?resize=1050%2C600&ssl=1 3x, https:\/\/i0.wp.com\/www.fjardhundraland.se\/wp-content\/uploads\/2016\/03\/Fjardhundraland-marknad-smaka-pa-enkoping.jpg?resize=1400%2C800&ssl=1 4x"},"classes":[]},{"id":10641,"url":"https:\/\/www.fjardhundraland.se\/de\/inlagg\/2022\/nya-samarbeten-kring-narproducerad-mat-i-uppland-2\/","url_meta":{"origin":2863,"position":1},"title":"Neue Kooperationen f\u00fcr lokal erzeugte Lebensmittel in Uppland","author":"Mats Thorburn","date":"13 Juni 2022","format":false,"excerpt":"Fj\u00e4rdhundraland leitete das Projekt Neue Kooperationen f\u00fcr lokal erzeugte Lebensmittel in Uppland. Die Partner - neben Fj\u00e4rdhundraland - sind Smaka p\u00e5 V\u00e4stmanland, Bondens mat i Uppland und die REKO-Ringe in Uppsala und Enk\u00f6ping. Die Projektidee zielte darauf ab, eine Zusammenarbeit zwischen mehreren verschiedenen Netzwerken von Lebensmittelproduzenten aufzubauen. Im Rahmen des Projekts organisierten wir ein Netzwerktreffen f\u00fcr Lebensmittelhandwerker am...","rel":"","context":"In &quot;\u00c4ldre inl\u00e4gg&quot;","block_context":{"text":"\u00c4ldre inl\u00e4gg","link":"https:\/\/www.fjardhundraland.se\/de\/aldre-inlagg\/"},"img":{"alt_text":"","src":"https:\/\/i0.wp.com\/www.fjardhundraland.se\/wp-content\/uploads\/2022\/06\/img-6445.jpg?resize=350%2C200&ssl=1","width":350,"height":200,"srcset":"https:\/\/i0.wp.com\/www.fjardhundraland.se\/wp-content\/uploads\/2022\/06\/img-6445.jpg?resize=350%2C200&ssl=1 1x, https:\/\/i0.wp.com\/www.fjardhundraland.se\/wp-content\/uploads\/2022\/06\/img-6445.jpg?resize=525%2C300&ssl=1 1.5x, https:\/\/i0.wp.com\/www.fjardhundraland.se\/wp-content\/uploads\/2022\/06\/img-6445.jpg?resize=700%2C400&ssl=1 2x, https:\/\/i0.wp.com\/www.fjardhundraland.se\/wp-content\/uploads\/2022\/06\/img-6445.jpg?resize=1050%2C600&ssl=1 3x, https:\/\/i0.wp.com\/www.fjardhundraland.se\/wp-content\/uploads\/2022\/06\/img-6445.jpg?resize=1400%2C800&ssl=1 4x"},"classes":[]},{"id":6753,"url":"https:\/\/www.fjardhundraland.se\/de\/inlagg\/2020\/nya-samarbeten-kring-narproducerad-mat-i-uppland\/","url_meta":{"origin":2863,"position":2},"title":"Neue Kooperationen f\u00fcr lokal erzeugte Lebensmittel in Uppland","author":"Mats Thorburn","date":"21 April 2020","format":false,"excerpt":"Fj\u00e4rdhundraland ek. f\u00f6r. hat im Rahmen des Programms zur Entwicklung des l\u00e4ndlichen Raums eine Projektf\u00f6rderung f\u00fcr das Projekt Neue Kooperationen f\u00fcr lokal erzeugte Lebensmittel in Uppland erhalten. Das Projekt wird in enger Zusammenarbeit mit anderen Akteuren im Bereich lokaler Lebensmittel durchgef\u00fchrt: Bondens Mat i Uppland, Smaka p\u00e5 V\u00e4stmanland und die REKO-Ringe in Enk\u00f6ping und Uppsala. Wir haben auch das Interesse von S\u00f6rmlands Matkluster und...","rel":"","context":"In &quot;Inl\u00e4gg&quot;","block_context":{"text":"Inl\u00e4gg","link":"https:\/\/www.fjardhundraland.se\/de\/inlagg\/"},"img":{"alt_text":"R\u00f6dbetor och gulbetor","src":"https:\/\/i0.wp.com\/www.fjardhundraland.se\/wp-content\/uploads\/2017\/11\/svartbackengronsaks.jpg?resize=350%2C200&ssl=1","width":350,"height":200,"srcset":"https:\/\/i0.wp.com\/www.fjardhundraland.se\/wp-content\/uploads\/2017\/11\/svartbackengronsaks.jpg?resize=350%2C200&ssl=1 1x, https:\/\/i0.wp.com\/www.fjardhundraland.se\/wp-content\/uploads\/2017\/11\/svartbackengronsaks.jpg?resize=525%2C300&ssl=1 1.5x, https:\/\/i0.wp.com\/www.fjardhundraland.se\/wp-content\/uploads\/2017\/11\/svartbackengronsaks.jpg?resize=700%2C400&ssl=1 2x, https:\/\/i0.wp.com\/www.fjardhundraland.se\/wp-content\/uploads\/2017\/11\/svartbackengronsaks.jpg?resize=1050%2C600&ssl=1 3x, https:\/\/i0.wp.com\/www.fjardhundraland.se\/wp-content\/uploads\/2017\/11\/svartbackengronsaks.jpg?resize=1400%2C800&ssl=1 4x"},"classes":[]},{"id":343,"url":"https:\/\/www.fjardhundraland.se\/de\/externt\/2011\/snart-fullbokat-lokala-delikatesser-genuint-hantverk\/","url_meta":{"origin":2863,"position":3},"title":"Bald ausgebucht: Lokale K\u00f6stlichkeiten &amp; echtes Handwerk","author":"Mats Thorburn","date":"9 Juni 2011","format":false,"excerpt":"Nutzen Sie die Chance - es gibt nur noch wenige Pl\u00e4tze! Ein ganzer Tag mit gutem Essen und feinem Handwerk. Sehen, h\u00f6ren und schmecken: \u00fcber handwerkliche Traditionen und die Herstellung von Lebensmitteln in kleinen Betrieben. Die Reise beginnt am Enk\u00f6ping 6\/7 und 20\/7. Lesen Sie hier mehr.","rel":"","context":"In &quot;\u00c4ldre inl\u00e4gg&quot;","block_context":{"text":"\u00c4ldre inl\u00e4gg","link":"https:\/\/www.fjardhundraland.se\/de\/aldre-inlagg\/"},"img":{"alt_text":"","src":"","width":0,"height":0},"classes":[]},{"id":1042,"url":"https:\/\/www.fjardhundraland.se\/de\/gardsbutiker\/2012\/rebusrunda-i-fjardhundraland\/","url_meta":{"origin":2863,"position":4},"title":"Rebus-Runde in Fj\u00e4rdhundraland","author":"Mats Thorburn","date":"17 Juli 2012","format":false,"excerpt":"An zwei Sonntagen im August, am 5.8. und 12.8. von 10 bis 17 Uhr, sind Sie eingeladen, mit Hilfe einer einfachen und unterhaltsamen Schnitzeljagd einen Vorgeschmack auf Fj\u00e4rdhundraland zu bekommen. Nicht weniger als sechsundzwanzig Unternehmen und Attraktionen, die einen Besuch wert sind, nehmen daran teil! Sie bieten an diesen Tagen ein kleines Extra, mit gro\u00dfz\u00fcgigen \u00d6ffnungszeiten und Sonderangeboten. An jedem Ort, der...","rel":"","context":"In &quot;\u00c4ldre inl\u00e4gg&quot;","block_context":{"text":"\u00c4ldre inl\u00e4gg","link":"https:\/\/www.fjardhundraland.se\/de\/aldre-inlagg\/"},"img":{"alt_text":"","src":"https:\/\/i0.wp.com\/www.fjardhundraland.se\/wp-content\/uploads\/2012\/07\/Rebusrunda1-300x498.jpg?resize=350%2C200&ssl=1","width":350,"height":200},"classes":[]},{"id":1167,"url":"https:\/\/www.fjardhundraland.se\/de\/entreprenorskap-i-fjardhundraland\/2012\/vinnare-rebusrundan\/","url_meta":{"origin":2863,"position":5},"title":"Die Gewinner der Rebus-Runde","author":"Mats Thorburn","date":"22 August 2012","format":false,"excerpt":"Vielen Dank an alle Besucher, die mit Fj\u00e4rdhundraland auf der Rebus-Tour unterwegs waren! Herzlichen Gl\u00fcckwunsch auch an diejenigen, die die tollen Preise gewonnen haben. Sie werden in K\u00fcrze kontaktiert. Name Platz Gewinnerin Maud Pettersson Fj\u00e4rdhundra Geschenkgutschein f\u00fcr \u201dTrivselkv\u00e4ll med underh\u00e5llning och gammeldags mat\u201d am 19.8. um 18 Uhr, gestiftet von Altuna...","rel":"","context":"In &quot;\u00c4ldre inl\u00e4gg&quot;","block_context":{"text":"\u00c4ldre inl\u00e4gg","link":"https:\/\/www.fjardhundraland.se\/de\/aldre-inlagg\/"},"img":{"alt_text":"Bes\u00f6kare p\u00e5 Kr\u00e5kvilan. Foto: Mats Thorburn.","src":"https:\/\/i0.wp.com\/www.fjardhundraland.se\/wp-content\/uploads\/2012\/08\/2012-08-12-at-13-29-07-630x420.jpg?resize=350%2C200&ssl=1","width":350,"height":200,"srcset":"https:\/\/i0.wp.com\/www.fjardhundraland.se\/wp-content\/uploads\/2012\/08\/2012-08-12-at-13-29-07-630x420.jpg?resize=350%2C200&ssl=1 1x, https:\/\/i0.wp.com\/www.fjardhundraland.se\/wp-content\/uploads\/2012\/08\/2012-08-12-at-13-29-07-630x420.jpg?resize=525%2C300&ssl=1 1.5x"},"classes":[]}],"jetpack_sharing_enabled":true,"_links":{"self":[{"href":"https:\/\/www.fjardhundraland.se\/de\/wp-json\/wp\/v2\/posts\/2863","targetHints":{"allow":["GET"]}}],"collection":[{"href":"https:\/\/www.fjardhundraland.se\/de\/wp-json\/wp\/v2\/posts"}],"about":[{"href":"https:\/\/www.fjardhundraland.se\/de\/wp-json\/wp\/v2\/types\/post"}],"author":[{"embeddable":true,"href":"https:\/\/www.fjardhundraland.se\/de\/wp-json\/wp\/v2\/users\/1"}],"replies":[{"embeddable":true,"href":"https:\/\/www.fjardhundraland.se\/de\/wp-json\/wp\/v2\/comments?post=2863"}],"version-history":[{"count":1,"href":"https:\/\/www.fjardhundraland.se\/de\/wp-json\/wp\/v2\/posts\/2863\/revisions"}],"predecessor-version":[{"id":19654,"href":"https:\/\/www.fjardhundraland.se\/de\/wp-json\/wp\/v2\/posts\/2863\/revisions\/19654"}],"wp:featuredmedia":[{"embeddable":true,"href":"https:\/\/www.fjardhundraland.se\/de\/wp-json\/wp\/v2\/media\/2017"}],"wp:attachment":[{"href":"https:\/\/www.fjardhundraland.se\/de\/wp-json\/wp\/v2\/media?parent=2863"}],"wp:term":[{"taxonomy":"category","embeddable":true,"href":"https:\/\/www.fjardhundraland.se\/de\/wp-json\/wp\/v2\/categories?post=2863"},{"taxonomy":"post_tag","embeddable":true,"href":"https:\/\/www.fjardhundraland.se\/de\/wp-json\/wp\/v2\/tags?post=2863"}],"curies":[{"name":"wp","href":"https:\/\/api.w.org\/{rel}","templated":true}]}}