
{"id":2858,"date":"2015-08-21T19:15:57","date_gmt":"2015-08-21T17:15:57","guid":{"rendered":"http:\/\/www.fjardhundraland.se\/?p=2858"},"modified":"2026-02-05T13:41:07","modified_gmt":"2026-02-05T12:41:07","slug":"die-jahre-des-lebensmittelwahns","status":"publish","type":"post","link":"https:\/\/www.fjardhundraland.se\/de\/inlagg\/2015\/vilka-ar-med-matmanniskor\/","title":{"rendered":"Wer ist an Food &amp; People beteiligt?"},"content":{"rendered":"<p><iframe src=\"https:\/\/www.google.com\/maps\/d\/u\/0\/embed?mid=z5Di0JekFpwk.kpruJQQzmC8A\" width=\"100%\" height=\"520\"><\/iframe><\/p>\n<p>Jetzt ist klar, wer am 27. September 2015 bei Mat&amp;M\u00e4nniskor dabei sein wird - gro\u00dfe Vielfalt auf kleinem Raum! Hier ist die Liste.<\/p>\n<p><a href=\"https:\/\/www.fjardhundraland.se\/de\/gerichte\/cafe-samt\/\">Caf\u00e9 Samt<\/a><br \/>\n<a href=\"https:\/\/www.fjardhundraland.se\/de\/gerichte\/die-verdummung-des-schweins\/\">Das Domta-Schwein<\/a><br \/>\n<a href=\"https:\/\/www.fjardhundraland.se\/de\/gerichte\/cafe-forsby-muhle\/\">Caf\u00e9 Forsby-M\u00fchle<\/a><br \/>\n<a href=\"https:\/\/www.fjardhundraland.se\/de\/gerichte\/franzens-charcuterie\/\">Franz\u00e9n's Wurstwaren<\/a><br \/>\n<a href=\"https:\/\/www.fjardhundraland.se\/de\/gerichte\/froslunda-ecogard\/\">Fr\u00f6slunda Bio-Fleisch<\/a><br \/>\n<a href=\"https:\/\/www.fjardhundraland.se\/de\/gerichte\/gula-stallet-butik-kafe\/\">Caf\u00e9 und Gesch\u00e4ft Gula Stallet<\/a><br \/>\n<a href=\"https:\/\/www.fjardhundraland.se\/de\/gerichte\/kromsta-bauernhaus\/\">Bauernhaus Kromsta<\/a><br \/>\n<a href=\"https:\/\/www.fjardhundraland.se\/de\/gerichte\/krakvilan-bageri\/\">Der Wille der Kr\u00e4he<\/a><br \/>\n<a href=\"https:\/\/www.fjardhundraland.se\/de\/gerichte\/malby-tradgard\/\">M\u00e4lby Garten<\/a><br \/>\n<a href=\"https:\/\/www.fjardhundraland.se\/de\/gerichte\/pekoe-bio-tee\/\">Pekoe Bio-Tee<\/a><br \/>\n<a href=\"https:\/\/www.fjardhundraland.se\/de\/gerichte\/refvelsta-fideikomiss\/\">Refvelsta Immobilienverwaltung<\/a><br \/>\n<a href=\"https:\/\/www.fjardhundraland.se\/de\/gerichte\/verbleibender-schutz\/\">Resta Bauernhof<\/a><br \/>\n<a href=\"https:\/\/www.fjardhundraland.se\/de\/gerichte\/skogsbackenkase\/\">Skogsbacken-K\u00e4se<\/a><br \/>\n<a href=\"https:\/\/www.fjardhundraland.se\/de\/gerichte\/bauernhof-sunnansjo\/\">Bauernhof Sunnansj\u00f6<\/a><br \/>\n<a href=\"https:\/\/www.fjardhundraland.se\/de\/gerichte\/sussis-gardsbageri\/\">Sussi's Bauernhof B\u00e4ckerei<\/a><br \/>\n<a href=\"https:\/\/www.fjardhundraland.se\/de\/gerichte\/trauergrunzer\/\">S\u00f6rg\u00e5rden gr\u00fcn<\/a><br \/>\n<a href=\"https:\/\/www.fjardhundraland.se\/de\/gerichte\/aloppe-ekomat\/\">Bio-Lebensmittel \u00f6ffnen<\/a><\/p>","protected":false},"excerpt":{"rendered":"<p>Nu \u00e4r det klart vilka som \u00e4r med p\u00e5 Mat&amp;M\u00e4nniskor 27 september 2015\u00a0\u2013 stor\u00a0m\u00e5ngfald p\u00e5 liten yta! H\u00e4r \u00e4r listan. Caf\u00e9 Samt Domta-grisen Forsby kvarn kaf\u00e9 Franz\u00e9ns charkuterier Fr\u00f6slunda ekok\u00f6tt Gula Stallet kaf\u00e9 och butik Kromsta lantbod Kr\u00e5kvilan M\u00e4lby tr\u00e4dg\u00e5rd Pekoe ekologiskt te Refvelsta godsf\u00f6rvaltning Resta g\u00e5rd Skogsbackens ost Sunnansj\u00f6 g\u00e5rd Sussis g\u00e5rdsbageri S\u00f6rg\u00e5rden gr\u00f6nt [&hellip;]<\/p>\n","protected":false},"author":1,"featured_media":0,"comment_status":"open","ping_status":"open","sticky":false,"template":"","format":"standard","meta":{"_acf_changed":false,"_relevanssi_hide_post":"","_relevanssi_hide_content":"","_relevanssi_pin_for_all":"","_relevanssi_pin_keywords":"","_relevanssi_unpin_keywords":"","_relevanssi_related_keywords":"","_relevanssi_related_include_ids":"","_relevanssi_related_exclude_ids":"","_relevanssi_related_no_append":"","_relevanssi_related_not_related":"","_relevanssi_related_posts":"","_relevanssi_noindex_reason":"Rank Math Uteslut fr\u00e5n Relevanssi index","_genesis_hide_title":false,"_genesis_hide_breadcrumbs":false,"_genesis_hide_singular_image":false,"_genesis_hide_footer_widgets":false,"_genesis_custom_body_class":"","_genesis_custom_post_class":"","_genesis_layout":"","_jetpack_memberships_contains_paid_content":false,"footnotes":""},"categories":[353,1],"tags":[352,189],"class_list":{"0":"post-2858","1":"post","2":"type-post","3":"status-publish","4":"format-standard","6":"category-aldre-inlagg","7":"category-inlagg","8":"tag-aldre-inlagg","9":"tag-matmanniskor","10":"entry"},"acf":[],"visa":null,"geo_latitude":null,"geo_longitude":null,"jetpack_featured_media_url":"","featured_image_src":null,"featured_image_src_square":null,"author_info":{"display_name":"Mats Thorburn","author_link":"https:\/\/www.fjardhundraland.se\/de\/author\/matst\/"},"jetpack-related-posts":[{"id":3568,"url":"https:\/\/www.fjardhundraland.se\/de\/mat\/2016\/mat-manniskor-2016\/","url_meta":{"origin":2858,"position":0},"title":"Essen &amp; Menschen 2016","author":"Mats Thorburn","date":"6 September 2016","format":false,"excerpt":"Am Sonntag, den 25. September 2016, von 11 bis 17 Uhr, ist es Zeit f\u00fcr Food &amp; People! Sie reisen durch die sch\u00f6nen Gassen von Fj\u00e4rdhundraland von Ort zu Ort, essen und naschen, probieren das Essen - und treffen die Menschen dahinter. Hier sind das Men\u00fc und die Karte! Schwierig zu finden? Hier finden Sie Adressen, Koordinaten und Wegbeschreibungen. So wird's gemacht: Ausdrucken...","rel":"","context":"In &quot;Mat&quot;","block_context":{"text":"Mat","link":"https:\/\/www.fjardhundraland.se\/de\/mat\/"},"img":{"alt_text":"","src":"https:\/\/i0.wp.com\/www.fjardhundraland.se\/wp-content\/uploads\/2016\/09\/mmfb.jpg?resize=350%2C200&ssl=1","width":350,"height":200,"srcset":"https:\/\/i0.wp.com\/www.fjardhundraland.se\/wp-content\/uploads\/2016\/09\/mmfb.jpg?resize=350%2C200&ssl=1 1x, https:\/\/i0.wp.com\/www.fjardhundraland.se\/wp-content\/uploads\/2016\/09\/mmfb.jpg?resize=525%2C300&ssl=1 1.5x, https:\/\/i0.wp.com\/www.fjardhundraland.se\/wp-content\/uploads\/2016\/09\/mmfb.jpg?resize=700%2C400&ssl=1 2x, https:\/\/i0.wp.com\/www.fjardhundraland.se\/wp-content\/uploads\/2016\/09\/mmfb.jpg?resize=1050%2C600&ssl=1 3x"},"classes":[]},{"id":914,"url":"https:\/\/www.fjardhundraland.se\/de\/mat\/2012\/nu-oppnar-forsby-kvarn-kafe\/","url_meta":{"origin":2858,"position":1},"title":"Caf\u00e9 in Forsby Mill jetzt ge\u00f6ffnet","author":"Mats Thorburn","date":"26 April 2012","format":false,"excerpt":"Am Samstag wird das lang erwartete Caf\u00e9 in Forsby Mill er\u00f6ffnet. Dort, wo einst die Lokomotive die M\u00fchle und das S\u00e4gewerk antrieb, wird nun Ibba's Geb\u00e4ck serviert. Versprochen werden Leckereien und auch n\u00fctzliche Lebensmittel. Lesen Sie mehr auf der neuen Website!","rel":"","context":"In &quot;\u00c4ldre inl\u00e4gg&quot;","block_context":{"text":"\u00c4ldre inl\u00e4gg","link":"https:\/\/www.fjardhundraland.se\/de\/aldre-inlagg\/"},"img":{"alt_text":"","src":"https:\/\/i0.wp.com\/forsbykvarn.se\/wp-content\/uploads\/2011\/08\/Forsbybageriets-gamla-monter.jpg?resize=350%2C200&ssl=1","width":350,"height":200},"classes":[]},{"id":4687,"url":"https:\/\/www.fjardhundraland.se\/de\/mat-manniskor\/2017\/mat-manniskor-2017\/","url_meta":{"origin":2858,"position":2},"title":"Essen &amp; Menschen 2017","author":"Mats Thorburn","date":"21 August 2017","format":false,"excerpt":"Die Food &amp; People Food Tour war in den ersten beiden Jahren ein gro\u00dfer Erfolg, mit Tausenden von Besuchern auf der Suche nach kulinarischen Erlebnissen. Am Sonntag, den 24. September 2017, von 11 bis 17 Uhr, ist es Zeit f\u00fcr die dritte Ausgabe. Besuchen Sie Erzeuger und Feinschmecker zur Zeit der Ernte! Sie haben die Wahl zwischen f\u00fcnfzehn verschiedenen Standorten. An manchen Orten gibt es mehrere...","rel":"","context":"In &quot;Mat &amp; m\u00e4nniskor&quot;","block_context":{"text":"Mat &amp; m\u00e4nniskor","link":"https:\/\/www.fjardhundraland.se\/de\/mat-manniskor\/"},"img":{"alt_text":"S\u00f6rg\u00e5rden gr\u00f6nt Chili","src":"https:\/\/i0.wp.com\/www.fjardhundraland.se\/wp-content\/uploads\/2017\/08\/socc88rgacc8arden-grocc88nt-chili.jpg?resize=350%2C200&ssl=1","width":350,"height":200,"srcset":"https:\/\/i0.wp.com\/www.fjardhundraland.se\/wp-content\/uploads\/2017\/08\/socc88rgacc8arden-grocc88nt-chili.jpg?resize=350%2C200&ssl=1 1x, https:\/\/i0.wp.com\/www.fjardhundraland.se\/wp-content\/uploads\/2017\/08\/socc88rgacc8arden-grocc88nt-chili.jpg?resize=525%2C300&ssl=1 1.5x, https:\/\/i0.wp.com\/www.fjardhundraland.se\/wp-content\/uploads\/2017\/08\/socc88rgacc8arden-grocc88nt-chili.jpg?resize=700%2C400&ssl=1 2x, https:\/\/i0.wp.com\/www.fjardhundraland.se\/wp-content\/uploads\/2017\/08\/socc88rgacc8arden-grocc88nt-chili.jpg?resize=1050%2C600&ssl=1 3x, https:\/\/i0.wp.com\/www.fjardhundraland.se\/wp-content\/uploads\/2017\/08\/socc88rgacc8arden-grocc88nt-chili.jpg?resize=1400%2C800&ssl=1 4x"},"classes":[]},{"id":2294,"url":"https:\/\/www.fjardhundraland.se\/de\/mat\/2014\/sondagsutflykt-med-hast-och-vagn\/","url_meta":{"origin":2858,"position":3},"title":"\u201dSonntagsausflug\u201d mit Pferd und Kutsche","author":"Mats Thorburn","date":"21 Mai 2014","format":false,"excerpt":"Am Muttertag und an Christi Himmelfahrt k\u00f6nnen Sie einen Ausflug in Fj\u00e4rdhundraland machen, langsam mit Pferd und Wagen. Unterwegs gibt es Mittagessen im Forsby kvarn caf\u00e9 und Nachmittagskaffee in Oma Elsas Hofb\u00e4ckerei. Veranstalter: H\u00e4stkraft Fj\u00e4rdhundra.","rel":"","context":"In &quot;\u00c4ldre inl\u00e4gg&quot;","block_context":{"text":"\u00c4ldre inl\u00e4gg","link":"https:\/\/www.fjardhundraland.se\/de\/aldre-inlagg\/"},"img":{"alt_text":"","src":"","width":0,"height":0},"classes":[]},{"id":942,"url":"https:\/\/www.fjardhundraland.se\/de\/inlagg\/2012\/pa-krigsstigen-i-fjardhundraland\/","url_meta":{"origin":2858,"position":4},"title":"Auf dem Kriegspfad in Fj\u00e4rdhundraland","author":"Mats Thorburn","date":"19 Mai 2012","format":false,"excerpt":"Am Samstag und Sonntag um 11 und 13 Uhr f\u00fchrt Sie G\u00f6ran Mellstr\u00f6m durch das Soldatendorf in Dunderbo (Wegbeschreibung). 10 bis 16 Uhr findet in Dunderbo au\u00dferdem ein Fr\u00fchlingsmarkt statt - danach k\u00f6nnen Sie eine der vielen Sehensw\u00fcrdigkeiten in Fj\u00e4rdhundraland besuchen. Sehen Sie sich die wei\u00dfen Anemonen in H\u00e5rsb\u00e4cksdalen an, am Samstag vielleicht kombiniert mit einem Besuch in Lagerl\u00f6fska...","rel":"","context":"In &quot;\u00c4ldre inl\u00e4gg&quot;","block_context":{"text":"\u00c4ldre inl\u00e4gg","link":"https:\/\/www.fjardhundraland.se\/de\/aldre-inlagg\/"},"img":{"alt_text":"Krigsstigen soldattorp","src":"https:\/\/i0.wp.com\/www.fjardhundraland.se\/wp-content\/uploads\/2012\/05\/krigsstigen-1024x682.jpg?resize=350%2C200&ssl=1","width":350,"height":200,"srcset":"https:\/\/i0.wp.com\/www.fjardhundraland.se\/wp-content\/uploads\/2012\/05\/krigsstigen-1024x682.jpg?resize=350%2C200&ssl=1 1x, https:\/\/i0.wp.com\/www.fjardhundraland.se\/wp-content\/uploads\/2012\/05\/krigsstigen-1024x682.jpg?resize=525%2C300&ssl=1 1.5x"},"classes":[]},{"id":590,"url":"https:\/\/www.fjardhundraland.se\/de\/hantverk\/2011\/ljus-hantverk-lordagskafe-i-dunderbo\/","url_meta":{"origin":2858,"position":5},"title":"Kerzen, Kunsthandwerk und Samstagscaf\u00e9 in Dunderbo","author":"Mats Thorburn","date":"13 August 2011","format":false,"excerpt":"Bei Dunderbo Candles &amp; Crafts k\u00f6nnen Sie handgefertigte Kerzen und lokales Kunsthandwerk kaufen - und samstags gibt es ein Caf\u00e9.","rel":"","context":"In &quot;\u00c4ldre inl\u00e4gg&quot;","block_context":{"text":"\u00c4ldre inl\u00e4gg","link":"https:\/\/www.fjardhundraland.se\/de\/aldre-inlagg\/"},"img":{"alt_text":"Dunderbo ljus och hantverk","src":"https:\/\/dunderbohantverk.files.wordpress.com\/2010\/10\/boden1.jpg?w=350&h=200&crop=1","width":350,"height":200},"classes":[]}],"jetpack_sharing_enabled":true,"_links":{"self":[{"href":"https:\/\/www.fjardhundraland.se\/de\/wp-json\/wp\/v2\/posts\/2858","targetHints":{"allow":["GET"]}}],"collection":[{"href":"https:\/\/www.fjardhundraland.se\/de\/wp-json\/wp\/v2\/posts"}],"about":[{"href":"https:\/\/www.fjardhundraland.se\/de\/wp-json\/wp\/v2\/types\/post"}],"author":[{"embeddable":true,"href":"https:\/\/www.fjardhundraland.se\/de\/wp-json\/wp\/v2\/users\/1"}],"replies":[{"embeddable":true,"href":"https:\/\/www.fjardhundraland.se\/de\/wp-json\/wp\/v2\/comments?post=2858"}],"version-history":[{"count":1,"href":"https:\/\/www.fjardhundraland.se\/de\/wp-json\/wp\/v2\/posts\/2858\/revisions"}],"predecessor-version":[{"id":19655,"href":"https:\/\/www.fjardhundraland.se\/de\/wp-json\/wp\/v2\/posts\/2858\/revisions\/19655"}],"wp:attachment":[{"href":"https:\/\/www.fjardhundraland.se\/de\/wp-json\/wp\/v2\/media?parent=2858"}],"wp:term":[{"taxonomy":"category","embeddable":true,"href":"https:\/\/www.fjardhundraland.se\/de\/wp-json\/wp\/v2\/categories?post=2858"},{"taxonomy":"post_tag","embeddable":true,"href":"https:\/\/www.fjardhundraland.se\/de\/wp-json\/wp\/v2\/tags?post=2858"}],"curies":[{"name":"wp","href":"https:\/\/api.w.org\/{rel}","templated":true}]}}