
{"id":280,"date":"2011-05-24T22:57:20","date_gmt":"2011-05-24T20:57:20","guid":{"rendered":"http:\/\/www.fjardhundraland.se\/?p=280"},"modified":"2026-02-05T13:40:42","modified_gmt":"2026-02-05T12:40:42","slug":"entratseln-in-fjardhundraland","status":"publish","type":"post","link":"https:\/\/www.fjardhundraland.se\/de\/externt\/2011\/upptacksfard-i-fjardhundraland\/","title":{"rendered":"Fj\u00e4rdhundraland erforschen"},"content":{"rendered":"<p>An zwei Wochenenden im Mai verwandelte Fj\u00e4rdhundraland den Platz in Enk\u00f6ping in eine Welt f\u00fcr sich - mit einem Vorgeschmack auf alles, was Besucher in der Region n\u00f6rdlich von Enk\u00f6ping erwartet. An den Sonntagen gab es Bustouren mit Attraktionen, kulturellen \u00dcberraschungen und lokalen Snacks.<\/p>\n<p>Vielen Dank an alle, die uns besucht haben! Jetzt geht es weiter - mit einem langen und gl\u00fccklichen Sommer, denn Sie sind herzlich willkommen bei Fj\u00e4rdhundraland. Folgen Sie uns weiterhin hier und auf <a title=\"facebook.com\/fjardhundraland\" href=\"https:\/\/facebook.com\/fjardhundraland\" target=\"_blank\" rel=\"noopener\">Facebook<\/a> werden wir Sie mit neuen Stalltipps versorgen - es gibt noch viel zu entdecken!<\/p>","protected":false},"excerpt":{"rendered":"<p>Tv\u00e5 helger i maj gjorde Fj\u00e4rdhundraland torget i Enk\u00f6ping till en egen v\u00e4rld \u2013 med smakprov p\u00e5 allt som finns f\u00f6r dig som bes\u00f6kare i trakterna norr om Enk\u00f6ping. S\u00f6ndagarna bj\u00f6d p\u00e5 bussresor med sev\u00e4rdheter, kulturella \u00f6verraskningar och lokala tilltugg. Tack till dig som bes\u00f6kte oss! Nu forts\u00e4tter vi \u2013 med en l\u00e5ng och sk\u00f6n [&hellip;]<\/p>\n","protected":false},"author":1,"featured_media":0,"comment_status":"open","ping_status":"open","sticky":false,"template":"","format":"standard","meta":{"_acf_changed":false,"_relevanssi_hide_post":"","_relevanssi_hide_content":"","_relevanssi_pin_for_all":"","_relevanssi_pin_keywords":"","_relevanssi_unpin_keywords":"","_relevanssi_related_keywords":"","_relevanssi_related_include_ids":"","_relevanssi_related_exclude_ids":"","_relevanssi_related_no_append":"","_relevanssi_related_not_related":"","_relevanssi_related_posts":"","_relevanssi_noindex_reason":"Rank Math Uteslut fr\u00e5n Relevanssi index","_genesis_hide_title":false,"_genesis_hide_breadcrumbs":false,"_genesis_hide_singular_image":false,"_genesis_hide_footer_widgets":false,"_genesis_custom_body_class":"","_genesis_custom_post_class":"","_genesis_layout":"","_jetpack_memberships_contains_paid_content":false,"footnotes":""},"categories":[353,18],"tags":[352],"class_list":{"0":"post-280","1":"post","2":"type-post","3":"status-publish","4":"format-standard","6":"category-aldre-inlagg","7":"category-externt","8":"tag-aldre-inlagg","9":"entry"},"acf":[],"visa":null,"geo_latitude":null,"geo_longitude":null,"jetpack_featured_media_url":"","featured_image_src":null,"featured_image_src_square":null,"author_info":{"display_name":"Mats Thorburn","author_link":"https:\/\/www.fjardhundraland.se\/de\/author\/matst\/"},"jetpack-related-posts":[{"id":1042,"url":"https:\/\/www.fjardhundraland.se\/de\/gardsbutiker\/2012\/rebusrunda-i-fjardhundraland\/","url_meta":{"origin":280,"position":0},"title":"Rebus-Runde in Fj\u00e4rdhundraland","author":"Mats Thorburn","date":"17 Juli 2012","format":false,"excerpt":"An zwei Sonntagen im August, am 5.8. und 12.8. von 10 bis 17 Uhr, sind Sie eingeladen, mit Hilfe einer einfachen und unterhaltsamen Schnitzeljagd einen Vorgeschmack auf Fj\u00e4rdhundraland zu bekommen. Nicht weniger als sechsundzwanzig Unternehmen und Attraktionen, die einen Besuch wert sind, nehmen daran teil! Sie bieten an diesen Tagen ein kleines Extra, mit gro\u00dfz\u00fcgigen \u00d6ffnungszeiten und Sonderangeboten. An jedem Ort, der...","rel":"","context":"In &quot;\u00c4ldre inl\u00e4gg&quot;","block_context":{"text":"\u00c4ldre inl\u00e4gg","link":"https:\/\/www.fjardhundraland.se\/de\/aldre-inlagg\/"},"img":{"alt_text":"","src":"https:\/\/i0.wp.com\/www.fjardhundraland.se\/wp-content\/uploads\/2012\/07\/Rebusrunda1-300x498.jpg?resize=350%2C200&ssl=1","width":350,"height":200},"classes":[]},{"id":13,"url":"https:\/\/www.fjardhundraland.se\/de\/externt\/2010\/fjardhundraland\/","url_meta":{"origin":280,"position":1},"title":"Fj\u00e4rdhundraland","author":"Mats Thorburn","date":"12 Oktober 2010","format":false,"excerpt":"Fj\u00e4rdhundraland ist die moderne Interpretation des mittelalterlichen Volkslandes Fj\u00e4drundaland. Hier, in der Gegend um Fj\u00e4rdhundra n\u00f6rdlich von Enk\u00f6ping, finden Sie eine lebendige Landschaft mit Geschichte, aber auch aufstrebende kleine Unternehmen: Caf\u00e9s, Unterk\u00fcnfte und Hofl\u00e4den. Tolle Erlebnisse f\u00fcr Besucher in einem alten Dorf. Herzlich willkommen hier! Wer wei\u00df, vielleicht werden Sie sogar...","rel":"","context":"In &quot;\u00c4ldre inl\u00e4gg&quot;","block_context":{"text":"\u00c4ldre inl\u00e4gg","link":"https:\/\/www.fjardhundraland.se\/de\/aldre-inlagg\/"},"img":{"alt_text":"","src":"","width":0,"height":0},"classes":[]},{"id":1167,"url":"https:\/\/www.fjardhundraland.se\/de\/entreprenorskap-i-fjardhundraland\/2012\/vinnare-rebusrundan\/","url_meta":{"origin":280,"position":2},"title":"Die Gewinner der Rebus-Runde","author":"Mats Thorburn","date":"22 August 2012","format":false,"excerpt":"Vielen Dank an alle Besucher, die mit Fj\u00e4rdhundraland auf der Rebus-Tour unterwegs waren! Herzlichen Gl\u00fcckwunsch auch an diejenigen, die die tollen Preise gewonnen haben. Sie werden in K\u00fcrze kontaktiert. Name Platz Gewinnerin Maud Pettersson Fj\u00e4rdhundra Geschenkgutschein f\u00fcr \u201dTrivselkv\u00e4ll med underh\u00e5llning och gammeldags mat\u201d am 19.8. um 18 Uhr, gestiftet von Altuna...","rel":"","context":"In &quot;\u00c4ldre inl\u00e4gg&quot;","block_context":{"text":"\u00c4ldre inl\u00e4gg","link":"https:\/\/www.fjardhundraland.se\/de\/aldre-inlagg\/"},"img":{"alt_text":"Bes\u00f6kare p\u00e5 Kr\u00e5kvilan. Foto: Mats Thorburn.","src":"https:\/\/i0.wp.com\/www.fjardhundraland.se\/wp-content\/uploads\/2012\/08\/2012-08-12-at-13-29-07-630x420.jpg?resize=350%2C200&ssl=1","width":350,"height":200,"srcset":"https:\/\/i0.wp.com\/www.fjardhundraland.se\/wp-content\/uploads\/2012\/08\/2012-08-12-at-13-29-07-630x420.jpg?resize=350%2C200&ssl=1 1x, https:\/\/i0.wp.com\/www.fjardhundraland.se\/wp-content\/uploads\/2012\/08\/2012-08-12-at-13-29-07-630x420.jpg?resize=525%2C300&ssl=1 1.5x"},"classes":[]},{"id":2863,"url":"https:\/\/www.fjardhundraland.se\/de\/mat\/2015\/smaka-pa-enkoping-och-fjardhundraland\/","url_meta":{"origin":280,"position":3},"title":"Verkostung von Enk\u00f6ping und Fj\u00e4rdhundraland","author":"Mats Thorburn","date":"25 August 2015","format":false,"excerpt":"Am Samstag, den 5. September, k\u00f6nnen Sie am Gartentag das Beste aus Fj\u00e4rdhundraland bei Taste Enk\u00f6ping probieren! An diesem Tag werden viele der besten biologischen und lokal produzierten Lebensmittel auf einer Messe und einem Markt entlang der Uferpromenade in Enk\u00f6ping angeboten. Fj\u00e4rdhundraland ist mit einigen unserer vielen hochwertigen Lebensmittelproduzenten und mit der Touristeninformation vertreten. Dar\u00fcber hinaus...","rel":"","context":"In &quot;\u00c4ldre inl\u00e4gg&quot;","block_context":{"text":"\u00c4ldre inl\u00e4gg","link":"https:\/\/www.fjardhundraland.se\/de\/aldre-inlagg\/"},"img":{"alt_text":"Skogsbacken","src":"https:\/\/i0.wp.com\/www.fjardhundraland.se\/wp-content\/uploads\/2014\/03\/skogsbacken-1.jpg?resize=350%2C200&ssl=1","width":350,"height":200,"srcset":"https:\/\/i0.wp.com\/www.fjardhundraland.se\/wp-content\/uploads\/2014\/03\/skogsbacken-1.jpg?resize=350%2C200&ssl=1 1x, https:\/\/i0.wp.com\/www.fjardhundraland.se\/wp-content\/uploads\/2014\/03\/skogsbacken-1.jpg?resize=525%2C300&ssl=1 1.5x, https:\/\/i0.wp.com\/www.fjardhundraland.se\/wp-content\/uploads\/2014\/03\/skogsbacken-1.jpg?resize=700%2C400&ssl=1 2x, https:\/\/i0.wp.com\/www.fjardhundraland.se\/wp-content\/uploads\/2014\/03\/skogsbacken-1.jpg?resize=1050%2C600&ssl=1 3x, https:\/\/i0.wp.com\/www.fjardhundraland.se\/wp-content\/uploads\/2014\/03\/skogsbacken-1.jpg?resize=1400%2C800&ssl=1 4x"},"classes":[]},{"id":5262,"url":"https:\/\/www.fjardhundraland.se\/de\/utflykt\/2018\/cykla-i-fjardhundraland\/","url_meta":{"origin":280,"position":4},"title":"Radfahren in Fj\u00e4rdhundraland","author":"Mats Thorburn","date":"30 Juni 2018","format":false,"excerpt":"Die kurvenreichen Nebenstra\u00dfen von Fj\u00e4rdhundraland sind ein Traum f\u00fcr Radfahrer, mit vielen M\u00f6glichkeiten, sch\u00f6nen Aussichten und einer Menge zu sehen und zu tun. Wir arbeiten daran, den Besuchern die Orientierung zu erleichtern, ihnen die Suche nach Restaurants und Unterk\u00fcnften zu erleichtern und sie bei Bedarf zu beraten. Fj\u00e4rdhundralandsleden Um es einfach zu machen, haben wir...","rel":"","context":"In &quot;Utflykt&quot;","block_context":{"text":"Utflykt","link":"https:\/\/www.fjardhundraland.se\/de\/utflykt\/"},"img":{"alt_text":"Cyklar parkerade framf\u00f6r Nys\u00e4tra kyrka","src":"https:\/\/i0.wp.com\/www.fjardhundraland.se\/wp-content\/uploads\/2018\/06\/cykling.jpg?resize=350%2C200&ssl=1","width":350,"height":200,"srcset":"https:\/\/i0.wp.com\/www.fjardhundraland.se\/wp-content\/uploads\/2018\/06\/cykling.jpg?resize=350%2C200&ssl=1 1x, https:\/\/i0.wp.com\/www.fjardhundraland.se\/wp-content\/uploads\/2018\/06\/cykling.jpg?resize=525%2C300&ssl=1 1.5x, https:\/\/i0.wp.com\/www.fjardhundraland.se\/wp-content\/uploads\/2018\/06\/cykling.jpg?resize=700%2C400&ssl=1 2x, https:\/\/i0.wp.com\/www.fjardhundraland.se\/wp-content\/uploads\/2018\/06\/cykling.jpg?resize=1050%2C600&ssl=1 3x, https:\/\/i0.wp.com\/www.fjardhundraland.se\/wp-content\/uploads\/2018\/06\/cykling.jpg?resize=1400%2C800&ssl=1 4x"},"classes":[]},{"id":1345,"url":"https:\/\/www.fjardhundraland.se\/de\/turistinformation\/2013\/svang-a\/","url_meta":{"origin":280,"position":5},"title":"Biegen Sie in Richtung des Touristeninformationszentrums ab!","author":"Mats Thorburn","date":"7 Juni 2013","format":false,"excerpt":"M\u00f6chten Sie mehr wissen und pers\u00f6nliche Tipps \u00fcber Fj\u00e4rdhundraland erhalten? Besuchen Sie das Touristeninformationszentrum Fj\u00e4rdhundraland in G\u00e4stre, s\u00fcdlich von Fj\u00e4rdhundra an der Stra\u00dfe 70 Enk\u00f6ping-Sala. Ab heute, dem 7. Juni, ist es freitags und samstags von 12-16 Uhr ge\u00f6ffnet (bis zum 7. September, mit einigen Ausnahmen - siehe Website). Herzlich willkommen zu einer kleinen, pers\u00f6nlichen Touristeninformation!","rel":"","context":"In &quot;\u00c4ldre inl\u00e4gg&quot;","block_context":{"text":"\u00c4ldre inl\u00e4gg","link":"https:\/\/www.fjardhundraland.se\/de\/aldre-inlagg\/"},"img":{"alt_text":"OLYMPUS DIGITAL CAMERA","src":"https:\/\/i0.wp.com\/www.fjardhundraland.se\/wp-content\/uploads\/2013\/06\/turistskylt.jpg?resize=350%2C200&ssl=1","width":350,"height":200,"srcset":"https:\/\/i0.wp.com\/www.fjardhundraland.se\/wp-content\/uploads\/2013\/06\/turistskylt.jpg?resize=350%2C200&ssl=1 1x, https:\/\/i0.wp.com\/www.fjardhundraland.se\/wp-content\/uploads\/2013\/06\/turistskylt.jpg?resize=525%2C300&ssl=1 1.5x, https:\/\/i0.wp.com\/www.fjardhundraland.se\/wp-content\/uploads\/2013\/06\/turistskylt.jpg?resize=700%2C400&ssl=1 2x, https:\/\/i0.wp.com\/www.fjardhundraland.se\/wp-content\/uploads\/2013\/06\/turistskylt.jpg?resize=1050%2C600&ssl=1 3x, https:\/\/i0.wp.com\/www.fjardhundraland.se\/wp-content\/uploads\/2013\/06\/turistskylt.jpg?resize=1400%2C800&ssl=1 4x"},"classes":[]}],"jetpack_sharing_enabled":true,"_links":{"self":[{"href":"https:\/\/www.fjardhundraland.se\/de\/wp-json\/wp\/v2\/posts\/280","targetHints":{"allow":["GET"]}}],"collection":[{"href":"https:\/\/www.fjardhundraland.se\/de\/wp-json\/wp\/v2\/posts"}],"about":[{"href":"https:\/\/www.fjardhundraland.se\/de\/wp-json\/wp\/v2\/types\/post"}],"author":[{"embeddable":true,"href":"https:\/\/www.fjardhundraland.se\/de\/wp-json\/wp\/v2\/users\/1"}],"replies":[{"embeddable":true,"href":"https:\/\/www.fjardhundraland.se\/de\/wp-json\/wp\/v2\/comments?post=280"}],"version-history":[{"count":1,"href":"https:\/\/www.fjardhundraland.se\/de\/wp-json\/wp\/v2\/posts\/280\/revisions"}],"predecessor-version":[{"id":19767,"href":"https:\/\/www.fjardhundraland.se\/de\/wp-json\/wp\/v2\/posts\/280\/revisions\/19767"}],"wp:attachment":[{"href":"https:\/\/www.fjardhundraland.se\/de\/wp-json\/wp\/v2\/media?parent=280"}],"wp:term":[{"taxonomy":"category","embeddable":true,"href":"https:\/\/www.fjardhundraland.se\/de\/wp-json\/wp\/v2\/categories?post=280"},{"taxonomy":"post_tag","embeddable":true,"href":"https:\/\/www.fjardhundraland.se\/de\/wp-json\/wp\/v2\/tags?post=280"}],"curies":[{"name":"wp","href":"https:\/\/api.w.org\/{rel}","templated":true}]}}