
{"id":2588,"date":"2015-04-01T17:09:05","date_gmt":"2015-04-01T15:09:05","guid":{"rendered":"http:\/\/www.fjardhundraland.se\/?p=2588"},"modified":"2026-02-05T13:41:08","modified_gmt":"2026-02-05T12:41:08","slug":"gluckliche-pask-in-fjardhundraland","status":"publish","type":"post","link":"https:\/\/www.fjardhundraland.se\/de\/utflykt\/2015\/glad-pask-i-fjardhundraland\/","title":{"rendered":"Frohe Ostern in Fj\u00e4rdhundraland"},"content":{"rendered":"<p>Der Fr\u00fchling liegt in der Luft und wir wollen raus aufs Land! Dieses Ostern haben Sie die Gelegenheit, die bl\u00fchende Jahreszeit in Fj\u00e4rdhundraland zu genie\u00dfen - kleine Naturerlebnisse in der N\u00e4he von Uppsala, V\u00e4ster\u00e5s und Stockholm.<\/p>\n<p>Hier ist eine Auswahl - viele Leckereien f\u00fcr den Ostertisch! Dazu geh\u00f6ren <strong>Ei<\/strong>.<\/p>\n<p><strong><a title=\"Bauernhof Landsberga\" href=\"https:\/\/www.fjardhundraland.se\/de\/gerichte\/landsberga-gard\/\">Bauernhof Landsberga<\/a><\/strong>Der Ostereierstand ist t\u00e4glich von 7.00 bis 20.00 Uhr ge\u00f6ffnet und bietet absolut frische Ostereier aus der Region an.<\/p>\n<p><strong><a title=\"Bauernhaus Kromsta\" href=\"https:\/\/www.fjardhundraland.se\/de\/gerichte\/kromsta-bauernhaus\/\">Bauernhaus Kromsta<\/a><\/strong> ist am Karfreitag von 15 bis 18 Uhr und in der Osternacht von 10 bis 15 Uhr ge\u00f6ffnet und bietet lokal produzierte Lebensmittel - ja, sogar Eier!<\/p>\n<p><strong><a title=\"S\u00f6rg\u00e5rden gr\u00fcn\" href=\"https:\/\/www.fjardhundraland.se\/de\/gerichte\/trauergrunzer\/\">S\u00f6rg\u00e5rden gr\u00fcn<\/a><\/strong> Verkauft Geranien, Kr\u00e4uter, Tomatenpflanzen - und Eier. Tags\u00fcber zur Selbstbedienung ge\u00f6ffnet.<\/p>\n<p><strong><a title=\"Gelbe St\u00e4lle Shop &amp; Cafe\" href=\"https:\/\/www.fjardhundraland.se\/de\/gerichte\/gula-stallets-butik-kafe\/\">Gula Stallet Shop &amp; Cafe<\/a> <\/strong>Ostermarkt am Ostersonntag 11-16 Uhr, Karfreitag bis Ostersonntag 11-17 Uhr ge\u00f6ffnet, Kunstausstellung Fr-So mit Er\u00f6ffnung am Karfreitag 12-16 Uhr.<\/p>\n<p><strong><a title=\"Refvelsta Fideikomiss\" href=\"https:\/\/www.fjardhundraland.se\/de\/gerichte\/refvelsta-fideikomiss\/\" target=\"_blank\">Refvelsta Immobilienverwaltung<\/a><\/strong> ist offen f\u00fcr den Verkauf von <em>Wildfleisch<\/em> von Elch und Rotwild am Sonntag, Ostersonntag von 12-18 Uhr. Ort: Stora huset, G\u00f6ksbo g\u00e5rd. (Linker Eingang).\u00a0<a title=\"Refvelsta\" href=\"https:\/\/refvelsta.se\" target=\"_blank\" rel=\"noopener\">Wegbeschreibung: refvelsta.se<\/a>. Zahlung in bar.<\/p>\n<p><strong><a title=\"Appetit in \u00d6rsundsbro\" href=\"https:\/\/www.fjardhundraland.se\/de\/gerichte\/matlust-i-orsundsbro\/\" target=\"_blank\">Appetit \u00d6rsundsbro<\/a><\/strong> ge\u00f6ffnet Mittwoch-Freitag 11-18 Uhr, Samstag-Montag 11-16 Uhr.\u00a0<em>Unsere Kunst<\/em> mit Aquarellen von Jaja Hansdotter. Lamm, frisches, abgehangenes Rindfleisch aus S\u00f6rby, Brot und K\u00e4se f\u00fcr den Ostertisch. In den Tiefk\u00fchltruhen befinden sich Wildschweine, Rotwild vom Schlachthof S\u00f6rby und Gefl\u00fcgel vom Vogelhof Hagby.<\/p>\n<p><strong><a title=\"Dunderbo Licht und Kunsthandwerk\" href=\"https:\/\/www.fjardhundraland.se\/de\/gerichte\/dunderbo-kerzen-und-kunsthandwerk\/\">Dunderbo Licht &amp; Kunsthandwerk<\/a><\/strong> ist von Freitag, dem 3. April, bis Montag, dem 6. April, von 10 bis 16 Uhr ge\u00f6ffnet. An den St\u00e4nden gibt es Osterartikel, Kerzen aus marmorierten Eiern, Schmuck, Schmiedearbeiten, Honig, lokal hergestelltes Wollgarn und vieles mehr.<\/p>\n<p><strong><a title=\"Caf\u00e9 Forsby-M\u00fchle\" href=\"https:\/\/www.fjardhundraland.se\/de\/gerichte\/cafe-forsby-muhle\/\">Forsby Kvarn Caf\u00e9<\/a><\/strong>\u00a0er\u00f6ffnet die Saison mit der Oster\u00f6ffnung am Karfreitag, in der Osternacht und am Ostertag von 12-17 Uhr.<\/p>\n<p><strong><a title=\"Resta Bauernhof\" href=\"https:\/\/www.fjardhundraland.se\/de\/gerichte\/verbleibender-schutz\/\">Resta Bauernhof<\/a><\/strong>Der Hofladen und das Caf\u00e9 sind in der Osternacht und am Ostersonntag von 11-16 Uhr ge\u00f6ffnet.<\/p>\n<p><strong><a title=\"Franz\u00e9n&#039;s Wurstwaren\" href=\"https:\/\/www.fjardhundraland.se\/de\/gerichte\/franzens-charcuterie\/\">Franz\u00e9n's Wurstwaren<\/a><\/strong>\u00a0T\u00e4glich von 10 bis 18 Uhr ge\u00f6ffnet, mit frischen und tiefgek\u00fchlten Wurstwaren, luftgetrockneten Produkten und Frischfleisch.<\/p>\n<p>Osterkaffee bei <strong><a title=\"B\u00e4ckerei Crow&#039;s Will\" href=\"https:\/\/www.fjardhundraland.se\/de\/gerichte\/krakvilan-bageri\/\">Der Wille der Kr\u00e4he<\/a><\/strong>\u00a0Ostersonntag 11-16 Uhr, B\u00e4ckerei, Caf\u00e9 und Hofladen.<\/p>\n<p><strong><a title=\"Skogsbacken-K\u00e4se\" href=\"https:\/\/www.fjardhundraland.se\/de\/gerichte\/skogsbackenkase\/\">Skogsbacken-K\u00e4se<\/a><\/strong>\u00a0T\u00e4glich von 10 bis 18 Uhr ge\u00f6ffnet, mit einer gro\u00dfen Auswahl an K\u00e4se und Zubeh\u00f6r.<\/p>\n<p><strong><a title=\"Lundellska-Galerie\" href=\"https:\/\/www.fjardhundraland.se\/de\/gerichte\/lundellska-galerie\/\">Lundellska-Galerie<\/a><\/strong> ist Freitag-Montag von 12-16 Uhr ge\u00f6ffnet. Unsere Kunst - Ausstellung von Annica Lange mit phantasievollen, handgen\u00e4hten H\u00fcten. Aquarelle und Skulpturen von Gunilla Lundell. Kaffee und selbstgebackenes Brot.<\/p>\n<p><strong><a title=\"G\u00e4rtnerei H\u00e4rnevi\" href=\"https:\/\/www.fjardhundraland.se\/de\/gerichte\/harnevi-plantskola\/\">G\u00e4rtnerei H\u00e4rnevi<\/a>\u00a0<\/strong>an allen Ostertagen ge\u00f6ffnet: Osterblumen f\u00fcr den Innen- und Au\u00dfenbereich. Wochentags 10-18 Uhr, Sa-So-Ferien 10-15 Uhr.<\/p>\n<p><strong><a title=\"Alsta-G\u00e4rten\" href=\"https:\/\/www.fjardhundraland.se\/de\/gerichte\/alsta-tradgardar\/\">Alsta-G\u00e4rten<\/a><\/strong> ist von Karfreitag bis zum zweiten Weihnachtsfeiertag von 11 bis 16 Uhr mit Caf\u00e9, Garten und der Ausstellung Monika Holm \u201dJordn\u00e4ra\u201d ge\u00f6ffnet.<\/p>\n<p><strong><a title=\"Caf\u00e9 Samt\" href=\"https:\/\/www.fjardhundraland.se\/de\/gerichte\/cafe-samt\/\">Caf\u00e9 Samt<\/a><\/strong> ist am Gr\u00fcndonnerstag von 9:00 bis 18:00 Uhr, am Karfreitag von 11:00 bis 18:00 Uhr, in der Osternacht von 11:00 bis 22:00 Uhr oder l\u00e4nger und am Ostertag von 11:00 bis 18:00 Uhr ge\u00f6ffnet. Das Caf\u00e9 Samt ist das erste KRAV-zertifizierte Caf\u00e9 und Restaurant von Enk\u00f6ping, in dem alles von Grund auf mit reinen Zutaten zubereitet wird.<\/p>\n<p><strong><a title=\"Gyllene Brunnen Party und Konferenz\" href=\"https:\/\/www.fjardhundraland.se\/de\/gerichte\/gyllene-brunnen-fest-och-konferens\/\">Der Goldene Brunnen<\/a><\/strong> hat ein Ostercaf\u00e9 mit Kunsthandwerk, Fr-So 12-16 Uhr. Genie\u00dfen Sie selbstgebackenen Kuchen oder eine Torte mit Salat. Kaufen Sie bei lokalen Kunsthandwerkern ein.<\/p>\n<p><strong><a title=\"B\u00e4ckerei Sussi&#039;s Farm\" href=\"https:\/\/www.fjardhundraland.se\/de\/gerichte\/sussis-gardsbageri\/\" target=\"_blank\">Sussi's Bauernhof B\u00e4ckerei<\/a><\/strong> ge\u00f6ffnet Mittwoch-Donnerstag 8-18 Uhr und Samstag 8-14 Uhr, Brot, Br\u00f6tchen, Kuchen, Kn\u00e4ckebrot usw.<\/p>\n<p><strong><a title=\"Hofmolkerei Vallgarn\" href=\"https:\/\/www.fjardhundraland.se\/de\/gerichte\/vallgarns-gardsmejeri\/\" target=\"_blank\">Hofmolkerei Vallgarn<\/a><\/strong> ist t\u00e4glich von 10 bis 18 Uhr ge\u00f6ffnet. Am Samstag wird die erste Perle (ch\u00e8vre) des Jahres fertig sein!<\/p>\n<p><strong><a title=\"Die Schokoladenprinzessin\" href=\"https:\/\/www.chokladprinsessan.com\/\" target=\"_blank\" rel=\"noopener\">Schokoladenprinzessin<\/a><\/strong> ge\u00f6ffnet Gr\u00fcndonnerstag - Ostermontag 11-17 Uhr.<\/p>\n<p>B\u00fccherflohmarkt <strong>Tausendundein Buch<\/strong> i <strong><a title=\"Gaststadt\" href=\"https:\/\/www.fjardhundraland.se\/de\/gerichte\/magen-durch\/\">G\u00e4ste<\/a><\/strong> ist am Ostersonnabend und Ostersonntag von 12 bis 16 Uhr ge\u00f6ffnet und bietet Romane, Krimis und Sachb\u00fccher zu g\u00fcnstigen Preisen an.<\/p>\n<p><a title=\"Das gl\u00fcckliche Schaf\" href=\"https:\/\/www.fjardhundraland.se\/de\/gerichte\/glada-faret\/\" target=\"_blank\"><strong>Das gl\u00fcckliche Schaf<\/strong>\u00a0<\/a>hat derzeit mehrere feine wei\u00dfe Lammfelle f\u00fcr diejenigen, die extra weiche Felle wollen. Rufen Sie 070-589 32 33.<\/p>\n<p><strong><a title=\"Bauernhof Vreta\" href=\"https:\/\/www.fjardhundraland.se\/de\/gerichte\/vreta-gard\/\">Bauernhof Vreta<\/a><\/strong>\u00a0verkauft Lammfell und Wollgarn. Rufen Sie dort unter 070-683 36 03 an, um sich zu vergewissern, dass sie da sind.<\/p>\n<p>&nbsp;<\/p>","protected":false},"excerpt":{"rendered":"<p>V\u00e5rk\u00e4nslorna h\u00e4rjar och vi vill ut p\u00e5 landet! I p\u00e5sk har du goda m\u00f6jligheter att smaka p\u00e5 den gryende s\u00e4songen i Fj\u00e4rdhundraland \u2013 sm\u00e5skaliga upplevelser p\u00e5 landet n\u00e4ra\u00a0Uppsala, V\u00e4ster\u00e5s och Stockholm. H\u00e4r kommer ett axplock\u00a0\u2013 mycket gott och fint till p\u00e5skbordet! D\u00e4ribland \u00e4gg. Landsberga g\u00e5rds \u00e4ggbod har \u00f6ppet\u00a0alla dagar 7\u201320 med\u00a0n\u00e4rv\u00e4rpta, absolut f\u00e4rska, p\u00e5sk\u00e4gg. Kromsta [&hellip;]<\/p>\n","protected":false},"author":1,"featured_media":2592,"comment_status":"open","ping_status":"open","sticky":false,"template":"","format":"standard","meta":{"_acf_changed":false,"_relevanssi_hide_post":"","_relevanssi_hide_content":"","_relevanssi_pin_for_all":"","_relevanssi_pin_keywords":"","_relevanssi_unpin_keywords":"","_relevanssi_related_keywords":"","_relevanssi_related_include_ids":"","_relevanssi_related_exclude_ids":"","_relevanssi_related_no_append":"","_relevanssi_related_not_related":"","_relevanssi_related_posts":"","_relevanssi_noindex_reason":"Rank Math Uteslut fr\u00e5n Relevanssi index","_genesis_hide_title":false,"_genesis_hide_breadcrumbs":false,"_genesis_hide_singular_image":false,"_genesis_hide_footer_widgets":false,"_genesis_custom_body_class":"","_genesis_custom_post_class":"","_genesis_layout":"","_jetpack_memberships_contains_paid_content":false,"footnotes":""},"categories":[353,87],"tags":[352,86],"class_list":{"0":"post-2588","1":"post","2":"type-post","3":"status-publish","4":"format-standard","5":"has-post-thumbnail","7":"category-aldre-inlagg","8":"category-utflykt","9":"tag-aldre-inlagg","10":"tag-pask","11":"entry"},"acf":[],"visa":null,"geo_latitude":null,"geo_longitude":null,"jetpack_featured_media_url":"https:\/\/www.fjardhundraland.se\/wp-content\/uploads\/2015\/04\/pasktupp-1.jpg","featured_image_src":"https:\/\/www.fjardhundraland.se\/wp-content\/uploads\/2015\/04\/pasktupp-1.jpg","featured_image_src_square":"https:\/\/www.fjardhundraland.se\/wp-content\/uploads\/2015\/04\/pasktupp-1.jpg","author_info":{"display_name":"Mats Thorburn","author_link":"https:\/\/www.fjardhundraland.se\/de\/author\/matst\/"},"jetpack-related-posts":[{"id":2196,"url":"https:\/\/www.fjardhundraland.se\/de\/gardsbutiker\/2014\/paskens-utflykter\/","url_meta":{"origin":2588,"position":0},"title":"Ausfl\u00fcge zu Ostern","author":"Ylva Fontell","date":"9 April 2014","format":false,"excerpt":"Es ist sch\u00f6n, ein paar Tage frei zu haben, dann ist es Zeit f\u00fcr einen Ausflug aufs Land! In Fj\u00e4rdhundraland gibt es viel zu tun: Eier und regionale Produkte einkaufen, Kunst betrachten oder essen und einen guten Kaffee trinken. Es bleibt auch Zeit f\u00fcr einen Besuch in der Touristeninformation von Fj\u00e4rdhundraland oder im nostalgischsten Autohaus der Welt! Und vieles mehr... Herzlich willkommen...","rel":"","context":"In &quot;\u00c4ldre inl\u00e4gg&quot;","block_context":{"text":"\u00c4ldre inl\u00e4gg","link":"https:\/\/www.fjardhundraland.se\/de\/aldre-inlagg\/"},"img":{"alt_text":"","src":"https:\/\/i0.wp.com\/www.fjardhundraland.se\/wp-content\/uploads\/2014\/04\/pasktupp-1.jpg?resize=350%2C200&ssl=1","width":350,"height":200,"srcset":"https:\/\/i0.wp.com\/www.fjardhundraland.se\/wp-content\/uploads\/2014\/04\/pasktupp-1.jpg?resize=350%2C200&ssl=1 1x, https:\/\/i0.wp.com\/www.fjardhundraland.se\/wp-content\/uploads\/2014\/04\/pasktupp-1.jpg?resize=525%2C300&ssl=1 1.5x, https:\/\/i0.wp.com\/www.fjardhundraland.se\/wp-content\/uploads\/2014\/04\/pasktupp-1.jpg?resize=700%2C400&ssl=1 2x, https:\/\/i0.wp.com\/www.fjardhundraland.se\/wp-content\/uploads\/2014\/04\/pasktupp-1.jpg?resize=1050%2C600&ssl=1 3x, https:\/\/i0.wp.com\/www.fjardhundraland.se\/wp-content\/uploads\/2014\/04\/pasktupp-1.jpg?resize=1400%2C800&ssl=1 4x"},"classes":[]},{"id":5692,"url":"https:\/\/www.fjardhundraland.se\/de\/utflykt\/2019\/paskoppet-2019\/","url_meta":{"origin":2588,"position":1},"title":"Ostereinkauf 2019","author":"Mats Thorburn","date":"14 April 2019","format":false,"excerpt":"Ostern ist der Ausgangspunkt f\u00fcr viele Reiseziele in Fj\u00e4rdhundraland, aber es ist auch ein guter Zeitpunkt f\u00fcr den ersten Fr\u00fchlingsausflug in die Natur. Hier sind einige tolle Orte, die Sie Ostern 2019 besuchen k\u00f6nnen!","rel":"","context":"In &quot;Utflykt&quot;","block_context":{"text":"Utflykt","link":"https:\/\/www.fjardhundraland.se\/de\/utflykt\/"},"img":{"alt_text":"P\u00e5skh\u00f6nor som pickar","src":"https:\/\/i0.wp.com\/www.fjardhundraland.se\/wp-content\/uploads\/2019\/04\/paskhonor2019.jpg?resize=350%2C200&ssl=1","width":350,"height":200,"srcset":"https:\/\/i0.wp.com\/www.fjardhundraland.se\/wp-content\/uploads\/2019\/04\/paskhonor2019.jpg?resize=350%2C200&ssl=1 1x, https:\/\/i0.wp.com\/www.fjardhundraland.se\/wp-content\/uploads\/2019\/04\/paskhonor2019.jpg?resize=525%2C300&ssl=1 1.5x, https:\/\/i0.wp.com\/www.fjardhundraland.se\/wp-content\/uploads\/2019\/04\/paskhonor2019.jpg?resize=700%2C400&ssl=1 2x, https:\/\/i0.wp.com\/www.fjardhundraland.se\/wp-content\/uploads\/2019\/04\/paskhonor2019.jpg?resize=1050%2C600&ssl=1 3x, https:\/\/i0.wp.com\/www.fjardhundraland.se\/wp-content\/uploads\/2019\/04\/paskhonor2019.jpg?resize=1400%2C800&ssl=1 4x"},"classes":[]},{"id":4981,"url":"https:\/\/www.fjardhundraland.se\/de\/upplevelser\/2018\/pask-i-fjardhundraland-2018\/","url_meta":{"origin":2588,"position":2},"title":"Ostereink\u00e4ufe in Fj\u00e4rdhundraland","author":"Mats Thorburn","date":"28 M\u00e4rz 2018","format":false,"excerpt":"Ostern ist der Beginn der Saison in Fj\u00e4rdhundraland. Hier sind einige der Orte, die an diesem Wochenende ge\u00f6ffnet sind. Genie\u00dfen Sie die Fr\u00fchlingssonne auf dem Lande! Klicken Sie auf die \u00dcberschrift, um mehr \u00fcber die einzelnen Orte zu erfahren! Kvarnnibble-Laden und Sammelstelle \u00d6ffnen Sie den Hofladen mit Fleisch, Eiern, K\u00e4se und anderen Leckereien....","rel":"","context":"In &quot;\u00c4ldre inl\u00e4gg&quot;","block_context":{"text":"\u00c4ldre inl\u00e4gg","link":"https:\/\/www.fjardhundraland.se\/de\/aldre-inlagg\/"},"img":{"alt_text":"Tupp Ho\u0308ns Ha\u0308rnevi plantskola","src":"https:\/\/i0.wp.com\/www.fjardhundraland.se\/wp-content\/uploads\/2018\/03\/tupp-hocc88ns-hacc88rnevi-plantskola-2017-april-15-12-00-45-_.jpg?resize=350%2C200&ssl=1","width":350,"height":200,"srcset":"https:\/\/i0.wp.com\/www.fjardhundraland.se\/wp-content\/uploads\/2018\/03\/tupp-hocc88ns-hacc88rnevi-plantskola-2017-april-15-12-00-45-_.jpg?resize=350%2C200&ssl=1 1x, https:\/\/i0.wp.com\/www.fjardhundraland.se\/wp-content\/uploads\/2018\/03\/tupp-hocc88ns-hacc88rnevi-plantskola-2017-april-15-12-00-45-_.jpg?resize=525%2C300&ssl=1 1.5x, https:\/\/i0.wp.com\/www.fjardhundraland.se\/wp-content\/uploads\/2018\/03\/tupp-hocc88ns-hacc88rnevi-plantskola-2017-april-15-12-00-45-_.jpg?resize=700%2C400&ssl=1 2x, https:\/\/i0.wp.com\/www.fjardhundraland.se\/wp-content\/uploads\/2018\/03\/tupp-hocc88ns-hacc88rnevi-plantskola-2017-april-15-12-00-45-_.jpg?resize=1050%2C600&ssl=1 3x, https:\/\/i0.wp.com\/www.fjardhundraland.se\/wp-content\/uploads\/2018\/03\/tupp-hocc88ns-hacc88rnevi-plantskola-2017-april-15-12-00-45-_.jpg?resize=1400%2C800&ssl=1 4x"},"classes":[]},{"id":4023,"url":"https:\/\/www.fjardhundraland.se\/de\/utflykt\/2017\/paskoppet-fjardhundraland-2017\/","url_meta":{"origin":2588,"position":3},"title":"Ostereink\u00e4ufe in Fj\u00e4rdhundraland 2017","author":"Ylva Fontell","date":"5 April 2017","format":false,"excerpt":"Zu Ostern \u00f6ffnen viele der Kleinode von Fj\u00e4rdhundraland ihre Pforten f\u00fcr Besucher. Machen Sie einen Ausflug auf verschlungenen Landstra\u00dfen - finden Sie Ruhe und Frieden, lauschen Sie dem Gesang der V\u00f6gel und genie\u00dfen Sie \u00f6sterliche Leckereien. Ge\u00f6ffnet zu Ostern: Alsta Gardens ist von Karfreitag bis Ostermontag von 11 bis 16 Uhr ge\u00f6ffnet. Die erste Ausstellung des Fr\u00fchjahrs mit Webarbeiten von Eva Sundstr\u00f6m und Keramiken,...","rel":"","context":"In &quot;Utflykt&quot;","block_context":{"text":"Utflykt","link":"https:\/\/www.fjardhundraland.se\/de\/utflykt\/"},"img":{"alt_text":"P\u00e5sktupp","src":"https:\/\/i0.wp.com\/www.fjardhundraland.se\/wp-content\/uploads\/2015\/04\/pasktupp-1.jpg?resize=350%2C200&ssl=1","width":350,"height":200,"srcset":"https:\/\/i0.wp.com\/www.fjardhundraland.se\/wp-content\/uploads\/2015\/04\/pasktupp-1.jpg?resize=350%2C200&ssl=1 1x, https:\/\/i0.wp.com\/www.fjardhundraland.se\/wp-content\/uploads\/2015\/04\/pasktupp-1.jpg?resize=525%2C300&ssl=1 1.5x, https:\/\/i0.wp.com\/www.fjardhundraland.se\/wp-content\/uploads\/2015\/04\/pasktupp-1.jpg?resize=700%2C400&ssl=1 2x, https:\/\/i0.wp.com\/www.fjardhundraland.se\/wp-content\/uploads\/2015\/04\/pasktupp-1.jpg?resize=1050%2C600&ssl=1 3x, https:\/\/i0.wp.com\/www.fjardhundraland.se\/wp-content\/uploads\/2015\/04\/pasktupp-1.jpg?resize=1400%2C800&ssl=1 4x"},"classes":[]},{"id":858,"url":"https:\/\/www.fjardhundraland.se\/de\/gardsbutiker\/2023\/pask-i-fjardhundraland\/","url_meta":{"origin":2588,"position":4},"title":"Ostern in Fj\u00e4rdhundraland","author":"Mats Thorburn","date":"2 April 2023","format":false,"excerpt":"Ostern bedeutet Ausgehen! \u00dcberall in Fj\u00e4rdhundraland beginnen die Hofl\u00e4den, Caf\u00e9s und G\u00e4rtnereien mit der Vorbereitung auf die Sommersaison. Machen Sie einen Spaziergang zwischen Leckereien und Sehensw\u00fcrdigkeiten. Caf\u00e9 Forsby Mill. Ostertag zwischen 12-16 Uhr: Besichtigung des neuen Caf\u00e9s in der M\u00fchle von Forsby. Tischler TB Lindblom zeigt das Geb\u00e4ude. Goldener Brunnen. Ostertage Freitag-Montag.","rel":"","context":"In &quot;\u00c4ldre inl\u00e4gg&quot;","block_context":{"text":"\u00c4ldre inl\u00e4gg","link":"https:\/\/www.fjardhundraland.se\/de\/aldre-inlagg\/"},"img":{"alt_text":"","src":"https:\/\/i0.wp.com\/www.fjardhundraland.se\/wp-content\/uploads\/2021\/04\/pask-i-fjardhundraland-tupp-och-hona.jpg?resize=350%2C200&ssl=1","width":350,"height":200,"srcset":"https:\/\/i0.wp.com\/www.fjardhundraland.se\/wp-content\/uploads\/2021\/04\/pask-i-fjardhundraland-tupp-och-hona.jpg?resize=350%2C200&ssl=1 1x, https:\/\/i0.wp.com\/www.fjardhundraland.se\/wp-content\/uploads\/2021\/04\/pask-i-fjardhundraland-tupp-och-hona.jpg?resize=525%2C300&ssl=1 1.5x, https:\/\/i0.wp.com\/www.fjardhundraland.se\/wp-content\/uploads\/2021\/04\/pask-i-fjardhundraland-tupp-och-hona.jpg?resize=700%2C400&ssl=1 2x, https:\/\/i0.wp.com\/www.fjardhundraland.se\/wp-content\/uploads\/2021\/04\/pask-i-fjardhundraland-tupp-och-hona.jpg?resize=1050%2C600&ssl=1 3x, https:\/\/i0.wp.com\/www.fjardhundraland.se\/wp-content\/uploads\/2021\/04\/pask-i-fjardhundraland-tupp-och-hona.jpg?resize=1400%2C800&ssl=1 4x"},"classes":[]},{"id":3098,"url":"https:\/\/www.fjardhundraland.se\/de\/utflykt\/2016\/paskoppet-i-fjardhundraland\/","url_meta":{"origin":2588,"position":5},"title":"Ostereink\u00e4ufe in Fj\u00e4rdhundraland 2016","author":"Mats Thorburn","date":"23 M\u00e4rz 2016","format":false,"excerpt":"Zu Ostern \u00f6ffnen viele der Juwelen von Fj\u00e4rdhundraland ihre Pforten f\u00fcr Besucher. Es ist an der Zeit, dem Winter zu entfliehen und einen Ausflug zu machen, raus auf die Landstra\u00dfen, zu Ruhe, Natur und echtem Essen. Zu Ostern ge\u00f6ffnet: Alsta Tr\u00e4dg\u00e5rdar ist von Freitag bis Montag von 11 bis 16 Uhr mit der ersten Fr\u00fchlingsausstellung mit Silberschmiedekunst, Talmalerei und alten...","rel":"","context":"In &quot;Utflykt&quot;","block_context":{"text":"Utflykt","link":"https:\/\/www.fjardhundraland.se\/de\/utflykt\/"},"img":{"alt_text":"","src":"https:\/\/i0.wp.com\/www.fjardhundraland.se\/wp-content\/uploads\/2016\/03\/egg.jpg?resize=350%2C200&ssl=1","width":350,"height":200,"srcset":"https:\/\/i0.wp.com\/www.fjardhundraland.se\/wp-content\/uploads\/2016\/03\/egg.jpg?resize=350%2C200&ssl=1 1x, https:\/\/i0.wp.com\/www.fjardhundraland.se\/wp-content\/uploads\/2016\/03\/egg.jpg?resize=525%2C300&ssl=1 1.5x, https:\/\/i0.wp.com\/www.fjardhundraland.se\/wp-content\/uploads\/2016\/03\/egg.jpg?resize=700%2C400&ssl=1 2x, https:\/\/i0.wp.com\/www.fjardhundraland.se\/wp-content\/uploads\/2016\/03\/egg.jpg?resize=1050%2C600&ssl=1 3x, https:\/\/i0.wp.com\/www.fjardhundraland.se\/wp-content\/uploads\/2016\/03\/egg.jpg?resize=1400%2C800&ssl=1 4x"},"classes":[]}],"jetpack_sharing_enabled":true,"_links":{"self":[{"href":"https:\/\/www.fjardhundraland.se\/de\/wp-json\/wp\/v2\/posts\/2588","targetHints":{"allow":["GET"]}}],"collection":[{"href":"https:\/\/www.fjardhundraland.se\/de\/wp-json\/wp\/v2\/posts"}],"about":[{"href":"https:\/\/www.fjardhundraland.se\/de\/wp-json\/wp\/v2\/types\/post"}],"author":[{"embeddable":true,"href":"https:\/\/www.fjardhundraland.se\/de\/wp-json\/wp\/v2\/users\/1"}],"replies":[{"embeddable":true,"href":"https:\/\/www.fjardhundraland.se\/de\/wp-json\/wp\/v2\/comments?post=2588"}],"version-history":[{"count":1,"href":"https:\/\/www.fjardhundraland.se\/de\/wp-json\/wp\/v2\/posts\/2588\/revisions"}],"predecessor-version":[{"id":19666,"href":"https:\/\/www.fjardhundraland.se\/de\/wp-json\/wp\/v2\/posts\/2588\/revisions\/19666"}],"wp:featuredmedia":[{"embeddable":true,"href":"https:\/\/www.fjardhundraland.se\/de\/wp-json\/wp\/v2\/media\/2592"}],"wp:attachment":[{"href":"https:\/\/www.fjardhundraland.se\/de\/wp-json\/wp\/v2\/media?parent=2588"}],"wp:term":[{"taxonomy":"category","embeddable":true,"href":"https:\/\/www.fjardhundraland.se\/de\/wp-json\/wp\/v2\/categories?post=2588"},{"taxonomy":"post_tag","embeddable":true,"href":"https:\/\/www.fjardhundraland.se\/de\/wp-json\/wp\/v2\/tags?post=2588"}],"curies":[{"name":"wp","href":"https:\/\/api.w.org\/{rel}","templated":true}]}}