
{"id":2376,"date":"2014-06-05T18:25:55","date_gmt":"2014-06-05T16:25:55","guid":{"rendered":"http:\/\/www.fjardhundraland.se\/?p=2376"},"modified":"2026-02-05T13:41:09","modified_gmt":"2026-02-05T12:41:09","slug":"mittsommer-fjardhundraland-2014","status":"publish","type":"post","link":"https:\/\/www.fjardhundraland.se\/de\/inlagg\/2014\/midsommar-fjardhundraland-2014\/","title":{"rendered":"Mittsommer in Fj\u00e4rdhundraland 2014"},"content":{"rendered":"<p><strong>Feiern Sie Mittsommer im sch\u00f6nen Fj\u00e4rdhundraland - in H\u00e4rkeberga, H\u00e4rledg\u00e5rden, Altuna, Biskopskulla und in Fr\u00f6sthult. Machen Sie einen Mittsommerausflug von Enk\u00f6ping, V\u00e4ster\u00e5s, Sala oder Uppsala - ein perfekter Mittsommer auf dem Land!<\/strong><\/p>\n<h2 class=\"p1\"><span class=\"s1\">Mittsommerfest um 13:30 Uhr\u00a0<\/span>auf <a title=\"H\u00e4rledg\u00e5rden\" href=\"https:\/\/www.fjardhundraland.se\/de\/gerichte\/hrledgrden\/\">H\u00e4rledg\u00e5rden<\/a>.<\/h2>\n<p class=\"p1\"><span class=\"s1\">Tanzen um die Stange. Unterhaltung. Volkst\u00e4nze. Kaffee-Service. Freier Eintritt.<\/span><\/p>\n<p class=\"p1\"><span class=\"s1\">Veranstalter: Torstuna Hembygdsf\u00f6rening Tel: 070-859 32 84<br \/>\n<\/span><a title=\"Verein f\u00fcr Ortsgeschichte Torstuna\" href=\"https:\/\/www.hembygd.se\/uppland\/torstuna\" target=\"_blank\" rel=\"noopener\">https:\/\/www.hembygd.se\/uppland\/torstuna<\/a><\/p>\n<h2 class=\"p1\">Mittsommerfest in Altuna um 13.30 Uhr.<\/h2>\n<p class=\"p1\">Mittsommerfest bei <a title=\"Geh\u00f6ft Altuna\" href=\"https:\/\/www.fjardhundraland.se\/de\/gerichte\/altuna-hembygdsgrd\/\">Geh\u00f6ft Altuna<\/a>. Kaffee &amp; Saft, Kuchenbuffet, Tanz um die Stange, musikalische Unterhaltung, Losverkauf, Bonbonregen ...<\/p>\n<p class=\"p1\">Eintritt \u00a350, Kinder unter 12 Jahren frei. Organisatoren:\u00a0<em>S\u00e4vasta\/Altunaby\/M\u00e4lby\/Fr\u00f6slunda<\/em>\u00a0Stadtverwaltungen.<br \/>\n<a href=\"https:\/\/www.hembygd.se\/aktivitet\/id\/11478\/midsommarfest\/\" target=\"_blank\" rel=\"noopener\">https:\/\/www.hembygd.se\/aktivitet\/id\/11478\/midsommarfest\/<\/a><\/p>\n<h2 class=\"p1\"><span class=\"s1\">Traditionelle Mittsommerfeier um 13.30 Uhr in Fr\u00f6sthults Bygdeg\u00e5rd.\u00a0<\/span><\/h2>\n<p class=\"p1\"><span class=\"s1\">Bringen Sie Blumen und Bl\u00e4tter f\u00fcr den Mittsommerpfahl, Freunde zum Genie\u00dfen und einen Kaffeekorb zum Genie\u00dfen im gr\u00fcnen Gras mit. Wir tanzen um den Mittsommerpfahl, machen einen Quizspaziergang und kaufen Lotterielose. Sie k\u00f6nnen gerne Ihr eigenes Fahrzeug zur Mittsommerfeier mitbringen. Bei schlechtem Wetter findet die Feier drinnen statt.<\/span><\/p>\n<p class=\"p1\"><span class=\"s1\">Veranstalter: F\u00f6reningen Fr\u00f6sthults Bygdeg\u00e5rd, Ort: Fr\u00f6sthults Bygdeg\u00e5rd<br \/>\n<\/span>E-Mail: o.englund@hotmail.com Telefon: 070-220 94 70<br \/>\n<span class=\"s2\"><a href=\"https:\/\/www.frosthult.se\" target=\"_blank\" rel=\"noopener\">https:\/\/www.frosthult.se<\/a><\/span><\/p>\n<h2 class=\"p1\"><span class=\"s1\">Tag der Bisch\u00f6fe 19\/6 um 19:00\u00a0<\/span><\/h2>\n<p class=\"p1\"><span class=\"s1\">Die \u00fcbliche Feier im Bishop Hill Museum mit Volkstanz, Musik und Verleihung des Olof Isaksson-Stipendiums. Kr\u00e4nze, Kaffee, Grillw\u00fcrstchen, Verlosungen, Ponyreiten usw. Anschlie\u00dfend Musik und Poesie: \u201dAm sch\u00f6nsten ist es, wenn es dunkel ist\u201d - ein neuartiges Konzert zu Texten von P\u00e4r Lagerqvist mit \u00c5sa Lansfors in der Kirche von Biskopskulla um 21.15 Uhr. Eintritt: 60 SEK.<\/span><\/p>\n<p class=\"p1\"><span class=\"s1\">Veranstalter: Kirchengemeinderat Biskopskulla, Ort: Biskopskulla<\/span><\/p>\n<h2 class=\"p1\">H\u00e4rkeberga 19\/6 und 20\/6<\/h2>\n<p>Am Donnerstag, den 19. Juni um 18.30 Uhr wird der Kaplansg\u00e5rden geschm\u00fcckt und der Mittsommerpfahl eingekleidet. Jeder ist herzlich eingeladen, daran teilzunehmen. Bitte bringen Sie Blumen mit.<\/p>\n<p><strong>Mittsommerabend<\/strong> beginnt um 13.00 Uhr mit einem Einmarsch der Volkstanzgilde von Enk\u00f6ping, danach wird der Mittsommerpfahl aufgestellt. danach gibt es eine Vorf\u00fchrung der Volkstanzgilde. danach wird um den Pfahl getanzt. es gibt auch Zugang zu einigen altmodischen Spielen. Die Tr\u00f6gder Fiddlergruppe kommt und spielt f\u00fcr uns. Au\u00dferdem werden W\u00fcrstchen, Eis und Kaffee mit einem gro\u00dfen Kuchen- und Tortenbuffet verkauft.<\/p>\n<p><a title=\"Mittsommer H\u00e4rkeberga\" href=\"https:\/\/www.hembygd.se\/harkeberga\/2014\/06\/13\/midsommarfirande-i-harkeberga-kaplansgard\/\" target=\"_blank\" rel=\"noopener\">https:\/\/www.hembygd.se\/harkeberga\/2014\/06\/13\/midsommarfirande-i-harkeberga-kaplansgard\/<\/a><\/p>","protected":false},"excerpt":{"rendered":"<p>Fira midsommar i vackra Fj\u00e4rdhundraland &#8211; i H\u00e4rkeberga, p\u00e5 H\u00e4rledg\u00e5rden, Altuna, Biskopskulla och i Fr\u00f6sthult.\u00a0G\u00f6r en midsommarutflykt fr\u00e5n Enk\u00f6ping, V\u00e4ster\u00e5s, Sala eller Uppsala \u2013\u00a0en perfekt midsommar p\u00e5 landet! Midsommarfest\u00a0kl 13:30\u00a0p\u00e5 H\u00e4rledg\u00e5rden. Dans kring st\u00e5ngen. Underh\u00e5llning. Folkdans. Kaffeservering. Fri entr\u00e9. Arrang\u00f6r: Torstuna Hembygdsf\u00f6rening Tel: 070-859 32 84 https:\/\/www.hembygd.se\/uppland\/torstuna Midsommarfest i Altuna kl 13.30. Midsommarfest vid Altuna [&hellip;]<\/p>\n","protected":false},"author":1,"featured_media":1585,"comment_status":"open","ping_status":"open","sticky":false,"template":"","format":"standard","meta":{"_acf_changed":false,"_relevanssi_hide_post":"","_relevanssi_hide_content":"","_relevanssi_pin_for_all":"","_relevanssi_pin_keywords":"","_relevanssi_unpin_keywords":"","_relevanssi_related_keywords":"","_relevanssi_related_include_ids":"","_relevanssi_related_exclude_ids":"","_relevanssi_related_no_append":"","_relevanssi_related_not_related":"","_relevanssi_related_posts":"","_relevanssi_noindex_reason":"Rank Math Uteslut fr\u00e5n Relevanssi index","_genesis_hide_title":false,"_genesis_hide_breadcrumbs":false,"_genesis_hide_singular_image":false,"_genesis_hide_footer_widgets":false,"_genesis_custom_body_class":"","_genesis_custom_post_class":"","_genesis_layout":"","_jetpack_memberships_contains_paid_content":false,"footnotes":""},"categories":[353,1],"tags":[352,151,90,30,31,32,33],"class_list":{"0":"post-2376","1":"post","2":"type-post","3":"status-publish","4":"format-standard","5":"has-post-thumbnail","7":"category-aldre-inlagg","8":"category-inlagg","9":"tag-aldre-inlagg","10":"tag-biskopskulla","11":"tag-frosthult","12":"tag-frosthults-bygdegard","13":"tag-harkeberga","14":"tag-harledgarden","15":"tag-midsommar","16":"entry"},"acf":[],"visa":null,"geo_latitude":null,"geo_longitude":null,"jetpack_featured_media_url":"https:\/\/www.fjardhundraland.se\/wp-content\/uploads\/2012\/05\/H\u00e4rledg\u00e5rden.jpg","featured_image_src":"https:\/\/www.fjardhundraland.se\/wp-content\/uploads\/2012\/05\/H\u00e4rledg\u00e5rden.jpg","featured_image_src_square":"https:\/\/www.fjardhundraland.se\/wp-content\/uploads\/2012\/05\/H\u00e4rledg\u00e5rden.jpg","author_info":{"display_name":"Mats Thorburn","author_link":"https:\/\/www.fjardhundraland.se\/de\/author\/matst\/"},"jetpack-related-posts":[{"id":2677,"url":"https:\/\/www.fjardhundraland.se\/de\/inlagg\/2015\/midsommar-i-fjardhundraland-2015\/","url_meta":{"origin":2376,"position":0},"title":"Mittsommer in Fj\u00e4rdhundraland 2015","author":"","date":"10 Juni 2015","format":false,"excerpt":"Nat\u00fcrlich sind wir der Meinung, dass Mittsommer auf dem Lande gefeiert werden sollte. Und dann passt es gut zu der Landschaft, die so nah an Enk\u00f6ping sowie V\u00e4ster\u00e5s, Sala, Uppsala und Stockholm liegt. Willkommen zu einem Mittsommerausflug! Hier k\u00f6nnen Sie sehen, welche Mittsommerfeiern 2015 in Fj\u00e4rdhundraland stattfinden: Mittsommerfest auf dem H\u00e4rledg\u00e5rden in Torstuna. Tanzen um den Pfahl in...","rel":"","context":"In &quot;\u00c4ldre inl\u00e4gg&quot;","block_context":{"text":"\u00c4ldre inl\u00e4gg","link":"https:\/\/www.fjardhundraland.se\/de\/aldre-inlagg\/"},"img":{"alt_text":"Folkdanslag p\u00e5 H\u00e4rledg\u00e5rden p\u00e5 midsommar","src":"https:\/\/i0.wp.com\/www.fjardhundraland.se\/wp-content\/uploads\/2012\/05\/H%C3%A4rledg%C3%A5rden.jpg?resize=350%2C200&ssl=1","width":350,"height":200,"srcset":"https:\/\/i0.wp.com\/www.fjardhundraland.se\/wp-content\/uploads\/2012\/05\/H%C3%A4rledg%C3%A5rden.jpg?resize=350%2C200&ssl=1 1x, https:\/\/i0.wp.com\/www.fjardhundraland.se\/wp-content\/uploads\/2012\/05\/H%C3%A4rledg%C3%A5rden.jpg?resize=525%2C300&ssl=1 1.5x, https:\/\/i0.wp.com\/www.fjardhundraland.se\/wp-content\/uploads\/2012\/05\/H%C3%A4rledg%C3%A5rden.jpg?resize=700%2C400&ssl=1 2x, https:\/\/i0.wp.com\/www.fjardhundraland.se\/wp-content\/uploads\/2012\/05\/H%C3%A4rledg%C3%A5rden.jpg?resize=1050%2C600&ssl=1 3x, https:\/\/i0.wp.com\/www.fjardhundraland.se\/wp-content\/uploads\/2012\/05\/H%C3%A4rledg%C3%A5rden.jpg?resize=1400%2C800&ssl=1 4x"},"classes":[]},{"id":3363,"url":"https:\/\/www.fjardhundraland.se\/de\/inlagg\/2016\/midsommar-fjardhundraland-2016\/","url_meta":{"origin":2376,"position":1},"title":"Mittsommer in Fj\u00e4rdhundraland 2016","author":"Ylva Fontell","date":"21 Juni 2016","format":false,"excerpt":"Mittsommer sollte auf dem Lande gefeiert werden! Und dann passt es gut zu der Landschaft, die sowohl in der N\u00e4he von Enk\u00f6ping als auch von V\u00e4ster\u00e5s, Sala, Uppsala und Stockholm liegt. Willkommen zu einem Mittsommerausflug! Mittsommerfest auf dem H\u00e4rledg\u00e5rden in Torstuna. Tanz um den Pfahl auf dem H\u00e4rledg\u00e5rden. Unterhaltung. Volkst\u00e4nze. Kaffeegedeck. Freier Eintritt. 13.30 Uhr Mittsommerpfahl wird hereingetragen und aufgestellt mehr Info Mittsommerfest...","rel":"","context":"In &quot;\u00c4ldre inl\u00e4gg&quot;","block_context":{"text":"\u00c4ldre inl\u00e4gg","link":"https:\/\/www.fjardhundraland.se\/de\/aldre-inlagg\/"},"img":{"alt_text":"Folkdanslag p\u00e5 H\u00e4rledg\u00e5rden p\u00e5 midsommar","src":"https:\/\/i0.wp.com\/www.fjardhundraland.se\/wp-content\/uploads\/2012\/05\/H%C3%A4rledg%C3%A5rden.jpg?resize=350%2C200&ssl=1","width":350,"height":200,"srcset":"https:\/\/i0.wp.com\/www.fjardhundraland.se\/wp-content\/uploads\/2012\/05\/H%C3%A4rledg%C3%A5rden.jpg?resize=350%2C200&ssl=1 1x, https:\/\/i0.wp.com\/www.fjardhundraland.se\/wp-content\/uploads\/2012\/05\/H%C3%A4rledg%C3%A5rden.jpg?resize=525%2C300&ssl=1 1.5x, https:\/\/i0.wp.com\/www.fjardhundraland.se\/wp-content\/uploads\/2012\/05\/H%C3%A4rledg%C3%A5rden.jpg?resize=700%2C400&ssl=1 2x, https:\/\/i0.wp.com\/www.fjardhundraland.se\/wp-content\/uploads\/2012\/05\/H%C3%A4rledg%C3%A5rden.jpg?resize=1050%2C600&ssl=1 3x, https:\/\/i0.wp.com\/www.fjardhundraland.se\/wp-content\/uploads\/2012\/05\/H%C3%A4rledg%C3%A5rden.jpg?resize=1400%2C800&ssl=1 4x"},"classes":[]},{"id":1354,"url":"https:\/\/www.fjardhundraland.se\/de\/utflykt\/2013\/midsommar-i-fjardhundraland-2013\/","url_meta":{"origin":2376,"position":2},"title":"Mittsommer in Fj\u00e4rdhundraland 2013 - H\u00e4rkeberga, H\u00e4rled, Altuna und Fr\u00f6sthult","author":"Mats Thorburn","date":"14 Juni 2013","format":false,"excerpt":"Jetzt ist es 2014 - lesen Sie hier \u00fcber Mittsommer 2014! Mittsommerfest im H\u00e4rledg\u00e5rden, Torstuna 13.30 Mittsommerfest im H\u00e4rled. Organisatoren 2013 K\u00e4llinge, Ekeby, Str\u00f6msta, Nydala. Tanz um die Stange, Unterhaltung, Volkstanz mit Enk\u00f6pings Folkdansgille, Kaffeeservice, Verlosungen. Veranstalter: Torstuna Hembygdsf\u00f6rening, Veranstaltungsort: H\u00e4rledg\u00e5rden. E-mail: katarina.wall@telia.com Website Mittsommer in H\u00e4rkeberga Willkommen zum Feiern einer kulturellen...","rel":"","context":"In &quot;\u00c4ldre inl\u00e4gg&quot;","block_context":{"text":"\u00c4ldre inl\u00e4gg","link":"https:\/\/www.fjardhundraland.se\/de\/aldre-inlagg\/"},"img":{"alt_text":"midsommar","src":"https:\/\/i0.wp.com\/www.fjardhundraland.se\/wp-content\/uploads\/2013\/06\/mids-1-630x419.jpg?resize=350%2C200&ssl=1","width":350,"height":200,"srcset":"https:\/\/i0.wp.com\/www.fjardhundraland.se\/wp-content\/uploads\/2013\/06\/mids-1-630x419.jpg?resize=350%2C200&ssl=1 1x, https:\/\/i0.wp.com\/www.fjardhundraland.se\/wp-content\/uploads\/2013\/06\/mids-1-630x419.jpg?resize=525%2C300&ssl=1 1.5x"},"classes":[]},{"id":1023,"url":"https:\/\/www.fjardhundraland.se\/de\/externt\/2012\/midsommar-2012-harkeberga-harled-altuna-och-frosthult\/","url_meta":{"origin":2376,"position":3},"title":"Mittsommer 2012 in H\u00e4rkeberga, H\u00e4rled, Altuna und Fr\u00f6sthult","author":"Mats Thorburn","date":"19 Juni 2012","format":false,"excerpt":"Mittsommer 2014: hier klicken! Feiern Sie Mittsommer im sch\u00f6nen Fj\u00e4rdhundraland! Mittsommerabend in Altuna, H\u00e4rledg\u00e5rden, H\u00e4rkeberga und Fr\u00f6sthult Altuna hembygdsg\u00e5rd. 13:30. Mittsommerfest in Altuna hembygdsg\u00e5rd. Tanz um den Mittsommerpfahl, Quizwanderung und Verlosung. Kaffee und selbstgebackenes Brot. Willkommen zum Fest! Fr\u00f6sthults Bygdeg\u00e5rd. Um 13.30 Uhr. Mittsommerfest. Bringen Sie Blumen und Bl\u00e4tter f\u00fcr den Mittsommerpfahl, Freunde zum Genie\u00dfen und einen Kaffeekorb mit.","rel":"","context":"In &quot;\u00c4ldre inl\u00e4gg&quot;","block_context":{"text":"\u00c4ldre inl\u00e4gg","link":"https:\/\/www.fjardhundraland.se\/de\/aldre-inlagg\/"},"img":{"alt_text":"","src":"https:\/\/i0.wp.com\/www.fjardhundraland.se\/wp-content\/uploads\/2011\/06\/MG_6913-1024x682.jpg?resize=350%2C200&ssl=1","width":350,"height":200,"srcset":"https:\/\/i0.wp.com\/www.fjardhundraland.se\/wp-content\/uploads\/2011\/06\/MG_6913-1024x682.jpg?resize=350%2C200&ssl=1 1x, https:\/\/i0.wp.com\/www.fjardhundraland.se\/wp-content\/uploads\/2011\/06\/MG_6913-1024x682.jpg?resize=525%2C300&ssl=1 1.5x"},"classes":[]},{"id":367,"url":"https:\/\/www.fjardhundraland.se\/de\/externt\/2011\/midsommar-i-det-grona\/","url_meta":{"origin":2376,"position":4},"title":"Mittsommer im Gr\u00fcnen!","author":"Mats Thorburn","date":"23 Juni 2011","format":false,"excerpt":"Mittsommer 2013: hier klicken! Feiern Sie Mittsommer im sch\u00f6nen Fj\u00e4rdhundraland! Bereits am 23\/6 k\u00f6nnen Sie den Maibaum am Biskopskulla-Tag um 19 Uhr oder am Kaplansg\u00e5rden, H\u00e4rkeberga, um 19 Uhr aufstellen. Mittsommerabend: Altuna hembygdsg\u00e5rd. 13:30-16:30. Tanz um den Pfahl mit Akkordeonmusik, Zauberer Micke Ramsell, Tipp-Walk, Lotterie f\u00fcr Kinder und Erwachsene, Erraten des Gewichts des Kaninchens, Spiele, Gelegenheit zum Besuch der Wandbeh\u00e4nge-Ausstellung ...","rel":"","context":"In &quot;\u00c4ldre inl\u00e4gg&quot;","block_context":{"text":"\u00c4ldre inl\u00e4gg","link":"https:\/\/www.fjardhundraland.se\/de\/aldre-inlagg\/"},"img":{"alt_text":"","src":"https:\/\/i0.wp.com\/www.fjardhundraland.se\/wp-content\/uploads\/2011\/06\/MG_6913-1024x682.jpg?resize=350%2C200&ssl=1","width":350,"height":200,"srcset":"https:\/\/i0.wp.com\/www.fjardhundraland.se\/wp-content\/uploads\/2011\/06\/MG_6913-1024x682.jpg?resize=350%2C200&ssl=1 1x, https:\/\/i0.wp.com\/www.fjardhundraland.se\/wp-content\/uploads\/2011\/06\/MG_6913-1024x682.jpg?resize=525%2C300&ssl=1 1.5x"},"classes":[]},{"id":10768,"url":"https:\/\/www.fjardhundraland.se\/de\/inlagg\/2022\/midsommarafton-fjardhundraland-2022\/","url_meta":{"origin":2376,"position":5},"title":"Mittsommer in Fj\u00e4rdhundraland 2023","author":"Mats Thorburn","date":"21 Juni 2022","format":false,"excerpt":"Hier finden Sie einige gro\u00dfartige traditionelle Mittsommerfeiern der Fj\u00e4rdhundraland-Mitglieder. Es sind garantiert l\u00e4ndliche Mittsommerfeiern mit Pfahl, Gesang, Gras und Blumen - so wie es sein sollte! Husby-Sjutolftsg\u00e5rden um 13.00 Uhr Aufrichten und Tanzen um den Mittsommerpfahl, Spelem\u00e4n. Eine Fahrt mit dem Laubwinder, Fischteich und Gewinnspiele. Verkauf von selbstgemachter Fika. Sie k\u00f6nnen gerne etwas mitbringen ...","rel":"","context":"In &quot;\u00c4ldre inl\u00e4gg&quot;","block_context":{"text":"\u00c4ldre inl\u00e4gg","link":"https:\/\/www.fjardhundraland.se\/de\/aldre-inlagg\/"},"img":{"alt_text":"Folkdanslag p\u00e5 H\u00e4rledg\u00e5rden p\u00e5 midsommar","src":"https:\/\/i0.wp.com\/www.fjardhundraland.se\/wp-content\/uploads\/2012\/05\/H%C3%A4rledg%C3%A5rden.jpg?resize=350%2C200&ssl=1","width":350,"height":200,"srcset":"https:\/\/i0.wp.com\/www.fjardhundraland.se\/wp-content\/uploads\/2012\/05\/H%C3%A4rledg%C3%A5rden.jpg?resize=350%2C200&ssl=1 1x, https:\/\/i0.wp.com\/www.fjardhundraland.se\/wp-content\/uploads\/2012\/05\/H%C3%A4rledg%C3%A5rden.jpg?resize=525%2C300&ssl=1 1.5x, https:\/\/i0.wp.com\/www.fjardhundraland.se\/wp-content\/uploads\/2012\/05\/H%C3%A4rledg%C3%A5rden.jpg?resize=700%2C400&ssl=1 2x, https:\/\/i0.wp.com\/www.fjardhundraland.se\/wp-content\/uploads\/2012\/05\/H%C3%A4rledg%C3%A5rden.jpg?resize=1050%2C600&ssl=1 3x, https:\/\/i0.wp.com\/www.fjardhundraland.se\/wp-content\/uploads\/2012\/05\/H%C3%A4rledg%C3%A5rden.jpg?resize=1400%2C800&ssl=1 4x"},"classes":[]}],"jetpack_sharing_enabled":true,"_links":{"self":[{"href":"https:\/\/www.fjardhundraland.se\/de\/wp-json\/wp\/v2\/posts\/2376","targetHints":{"allow":["GET"]}}],"collection":[{"href":"https:\/\/www.fjardhundraland.se\/de\/wp-json\/wp\/v2\/posts"}],"about":[{"href":"https:\/\/www.fjardhundraland.se\/de\/wp-json\/wp\/v2\/types\/post"}],"author":[{"embeddable":true,"href":"https:\/\/www.fjardhundraland.se\/de\/wp-json\/wp\/v2\/users\/1"}],"replies":[{"embeddable":true,"href":"https:\/\/www.fjardhundraland.se\/de\/wp-json\/wp\/v2\/comments?post=2376"}],"version-history":[{"count":1,"href":"https:\/\/www.fjardhundraland.se\/de\/wp-json\/wp\/v2\/posts\/2376\/revisions"}],"predecessor-version":[{"id":19674,"href":"https:\/\/www.fjardhundraland.se\/de\/wp-json\/wp\/v2\/posts\/2376\/revisions\/19674"}],"wp:featuredmedia":[{"embeddable":true,"href":"https:\/\/www.fjardhundraland.se\/de\/wp-json\/wp\/v2\/media\/1585"}],"wp:attachment":[{"href":"https:\/\/www.fjardhundraland.se\/de\/wp-json\/wp\/v2\/media?parent=2376"}],"wp:term":[{"taxonomy":"category","embeddable":true,"href":"https:\/\/www.fjardhundraland.se\/de\/wp-json\/wp\/v2\/categories?post=2376"},{"taxonomy":"post_tag","embeddable":true,"href":"https:\/\/www.fjardhundraland.se\/de\/wp-json\/wp\/v2\/tags?post=2376"}],"curies":[{"name":"wp","href":"https:\/\/api.w.org\/{rel}","templated":true}]}}