
{"id":2079,"date":"2014-03-08T16:53:31","date_gmt":"2014-03-08T15:53:31","guid":{"rendered":"http:\/\/www.fjardhundraland.se\/?p=2079"},"modified":"2026-02-05T13:41:09","modified_gmt":"2026-02-05T12:41:09","slug":"sonntagskaffee-in-der-sonne","status":"publish","type":"post","link":"https:\/\/www.fjardhundraland.se\/de\/externt\/2014\/sondagsfika-varsolen\/","title":{"rendered":"Sonntagskaffee in der Fr\u00fchlingssonne?"},"content":{"rendered":"<p><img decoding=\"async\" data-attachment-id=\"2080\" data-permalink=\"https:\/\/www.fjardhundraland.se\/de\/externt\/2014\/sondagsfika-varsolen\/attachment\/2014-03-08-15-01-09\/\" data-orig-file=\"https:\/\/www.fjardhundraland.se\/wp-content\/uploads\/2014\/03\/2014-03-08-15.01.09.jpg\" data-orig-size=\"2048,1536\" data-comments-opened=\"0\" data-image-meta=\"{&quot;aperture&quot;:&quot;0&quot;,&quot;credit&quot;:&quot;&quot;,&quot;camera&quot;:&quot;&quot;,&quot;caption&quot;:&quot;&quot;,&quot;created_timestamp&quot;:&quot;0&quot;,&quot;copyright&quot;:&quot;&quot;,&quot;focal_length&quot;:&quot;0&quot;,&quot;iso&quot;:&quot;0&quot;,&quot;shutter_speed&quot;:&quot;0&quot;,&quot;title&quot;:&quot;&quot;,&quot;orientation&quot;:&quot;0&quot;}\" data-image-title=\"V\u00e5rtecken i Fj\u00e4rdhundraland\" data-image-description=\"\" data-image-caption=\"\" data-large-file=\"https:\/\/www.fjardhundraland.se\/wp-content\/uploads\/2014\/03\/2014-03-08-15.01.09.jpg\" class=\"alignright  wp-image-2080\" alt=\"Buschwindr\u00f6schen\" src=\"https:\/\/www.fjardhundraland.se\/wp-content\/uploads\/2014\/03\/2014-03-08-15.01.09-300x225.jpg\" width=\"200\" height=\"148\" title=\"\">Der Fr\u00fchling ist in Fj\u00e4rdhundraland angekommen. Warum nicht einen Fr\u00fchlingsspaziergang mit einem Kaffee in einem gem\u00fctlichen Caf\u00e9 verbinden?<\/p>\n<p><a title=\"Resta Bauernhof\" href=\"https:\/\/www.fjardhundraland.se\/de\/gerichte\/verbleibender-schutz\/\">Resta Bauernhof<\/a>, <a title=\"B\u00e4ckerei Crow&#039;s Will\" href=\"https:\/\/www.fjardhundraland.se\/de\/gerichte\/krakvilan-bageri\/\">B\u00e4ckerei Crow's Will<\/a>\u00a0und <a title=\"Appetit in \u00d6rsundsbro\" href=\"https:\/\/www.fjardhundraland.se\/de\/gerichte\/matlust-i-orsundsbro\/\">Appetit in \u00d6rsundsbro<\/a> haben alle ihre Pforten ge\u00f6ffnet, und f\u00fcr diejenigen, die sich nicht aufs Land wagen, haben wir auch <a title=\"Caf\u00e9 Samt\" href=\"https:\/\/www.fjardhundraland.se\/de\/gerichte\/cafe-samt\/\">Caf\u00e9 Samt<\/a> in Enk\u00f6ping.<\/p>\n<p>Weitere Caf\u00e9s werden im Fr\u00fchjahr er\u00f6ffnet.<\/p>","protected":false},"excerpt":{"rendered":"<p>Der Fr\u00fchling ist in Fj\u00e4rdhundraland angekommen. Warum nicht einen Fr\u00fchlingsspaziergang mit einem Kaffee in einem gem\u00fctlichen Caf\u00e9 verbinden? Resta G\u00e5rd, Kr\u00e5kvilan bageri und Matlust in \u00d6rsundsbro haben alle ihre T\u00fcren ge\u00f6ffnet, und f\u00fcr diejenigen, die sich nicht in die Natur trauen, gibt es das Caf\u00e9 Samt in Enk\u00f6ping. Weitere Caf\u00e9s werden im Fr\u00fchjahr er\u00f6ffnet.<\/p>","protected":false},"author":5,"featured_media":0,"comment_status":"open","ping_status":"open","sticky":false,"template":"","format":"standard","meta":{"_acf_changed":false,"_relevanssi_hide_post":"","_relevanssi_hide_content":"","_relevanssi_pin_for_all":"","_relevanssi_pin_keywords":"","_relevanssi_unpin_keywords":"","_relevanssi_related_keywords":"","_relevanssi_related_include_ids":"","_relevanssi_related_exclude_ids":"","_relevanssi_related_no_append":"","_relevanssi_related_not_related":"","_relevanssi_related_posts":"","_relevanssi_noindex_reason":"Rank Math Uteslut fr\u00e5n Relevanssi index","_genesis_hide_title":false,"_genesis_hide_breadcrumbs":false,"_genesis_hide_singular_image":false,"_genesis_hide_footer_widgets":false,"_genesis_custom_body_class":"","_genesis_custom_post_class":"","_genesis_layout":"","_jetpack_memberships_contains_paid_content":false,"footnotes":""},"categories":[353,18,22,25],"tags":[352],"class_list":{"0":"post-2079","1":"post","2":"type-post","3":"status-publish","4":"format-standard","6":"category-aldre-inlagg","7":"category-externt","8":"category-mat","9":"category-upplevelser","10":"tag-aldre-inlagg","11":"entry"},"acf":[],"visa":null,"geo_latitude":null,"geo_longitude":null,"jetpack_featured_media_url":"","featured_image_src":null,"featured_image_src_square":null,"author_info":{"display_name":"","author_link":"https:\/\/www.fjardhundraland.se\/de\/author\/"},"jetpack-related-posts":[{"id":914,"url":"https:\/\/www.fjardhundraland.se\/de\/mat\/2012\/nu-oppnar-forsby-kvarn-kafe\/","url_meta":{"origin":2079,"position":0},"title":"Caf\u00e9 in Forsby Mill jetzt ge\u00f6ffnet","author":"Mats Thorburn","date":"26 April 2012","format":false,"excerpt":"Am Samstag wird das lang erwartete Caf\u00e9 in Forsby Mill er\u00f6ffnet. Dort, wo einst die Lokomotive die M\u00fchle und das S\u00e4gewerk antrieb, wird nun Ibba's Geb\u00e4ck serviert. Versprochen werden Leckereien und auch n\u00fctzliche Lebensmittel. Lesen Sie mehr auf der neuen Website!","rel":"","context":"In &quot;\u00c4ldre inl\u00e4gg&quot;","block_context":{"text":"\u00c4ldre inl\u00e4gg","link":"https:\/\/www.fjardhundraland.se\/de\/aldre-inlagg\/"},"img":{"alt_text":"","src":"https:\/\/i0.wp.com\/forsbykvarn.se\/wp-content\/uploads\/2011\/08\/Forsbybageriets-gamla-monter.jpg?resize=350%2C200&ssl=1","width":350,"height":200},"classes":[]},{"id":1257,"url":"https:\/\/www.fjardhundraland.se\/de\/gardsbutiker\/2013\/varen-planerad-i-dunderbo\/","url_meta":{"origin":2079,"position":1},"title":"Fr\u00fchling in Dunderbo geplant","author":"Mats Thorburn","date":"17 M\u00e4rz 2013","format":false,"excerpt":"Der Fr\u00fchjahrskalender von Dunderbo Ljus &amp; Hantverk ist jetzt aktualisiert. Schauen Sie rein und planen Sie einen Besuch!","rel":"","context":"In &quot;\u00c4ldre inl\u00e4gg&quot;","block_context":{"text":"\u00c4ldre inl\u00e4gg","link":"https:\/\/www.fjardhundraland.se\/de\/aldre-inlagg\/"},"img":{"alt_text":"","src":"","width":0,"height":0},"classes":[]},{"id":5183,"url":"https:\/\/www.fjardhundraland.se\/de\/gardsbutiker\/2018\/landsberga-gardsbutik-har-oppnat\/","url_meta":{"origin":2079,"position":2},"title":"Hofladen Landsberga hat er\u00f6ffnet","author":"Mats Thorburn","date":"1 Juni 2018","format":false,"excerpt":"Ein Hofladen, der t\u00e4glich ge\u00f6ffnet ist, und ein Caf\u00e9 in historischer Umgebung. Der Hofladen Landsberga bietet beides: In den alten Stallungen aus den 1800er Jahren auf dem Hof Landsberga befindet sich ein echtes Zentrum der Esskultur in Uppland. Ge\u00f6ffnet ab 2. Juni 2018 wochentags 11-18 Uhr und am Wochenende 11-16 Uhr! \u00a0","rel":"","context":"In &quot;G\u00e5rdsbutiker&quot;","block_context":{"text":"G\u00e5rdsbutiker","link":"https:\/\/www.fjardhundraland.se\/de\/gardsbutiker\/"},"img":{"alt_text":"","src":"https:\/\/i0.wp.com\/www.fjardhundraland.se\/wp-content\/uploads\/2018\/06\/landsberga-gacc8ardsbutik-invigning-010618-39.jpg?resize=350%2C200&ssl=1","width":350,"height":200,"srcset":"https:\/\/i0.wp.com\/www.fjardhundraland.se\/wp-content\/uploads\/2018\/06\/landsberga-gacc8ardsbutik-invigning-010618-39.jpg?resize=350%2C200&ssl=1 1x, https:\/\/i0.wp.com\/www.fjardhundraland.se\/wp-content\/uploads\/2018\/06\/landsberga-gacc8ardsbutik-invigning-010618-39.jpg?resize=525%2C300&ssl=1 1.5x, https:\/\/i0.wp.com\/www.fjardhundraland.se\/wp-content\/uploads\/2018\/06\/landsberga-gacc8ardsbutik-invigning-010618-39.jpg?resize=700%2C400&ssl=1 2x, https:\/\/i0.wp.com\/www.fjardhundraland.se\/wp-content\/uploads\/2018\/06\/landsberga-gacc8ardsbutik-invigning-010618-39.jpg?resize=1050%2C600&ssl=1 3x, https:\/\/i0.wp.com\/www.fjardhundraland.se\/wp-content\/uploads\/2018\/06\/landsberga-gacc8ardsbutik-invigning-010618-39.jpg?resize=1400%2C800&ssl=1 4x"},"classes":[]},{"id":1842,"url":"https:\/\/www.fjardhundraland.se\/de\/inlagg\/2014\/pa-glid-med-utsikt\/","url_meta":{"origin":2079,"position":3},"title":"Segelfliegen mit Aussicht","author":"Mats Thorburn","date":"27 Januar 2014","format":false,"excerpt":"Die sch\u00f6ne Skipiste Skattmans\u00f6backen von Fj\u00e4rdhundraland hat f\u00fcr die Saison ge\u00f6ffnet! Es ist eine familienfreundliche Skipiste mit einer tollen Atmosph\u00e4re - und fr\u00f6hlichen und hilfsbereiten Mitarbeitern! Zwei Lifte, ein Skiverleih, eine Cafeteria und mehrere Grillpl\u00e4tze machen sie den ganzen Winter \u00fcber zu einem beliebten Ziel.  Ge\u00f6ffnet samstags und sonntags von 10 bis 16 Uhr und dienstags abends von 18 bis 21 Uhr. Weitere Informationen unter www.skattman.nu P. S....","rel":"","context":"In &quot;\u00c4ldre inl\u00e4gg&quot;","block_context":{"text":"\u00c4ldre inl\u00e4gg","link":"https:\/\/www.fjardhundraland.se\/de\/aldre-inlagg\/"},"img":{"alt_text":"Skattmans\u00f6backen","src":"https:\/\/i0.wp.com\/www.fjardhundraland.se\/wp-content\/uploads\/2014\/01\/Skattmans%C3%B6backen.jpg?resize=350%2C200&ssl=1","width":350,"height":200,"srcset":"https:\/\/i0.wp.com\/www.fjardhundraland.se\/wp-content\/uploads\/2014\/01\/Skattmans%C3%B6backen.jpg?resize=350%2C200&ssl=1 1x, https:\/\/i0.wp.com\/www.fjardhundraland.se\/wp-content\/uploads\/2014\/01\/Skattmans%C3%B6backen.jpg?resize=525%2C300&ssl=1 1.5x, https:\/\/i0.wp.com\/www.fjardhundraland.se\/wp-content\/uploads\/2014\/01\/Skattmans%C3%B6backen.jpg?resize=700%2C400&ssl=1 2x, https:\/\/i0.wp.com\/www.fjardhundraland.se\/wp-content\/uploads\/2014\/01\/Skattmans%C3%B6backen.jpg?resize=1050%2C600&ssl=1 3x, https:\/\/i0.wp.com\/www.fjardhundraland.se\/wp-content\/uploads\/2014\/01\/Skattmans%C3%B6backen.jpg?resize=1400%2C800&ssl=1 4x"},"classes":[]},{"id":2172,"url":"https:\/\/www.fjardhundraland.se\/de\/mat\/2014\/utflykt-varen\/","url_meta":{"origin":2079,"position":4},"title":"Exkursion im Fr\u00fchling","author":"Mats Thorburn","date":"5 April 2014","format":false,"excerpt":"Was machen wir heute? Die Sonne scheint und bald werden wir Hunger auf Kaffee haben! Zeit f\u00fcr einen Ausflug in die Natur. Hier sind einige Tipps in Fj\u00e4rdhundraland, das an diesem Wochenende ge\u00f6ffnet ist. Ein lustiger Ausflug! Fika: Oma Elsas Hofb\u00e4ckerei Mel's Place Resta Bauernhof Kr\u00e5kvilan Einkaufen f\u00fcr lokal produzierte Lebensmittel: Skogsbackens K\u00e4se \u00c5loppe ekomat Vallgarns Hofk\u00e4serei...","rel":"","context":"In &quot;\u00c4ldre inl\u00e4gg&quot;","block_context":{"text":"\u00c4ldre inl\u00e4gg","link":"https:\/\/www.fjardhundraland.se\/de\/aldre-inlagg\/"},"img":{"alt_text":"","src":"","width":0,"height":0},"classes":[]},{"id":754,"url":"https:\/\/www.fjardhundraland.se\/de\/gardsbutiker\/2012\/forsta-vartecknet\/","url_meta":{"origin":2079,"position":5},"title":"Erste Anzeichen des Fr\u00fchlings?","author":"Mats Thorburn","date":"2 Februar 2012","format":false,"excerpt":"Die B\u00e4ckerei Kr\u00e5kvilan \u00f6ffnet am Sonntag, dem 5. Februar, von 11 bis 16 Uhr ihre Pforten f\u00fcr die Saison. Neu ist, dass Marianne nicht nur ihre k\u00f6stlichen Br\u00f6tchen und Kuchen serviert, sondern auch ein leichtes Mittagessen, bestehend aus leckerem K\u00e4sekuchen aus Skogsbackens K\u00e4se.","rel":"","context":"In &quot;\u00c4ldre inl\u00e4gg&quot;","block_context":{"text":"\u00c4ldre inl\u00e4gg","link":"https:\/\/www.fjardhundraland.se\/de\/aldre-inlagg\/"},"img":{"alt_text":"","src":"","width":0,"height":0},"classes":[]}],"jetpack_sharing_enabled":true,"_links":{"self":[{"href":"https:\/\/www.fjardhundraland.se\/de\/wp-json\/wp\/v2\/posts\/2079","targetHints":{"allow":["GET"]}}],"collection":[{"href":"https:\/\/www.fjardhundraland.se\/de\/wp-json\/wp\/v2\/posts"}],"about":[{"href":"https:\/\/www.fjardhundraland.se\/de\/wp-json\/wp\/v2\/types\/post"}],"author":[{"embeddable":true,"href":"https:\/\/www.fjardhundraland.se\/de\/wp-json\/wp\/v2\/users\/5"}],"replies":[{"embeddable":true,"href":"https:\/\/www.fjardhundraland.se\/de\/wp-json\/wp\/v2\/comments?post=2079"}],"version-history":[{"count":1,"href":"https:\/\/www.fjardhundraland.se\/de\/wp-json\/wp\/v2\/posts\/2079\/revisions"}],"predecessor-version":[{"id":19681,"href":"https:\/\/www.fjardhundraland.se\/de\/wp-json\/wp\/v2\/posts\/2079\/revisions\/19681"}],"wp:attachment":[{"href":"https:\/\/www.fjardhundraland.se\/de\/wp-json\/wp\/v2\/media?parent=2079"}],"wp:term":[{"taxonomy":"category","embeddable":true,"href":"https:\/\/www.fjardhundraland.se\/de\/wp-json\/wp\/v2\/categories?post=2079"},{"taxonomy":"post_tag","embeddable":true,"href":"https:\/\/www.fjardhundraland.se\/de\/wp-json\/wp\/v2\/tags?post=2079"}],"curies":[{"name":"wp","href":"https:\/\/api.w.org\/{rel}","templated":true}]}}