
{"id":1847,"date":"2014-02-28T00:05:40","date_gmt":"2014-02-27T23:05:40","guid":{"rendered":"http:\/\/www.fjardhundraland.se\/?p=1847"},"modified":"2026-02-05T13:41:09","modified_gmt":"2026-02-05T12:41:09","slug":"tag-der-schlachtforschung","status":"publish","type":"post","link":"https:\/\/www.fjardhundraland.se\/de\/inlagg\/2014\/slaktforskningens-dag\/","title":{"rendered":"Tag der Genealogie"},"content":{"rendered":"<p><span style=\"font-size: 1em; line-height: 1.5em;\"><a href=\"https:\/\/www.fjardhundraland.se\/wp-content\/uploads\/2014\/02\/FLY1563.jpg\"><img decoding=\"async\" data-attachment-id=\"1850\" data-permalink=\"https:\/\/www.fjardhundraland.se\/de\/inlagg\/2014\/slaktforskningens-dag\/attachment\/fly1563\/\" data-orig-file=\"https:\/\/www.fjardhundraland.se\/wp-content\/uploads\/2014\/02\/FLY1563.jpg\" data-orig-size=\"800,506\" data-comments-opened=\"0\" data-image-meta=\"{&quot;aperture&quot;:&quot;0&quot;,&quot;credit&quot;:&quot;&quot;,&quot;camera&quot;:&quot;&quot;,&quot;caption&quot;:&quot;&quot;,&quot;created_timestamp&quot;:&quot;0&quot;,&quot;copyright&quot;:&quot;&quot;,&quot;focal_length&quot;:&quot;0&quot;,&quot;iso&quot;:&quot;0&quot;,&quot;shutter_speed&quot;:&quot;0&quot;,&quot;title&quot;:&quot;&quot;,&quot;orientation&quot;:&quot;0&quot;}\" data-image-title=\"FLY1563\" data-image-description=\"\" data-image-caption=\"\" data-large-file=\"https:\/\/www.fjardhundraland.se\/wp-content\/uploads\/2014\/02\/FLY1563.jpg\" class=\"alignleft size-medium wp-image-1850\" alt=\"FLY1563\" src=\"https:\/\/www.fjardhundraland.se\/wp-content\/uploads\/2014\/02\/FLY1563-300x189.jpg\" width=\"300\" height=\"189\" title=\"\"><\/a>Haben Sie dar\u00fcber nachgedacht, Ahnenforschung zu betreiben? Oder m\u00f6chten Sie vielleicht mehr \u00fcber Ihren Hof oder Ihr Dorf erfahren? Am Samstag, den 15. M\u00e4rz, bietet das Dorfgemeinschaftshaus von Fr\u00f6sthult einen Tag voller Heimatkunde.<\/span><\/p>\n<p>Es gibt Tipps zur Ahnenforschung, Sie k\u00f6nnen sich alte Postkarten, Fotos und Landkarten ansehen. Sie erfahren auch mehr dar\u00fcber, wie Sie aus alten Dokumenten Wissen gewinnen k\u00f6nnen.<\/p>\n<p>Au\u00dferdem gibt es einen B\u00fccherflohmarkt und Erfrischungen.<\/p>\n<p>Ge\u00f6ffnet 10-17<\/p>\n<p>Hier k\u00f6nnen Sie das vollst\u00e4ndige Programm lesen und herunterladen:\u00a0<a href=\"https:\/\/www.fjardhundraland.se\/wp-content\/uploads\/2014\/03\/Hembygdsforskning140315.pdf\">Ortsgeschichtliche Forschung140315<\/a><\/p>","protected":false},"excerpt":{"rendered":"<p>Har du funderat p\u00e5 att b\u00f6rja sl\u00e4ktforska? Eller vill du kanske l\u00e4ra dig mer om din g\u00e5rd eller by? I Fr\u00f6sthults bygdeg\u00e5rd f\u00e5r du l\u00f6rdagen den 15 mars en fullmatad dag i lokalhistoriens tecken. Det blir bland annat sl\u00e4ktforskningstips, du kan titta p\u00e5 gamla vykort, foton och kartor. Du f\u00e5r ocks\u00e5 veta mer om hur [&hellip;]<\/p>\n","protected":false},"author":1,"featured_media":0,"comment_status":"open","ping_status":"open","sticky":false,"template":"","format":"standard","meta":{"_acf_changed":false,"_relevanssi_hide_post":"","_relevanssi_hide_content":"","_relevanssi_pin_for_all":"","_relevanssi_pin_keywords":"","_relevanssi_unpin_keywords":"","_relevanssi_related_keywords":"","_relevanssi_related_include_ids":"","_relevanssi_related_exclude_ids":"","_relevanssi_related_no_append":"","_relevanssi_related_not_related":"","_relevanssi_related_posts":"","_relevanssi_noindex_reason":"Rank Math Uteslut fr\u00e5n Relevanssi index","_genesis_hide_title":false,"_genesis_hide_breadcrumbs":false,"_genesis_hide_singular_image":false,"_genesis_hide_footer_widgets":false,"_genesis_custom_body_class":"","_genesis_custom_post_class":"","_genesis_layout":"","_jetpack_memberships_contains_paid_content":false,"footnotes":""},"categories":[353,1],"tags":[352,129],"class_list":{"0":"post-1847","1":"post","2":"type-post","3":"status-publish","4":"format-standard","6":"category-aldre-inlagg","7":"category-inlagg","8":"tag-aldre-inlagg","9":"tag-slaltforskning","10":"entry"},"acf":[],"visa":null,"geo_latitude":null,"geo_longitude":null,"jetpack_featured_media_url":"","featured_image_src":null,"featured_image_src_square":null,"author_info":{"display_name":"Mats Thorburn","author_link":"https:\/\/www.fjardhundraland.se\/de\/author\/matst\/"},"jetpack-related-posts":[{"id":5226,"url":"https:\/\/www.fjardhundraland.se\/de\/upplevelser\/2018\/filmsommar-pa-gamla-bion\/","url_meta":{"origin":1847,"position":0},"title":"Filmsommer in Gamla Bion","author":"Ylva Fontell","date":"27 Juni 2018","format":false,"excerpt":"Wow, was f\u00fcr ein Filmsommer erwartet uns! Das Alte Kino in \u00d6rsundsbro hat ein umfangreiches Programm mit brandneuen Qualit\u00e4tsfilmen zusammengestellt, das durch die diesj\u00e4hrige Neuheit, die Klassikerwoche, erg\u00e4nzt wird. Der Veranstaltungskalender stellt alle Filme im Detail vor, aber hier ist eine kleine Vorschau: 3\/7 Aquarius, 10\/7 Three Billboards outside Ebbing, Missouri, 17\/7 Loving Vincent, 24\/7 Amateurs, 31\/7...","rel":"","context":"In &quot;\u00c4ldre inl\u00e4gg&quot;","block_context":{"text":"\u00c4ldre inl\u00e4gg","link":"https:\/\/www.fjardhundraland.se\/de\/aldre-inlagg\/"},"img":{"alt_text":"Gamla bion i \u00d6rsundsbro","src":"https:\/\/i0.wp.com\/www.fjardhundraland.se\/wp-content\/uploads\/2017\/02\/gamla-bion.jpg?resize=350%2C200&ssl=1","width":350,"height":200,"srcset":"https:\/\/i0.wp.com\/www.fjardhundraland.se\/wp-content\/uploads\/2017\/02\/gamla-bion.jpg?resize=350%2C200&ssl=1 1x, https:\/\/i0.wp.com\/www.fjardhundraland.se\/wp-content\/uploads\/2017\/02\/gamla-bion.jpg?resize=525%2C300&ssl=1 1.5x, https:\/\/i0.wp.com\/www.fjardhundraland.se\/wp-content\/uploads\/2017\/02\/gamla-bion.jpg?resize=700%2C400&ssl=1 2x, https:\/\/i0.wp.com\/www.fjardhundraland.se\/wp-content\/uploads\/2017\/02\/gamla-bion.jpg?resize=1050%2C600&ssl=1 3x, https:\/\/i0.wp.com\/www.fjardhundraland.se\/wp-content\/uploads\/2017\/02\/gamla-bion.jpg?resize=1400%2C800&ssl=1 4x"},"classes":[]},{"id":5183,"url":"https:\/\/www.fjardhundraland.se\/de\/gardsbutiker\/2018\/landsberga-gardsbutik-har-oppnat\/","url_meta":{"origin":1847,"position":1},"title":"Hofladen Landsberga hat er\u00f6ffnet","author":"Mats Thorburn","date":"1 Juni 2018","format":false,"excerpt":"Ein Hofladen, der t\u00e4glich ge\u00f6ffnet ist, und ein Caf\u00e9 in historischer Umgebung. Der Hofladen Landsberga bietet beides: In den alten Stallungen aus den 1800er Jahren auf dem Hof Landsberga befindet sich ein echtes Zentrum der Esskultur in Uppland. Ge\u00f6ffnet ab 2. Juni 2018 wochentags 11-18 Uhr und am Wochenende 11-16 Uhr! \u00a0","rel":"","context":"In &quot;G\u00e5rdsbutiker&quot;","block_context":{"text":"G\u00e5rdsbutiker","link":"https:\/\/www.fjardhundraland.se\/de\/gardsbutiker\/"},"img":{"alt_text":"","src":"https:\/\/i0.wp.com\/www.fjardhundraland.se\/wp-content\/uploads\/2018\/06\/landsberga-gacc8ardsbutik-invigning-010618-39.jpg?resize=350%2C200&ssl=1","width":350,"height":200,"srcset":"https:\/\/i0.wp.com\/www.fjardhundraland.se\/wp-content\/uploads\/2018\/06\/landsberga-gacc8ardsbutik-invigning-010618-39.jpg?resize=350%2C200&ssl=1 1x, https:\/\/i0.wp.com\/www.fjardhundraland.se\/wp-content\/uploads\/2018\/06\/landsberga-gacc8ardsbutik-invigning-010618-39.jpg?resize=525%2C300&ssl=1 1.5x, https:\/\/i0.wp.com\/www.fjardhundraland.se\/wp-content\/uploads\/2018\/06\/landsberga-gacc8ardsbutik-invigning-010618-39.jpg?resize=700%2C400&ssl=1 2x, https:\/\/i0.wp.com\/www.fjardhundraland.se\/wp-content\/uploads\/2018\/06\/landsberga-gacc8ardsbutik-invigning-010618-39.jpg?resize=1050%2C600&ssl=1 3x, https:\/\/i0.wp.com\/www.fjardhundraland.se\/wp-content\/uploads\/2018\/06\/landsberga-gacc8ardsbutik-invigning-010618-39.jpg?resize=1400%2C800&ssl=1 4x"},"classes":[]},{"id":5416,"url":"https:\/\/www.fjardhundraland.se\/de\/mat-manniskor\/2018\/mat-manniskor-mathantverk-och-matupplevelser-pa-sondag\/","url_meta":{"origin":1847,"position":2},"title":"Essen &amp; Menschen - Lebensmittelhandwerk und Essenserlebnisse","author":"Mats Thorburn","date":"18 September 2018","format":false,"excerpt":"Food &amp; People ist die Food-Tour von Fj\u00e4rdhundraland, bei der wir unsere Lebensmittelhandwerker f\u00fcr einen Tag rund ums Essen zusammenbringen. Sie gehen von Ort zu Ort, probieren und kaufen ein und haben die M\u00f6glichkeit zu sehen, wie Lebensmittel hergestellt werden. Am Sonntag, den 23. September von 11-17 Uhr ist es soweit. Lesen Sie mehr unter matomanniskor.se!","rel":"","context":"In &quot;Mat &amp; m\u00e4nniskor&quot;","block_context":{"text":"Mat &amp; m\u00e4nniskor","link":"https:\/\/www.fjardhundraland.se\/de\/mat-manniskor\/"},"img":{"alt_text":"Mat och ma\u0308nniskor bild med tomater och \u00e4gg i \u00e4ggkartong","src":"https:\/\/i0.wp.com\/www.fjardhundraland.se\/wp-content\/uploads\/2018\/08\/mat-och-macc88nniskor-header-2.jpg?resize=350%2C200&ssl=1","width":350,"height":200,"srcset":"https:\/\/i0.wp.com\/www.fjardhundraland.se\/wp-content\/uploads\/2018\/08\/mat-och-macc88nniskor-header-2.jpg?resize=350%2C200&ssl=1 1x, https:\/\/i0.wp.com\/www.fjardhundraland.se\/wp-content\/uploads\/2018\/08\/mat-och-macc88nniskor-header-2.jpg?resize=525%2C300&ssl=1 1.5x, https:\/\/i0.wp.com\/www.fjardhundraland.se\/wp-content\/uploads\/2018\/08\/mat-och-macc88nniskor-header-2.jpg?resize=700%2C400&ssl=1 2x, https:\/\/i0.wp.com\/www.fjardhundraland.se\/wp-content\/uploads\/2018\/08\/mat-och-macc88nniskor-header-2.jpg?resize=1050%2C600&ssl=1 3x, https:\/\/i0.wp.com\/www.fjardhundraland.se\/wp-content\/uploads\/2018\/08\/mat-och-macc88nniskor-header-2.jpg?resize=1400%2C800&ssl=1 4x"},"classes":[]},{"id":80,"url":"https:\/\/www.fjardhundraland.se\/de\/externt\/2011\/forsmak-pa-fjardhundraland-2\/","url_meta":{"origin":1847,"position":3},"title":"Anreise nach Fj\u00e4rdhundraland","author":"Ylva Fontell","date":"3 Mai 2011","format":false,"excerpt":"Folgen Sie alten Wikingerpfaden mit dem Bus nach Fj\u00e4rdhundraland und erleben Sie mit allen Sinnen eine Reise in die herrliche Natur.  Betreten Sie alte Kulturst\u00e4tten, lauschen Sie dem sch\u00f6nen Gesang und bestaunen Sie die Kirchenmalereien von Pictor. Genie\u00dfen Sie Kaffee und hausgemachten Kuchen im sch\u00f6nen H\u00e4rledsg\u00e5rden aus dem Jahre 1700. Die Bustour beginnt an Gustav Adolfs Plan...","rel":"","context":"In &quot;\u00c4ldre inl\u00e4gg&quot;","block_context":{"text":"\u00c4ldre inl\u00e4gg","link":"https:\/\/www.fjardhundraland.se\/de\/aldre-inlagg\/"},"img":{"alt_text":"","src":"","width":0,"height":0},"classes":[]},{"id":3604,"url":"https:\/\/www.fjardhundraland.se\/de\/inlagg\/2016\/vad-tyckte-du-om-mat-manniskor\/","url_meta":{"origin":1847,"position":4},"title":"Wie hat Ihnen Food &amp; People gefallen?","author":"Mats Thorburn","date":"25 September 2016","format":false,"excerpt":"Hatten Sie einen guten Tag in Fj\u00e4rdhundraland? Sagen Sie uns hier, was Sie denken. Drei Gewinner erhalten lokal produzierte Lebensmittel - f\u00fcr die Teilnahme am Wettbewerb ist es jetzt zu sp\u00e4t, aber Sie k\u00f6nnen uns immer noch Ihre Meinung mitteilen! Die Gewinner haben jetzt ihre Preise erhalten. Herzlichen Gl\u00fcckwunsch an die Gewinner!","rel":"","context":"In &quot;\u00c4ldre inl\u00e4gg&quot;","block_context":{"text":"\u00c4ldre inl\u00e4gg","link":"https:\/\/www.fjardhundraland.se\/de\/aldre-inlagg\/"},"img":{"alt_text":"","src":"https:\/\/i0.wp.com\/www.fjardhundraland.se\/wp-content\/uploads\/2016\/09\/mmfb.jpg?resize=350%2C200&ssl=1","width":350,"height":200,"srcset":"https:\/\/i0.wp.com\/www.fjardhundraland.se\/wp-content\/uploads\/2016\/09\/mmfb.jpg?resize=350%2C200&ssl=1 1x, https:\/\/i0.wp.com\/www.fjardhundraland.se\/wp-content\/uploads\/2016\/09\/mmfb.jpg?resize=525%2C300&ssl=1 1.5x, https:\/\/i0.wp.com\/www.fjardhundraland.se\/wp-content\/uploads\/2016\/09\/mmfb.jpg?resize=700%2C400&ssl=1 2x, https:\/\/i0.wp.com\/www.fjardhundraland.se\/wp-content\/uploads\/2016\/09\/mmfb.jpg?resize=1050%2C600&ssl=1 3x"},"classes":[]},{"id":3470,"url":"https:\/\/www.fjardhundraland.se\/de\/utflykt\/2016\/rebusrundan-salaheby-2016\/","url_meta":{"origin":1847,"position":5},"title":"Rebus-Kreisverkehr Sala\/Heby","author":"Mats Thorburn","date":"1 August 2016","format":false,"excerpt":"Det h\u00e4r \u00e4r v\u00e5rt f\u00f6rslag p\u00e5 en runda fr\u00e5n Sala eller Heby d\u00e4r du bes\u00f6ker femton\u00a0sp\u00e4nnande platser\u00a0av de 40 som \u00e4r med i 2016 \u00e5rs Rebusrunda i Fj\u00e4rdhundraland. Ladda ner kartan h\u00e4r\u00a0[pdf]. Rundan slingrar sig fram p\u00e5 sm\u00e5v\u00e4gar, genom sl\u00e4ttlandskap blandat med skog samt vackra dalg\u00e5ngar. Detta ger dig m\u00e5nga\u2026","rel":"","context":"In &quot;Utflykt&quot;","block_context":{"text":"Utflykt","link":"https:\/\/www.fjardhundraland.se\/de\/utflykt\/"},"img":{"alt_text":"Karta Rebusrundan Sala Heby","src":"https:\/\/i0.wp.com\/www.fjardhundraland.se\/wp-content\/uploads\/2016\/08\/rebusrundan_salaheby_webb-1024x724.jpg?resize=350%2C200&ssl=1","width":350,"height":200,"srcset":"https:\/\/i0.wp.com\/www.fjardhundraland.se\/wp-content\/uploads\/2016\/08\/rebusrundan_salaheby_webb-1024x724.jpg?resize=350%2C200&ssl=1 1x, https:\/\/i0.wp.com\/www.fjardhundraland.se\/wp-content\/uploads\/2016\/08\/rebusrundan_salaheby_webb-1024x724.jpg?resize=525%2C300&ssl=1 1.5x, https:\/\/i0.wp.com\/www.fjardhundraland.se\/wp-content\/uploads\/2016\/08\/rebusrundan_salaheby_webb-1024x724.jpg?resize=700%2C400&ssl=1 2x"},"classes":[]}],"jetpack_sharing_enabled":true,"_links":{"self":[{"href":"https:\/\/www.fjardhundraland.se\/de\/wp-json\/wp\/v2\/posts\/1847","targetHints":{"allow":["GET"]}}],"collection":[{"href":"https:\/\/www.fjardhundraland.se\/de\/wp-json\/wp\/v2\/posts"}],"about":[{"href":"https:\/\/www.fjardhundraland.se\/de\/wp-json\/wp\/v2\/types\/post"}],"author":[{"embeddable":true,"href":"https:\/\/www.fjardhundraland.se\/de\/wp-json\/wp\/v2\/users\/1"}],"replies":[{"embeddable":true,"href":"https:\/\/www.fjardhundraland.se\/de\/wp-json\/wp\/v2\/comments?post=1847"}],"version-history":[{"count":1,"href":"https:\/\/www.fjardhundraland.se\/de\/wp-json\/wp\/v2\/posts\/1847\/revisions"}],"predecessor-version":[{"id":19682,"href":"https:\/\/www.fjardhundraland.se\/de\/wp-json\/wp\/v2\/posts\/1847\/revisions\/19682"}],"wp:attachment":[{"href":"https:\/\/www.fjardhundraland.se\/de\/wp-json\/wp\/v2\/media?parent=1847"}],"wp:term":[{"taxonomy":"category","embeddable":true,"href":"https:\/\/www.fjardhundraland.se\/de\/wp-json\/wp\/v2\/categories?post=1847"},{"taxonomy":"post_tag","embeddable":true,"href":"https:\/\/www.fjardhundraland.se\/de\/wp-json\/wp\/v2\/tags?post=1847"}],"curies":[{"name":"wp","href":"https:\/\/api.w.org\/{rel}","templated":true}]}}