
{"id":1842,"date":"2014-01-27T00:02:35","date_gmt":"2014-01-26T23:02:35","guid":{"rendered":"http:\/\/www.fjardhundraland.se\/?p=1842"},"modified":"2026-02-05T13:41:10","modified_gmt":"2026-02-05T12:41:10","slug":"segelfliegen-mit-aussicht","status":"publish","type":"post","link":"https:\/\/www.fjardhundraland.se\/de\/inlagg\/2014\/pa-glid-med-utsikt\/","title":{"rendered":"Segelfliegen mit Aussicht"},"content":{"rendered":"<p>Die sch\u00f6ne Skipiste von Fj\u00e4rdhundraland <a title=\"Skattmans\u00f6backen\" href=\"https:\/\/www.fjardhundraland.se\/de\/gerichte\/steuerfahnder-backe\/\">Skattmans\u00f6backen<\/a> hat die Saison er\u00f6ffnet!<\/p>\n<p>Ein familienfreundliches Skigebiet mit toller Atmosph\u00e4re - und fr\u00f6hlichem und hilfsbereitem Personal! Zwei Lifte, ein Skiverleih, eine Cafeteria und mehrere Grillpl\u00e4tze machen sie den ganzen Winter \u00fcber zu einem beliebten Ziel.  Ge\u00f6ffnet samstags und sonntags 10-16 Uhr und dienstags abends 18-21 Uhr.\u00a0<a title=\"Skattmans\u00f6backen\" href=\"https:\/\/www.skattman.nu\/\" target=\"_blank\" rel=\"noopener\">www.skattman.nu<\/a><\/p>\n<p>P.S. Alle arbeiten auf freiwilliger Basis. Wenn Sie also dem Team beitreten m\u00f6chten, sind Sie herzlich willkommen!<\/p>","protected":false},"excerpt":{"rendered":"<p>Fj\u00e4rdhundralands fina skidbacke Skattmans\u00f6backen har \u00f6ppnat f\u00f6r s\u00e4songen! Det \u00e4r en familjev\u00e4nlig skidbacke med h\u00e4rlig st\u00e4mning \u2013 och glad och hj\u00e4lpsam personal! Tv\u00e5 liftar, skiduthyrning, cafeteria och flera grillplatser g\u00f6r det till ett givet utflyktsm\u00e5l hela vintern.\u00a0 \u00d6ppet l\u00f6rdagar och s\u00f6ndagar 10\u201316 samt tisdagskv\u00e4llar 18\u201321. L\u00e4s mer p\u00e5\u00a0www.skattman.nu P. S. Alla jobbar id\u00e9ellt, s\u00e5 vill [&hellip;]<\/p>\n","protected":false},"author":1,"featured_media":1603,"comment_status":"open","ping_status":"open","sticky":false,"template":"","format":"standard","meta":{"_acf_changed":false,"_relevanssi_hide_post":"","_relevanssi_hide_content":"","_relevanssi_pin_for_all":"","_relevanssi_pin_keywords":"","_relevanssi_unpin_keywords":"","_relevanssi_related_keywords":"","_relevanssi_related_include_ids":"","_relevanssi_related_exclude_ids":"","_relevanssi_related_no_append":"","_relevanssi_related_not_related":"","_relevanssi_related_posts":"","_relevanssi_noindex_reason":"Rank Math Uteslut fr\u00e5n Relevanssi index","_genesis_hide_title":false,"_genesis_hide_breadcrumbs":false,"_genesis_hide_singular_image":false,"_genesis_hide_footer_widgets":false,"_genesis_custom_body_class":"","_genesis_custom_post_class":"","_genesis_layout":"","_jetpack_memberships_contains_paid_content":false,"footnotes":""},"categories":[353,1],"tags":[352],"class_list":{"0":"post-1842","1":"post","2":"type-post","3":"status-publish","4":"format-standard","5":"has-post-thumbnail","7":"category-aldre-inlagg","8":"category-inlagg","9":"tag-aldre-inlagg","10":"entry"},"acf":[],"visa":null,"geo_latitude":null,"geo_longitude":null,"jetpack_featured_media_url":"https:\/\/www.fjardhundraland.se\/wp-content\/uploads\/2014\/01\/Skattmans\u00f6backen.jpg","featured_image_src":"https:\/\/www.fjardhundraland.se\/wp-content\/uploads\/2014\/01\/Skattmans\u00f6backen.jpg","featured_image_src_square":"https:\/\/www.fjardhundraland.se\/wp-content\/uploads\/2014\/01\/Skattmans\u00f6backen.jpg","author_info":{"display_name":"Mats Thorburn","author_link":"https:\/\/www.fjardhundraland.se\/de\/author\/matst\/"},"jetpack-related-posts":[{"id":2838,"url":"https:\/\/www.fjardhundraland.se\/de\/inlagg\/2015\/losningar-rebusrundan-2015\/","url_meta":{"origin":1842,"position":0},"title":"L\u00f6sungen Rebus-Runde 2015","author":"Mats Thorburn","date":"18 August 2015","format":false,"excerpt":"Knifflig? Immer noch verwundert? Hier sind alle L\u00f6sungen f\u00fcr die Rebus-Runde 2015.","rel":"","context":"In &quot;\u00c4ldre inl\u00e4gg&quot;","block_context":{"text":"\u00c4ldre inl\u00e4gg","link":"https:\/\/www.fjardhundraland.se\/de\/aldre-inlagg\/"},"img":{"alt_text":"","src":"","width":0,"height":0},"classes":[]},{"id":2858,"url":"https:\/\/www.fjardhundraland.se\/de\/inlagg\/2015\/vilka-ar-med-matmanniskor\/","url_meta":{"origin":1842,"position":1},"title":"Wer ist an Food &amp; People beteiligt?","author":"Mats Thorburn","date":"21 August 2015","format":false,"excerpt":"Jetzt ist klar, wer am 27. September 2015 bei Mat&amp;M\u00e4nniskor dabei sein wird - gro\u00dfe Vielfalt auf kleinem Raum! Hier ist die Liste. Caf\u00e9 Samt Domta-grisen Forsby kvarn caf\u00e9 Franz\u00e9ns charkuterier Fr\u00f6slunda ekok\u00f6tt Gula Stallet caf\u00e9 and shop Kromsta lantbod Kr\u00e5kvilan M\u00e4lby tr\u00e4dg\u00e5rd Pekoe ekologiskt te Refvelsta godsf\u00f6rvaltning Resta g\u00e5rd Skogsbackens ost Sunnansj\u00f6...","rel":"","context":"In &quot;\u00c4ldre inl\u00e4gg&quot;","block_context":{"text":"\u00c4ldre inl\u00e4gg","link":"https:\/\/www.fjardhundraland.se\/de\/aldre-inlagg\/"},"img":{"alt_text":"","src":"","width":0,"height":0},"classes":[]},{"id":942,"url":"https:\/\/www.fjardhundraland.se\/de\/inlagg\/2012\/pa-krigsstigen-i-fjardhundraland\/","url_meta":{"origin":1842,"position":2},"title":"Auf dem Kriegspfad in Fj\u00e4rdhundraland","author":"Mats Thorburn","date":"19 Mai 2012","format":false,"excerpt":"Am Samstag und Sonntag um 11 und 13 Uhr f\u00fchrt Sie G\u00f6ran Mellstr\u00f6m durch das Soldatendorf in Dunderbo (Wegbeschreibung). 10 bis 16 Uhr findet in Dunderbo au\u00dferdem ein Fr\u00fchlingsmarkt statt - danach k\u00f6nnen Sie eine der vielen Sehensw\u00fcrdigkeiten in Fj\u00e4rdhundraland besuchen. Sehen Sie sich die wei\u00dfen Anemonen in H\u00e5rsb\u00e4cksdalen an, am Samstag vielleicht kombiniert mit einem Besuch in Lagerl\u00f6fska...","rel":"","context":"In &quot;\u00c4ldre inl\u00e4gg&quot;","block_context":{"text":"\u00c4ldre inl\u00e4gg","link":"https:\/\/www.fjardhundraland.se\/de\/aldre-inlagg\/"},"img":{"alt_text":"Krigsstigen soldattorp","src":"https:\/\/i0.wp.com\/www.fjardhundraland.se\/wp-content\/uploads\/2012\/05\/krigsstigen-1024x682.jpg?resize=350%2C200&ssl=1","width":350,"height":200,"srcset":"https:\/\/i0.wp.com\/www.fjardhundraland.se\/wp-content\/uploads\/2012\/05\/krigsstigen-1024x682.jpg?resize=350%2C200&ssl=1 1x, https:\/\/i0.wp.com\/www.fjardhundraland.se\/wp-content\/uploads\/2012\/05\/krigsstigen-1024x682.jpg?resize=525%2C300&ssl=1 1.5x"},"classes":[]},{"id":4866,"url":"https:\/\/www.fjardhundraland.se\/de\/inlagg\/2018\/textila-spar-pa-antikmassan\/","url_meta":{"origin":1842,"position":3},"title":"Textile Spuren auf der Antiquit\u00e4tenmesse","author":"Ylva Fontell","date":"8 Februar 2018","format":false,"excerpt":"Auf der Antiquit\u00e4tenmesse in \u00c4lvsj\u00f6 vom 15. bis 18. Februar sollten Sie unbedingt die Ausstellung Textile Spuren besuchen, die vier Jahrzehnte umfasst, von den 1940er bis zu den 1970er Jahren. Alte Stoffe mit sch\u00f6nen Mustern sind ein wichtiger Teil der Ausstellung, aber die Besucher treffen auch Menschen, die typische Kleidung aus dieser Zeit tragen. Textile Traces ist eine Kreation von Margareta...","rel":"","context":"In &quot;\u00c4ldre inl\u00e4gg&quot;","block_context":{"text":"\u00c4ldre inl\u00e4gg","link":"https:\/\/www.fjardhundraland.se\/de\/aldre-inlagg\/"},"img":{"alt_text":"","src":"https:\/\/i0.wp.com\/www.fjardhundraland.se\/wp-content\/uploads\/2018\/02\/antikmassan-lata-pigan-tyg.jpg?resize=350%2C200&ssl=1","width":350,"height":200,"srcset":"https:\/\/i0.wp.com\/www.fjardhundraland.se\/wp-content\/uploads\/2018\/02\/antikmassan-lata-pigan-tyg.jpg?resize=350%2C200&ssl=1 1x, https:\/\/i0.wp.com\/www.fjardhundraland.se\/wp-content\/uploads\/2018\/02\/antikmassan-lata-pigan-tyg.jpg?resize=525%2C300&ssl=1 1.5x, https:\/\/i0.wp.com\/www.fjardhundraland.se\/wp-content\/uploads\/2018\/02\/antikmassan-lata-pigan-tyg.jpg?resize=700%2C400&ssl=1 2x, https:\/\/i0.wp.com\/www.fjardhundraland.se\/wp-content\/uploads\/2018\/02\/antikmassan-lata-pigan-tyg.jpg?resize=1050%2C600&ssl=1 3x, https:\/\/i0.wp.com\/www.fjardhundraland.se\/wp-content\/uploads\/2018\/02\/antikmassan-lata-pigan-tyg.jpg?resize=1400%2C800&ssl=1 4x"},"classes":[]},{"id":4863,"url":"https:\/\/www.fjardhundraland.se\/de\/inlagg\/2018\/ny-knutpunkt-narproducerad-mat\/","url_meta":{"origin":1842,"position":4},"title":"Neue Drehscheibe f\u00fcr lokal erzeugte Lebensmittel","author":"Ylva Fontell","date":"8 Februar 2018","format":false,"excerpt":"Der Eierstand von Landsberga ist seit mehreren Jahren die Anlaufstelle f\u00fcr alle, die Eier aus der Region m\u00f6gen. Im Juni wird die M\u00f6glichkeit, lokal produzierte Lebensmittel zu kaufen, erweitert, wenn Landsberga G\u00e5rdsbutik seine T\u00fcren \u00f6ffnet. Bislang ist der sch\u00f6ne Stall mit dem K-G\u00fctesiegel eine Baustelle, und es wird viel Arbeit, Wissen und Sorgfalt in die ...","rel":"","context":"In &quot;\u00c4ldre inl\u00e4gg&quot;","block_context":{"text":"\u00c4ldre inl\u00e4gg","link":"https:\/\/www.fjardhundraland.se\/de\/aldre-inlagg\/"},"img":{"alt_text":"","src":"","width":0,"height":0},"classes":[]},{"id":2950,"url":"https:\/\/www.fjardhundraland.se\/de\/inlagg\/2015\/sekelskiftesmarknad-pa-hostglod-i-fjardhundraland\/","url_meta":{"origin":1842,"position":5},"title":"Sekelskiftes-Markt in H\u00f6stgl\u00f6d in Fj\u00e4rdhundraland","author":"Mats Thorburn","date":"28 September 2015","format":false,"excerpt":"Am 10. und 11. Oktober l\u00e4dt Fj\u00e4rdhundraland Sie zu einem altmodischen Markt im Dorf Altuna ein. Sie werden Mitglieder von Fj\u00e4rdhundraland und eine Reihe von eingeladenen Ausstellern treffen, Musik h\u00f6ren und vieles mehr. Mehr Informationen finden Sie hier.","rel":"","context":"In &quot;\u00c4ldre inl\u00e4gg&quot;","block_context":{"text":"\u00c4ldre inl\u00e4gg","link":"https:\/\/www.fjardhundraland.se\/de\/aldre-inlagg\/"},"img":{"alt_text":"","src":"","width":0,"height":0},"classes":[]}],"jetpack_sharing_enabled":true,"_links":{"self":[{"href":"https:\/\/www.fjardhundraland.se\/de\/wp-json\/wp\/v2\/posts\/1842","targetHints":{"allow":["GET"]}}],"collection":[{"href":"https:\/\/www.fjardhundraland.se\/de\/wp-json\/wp\/v2\/posts"}],"about":[{"href":"https:\/\/www.fjardhundraland.se\/de\/wp-json\/wp\/v2\/types\/post"}],"author":[{"embeddable":true,"href":"https:\/\/www.fjardhundraland.se\/de\/wp-json\/wp\/v2\/users\/1"}],"replies":[{"embeddable":true,"href":"https:\/\/www.fjardhundraland.se\/de\/wp-json\/wp\/v2\/comments?post=1842"}],"version-history":[{"count":1,"href":"https:\/\/www.fjardhundraland.se\/de\/wp-json\/wp\/v2\/posts\/1842\/revisions"}],"predecessor-version":[{"id":19684,"href":"https:\/\/www.fjardhundraland.se\/de\/wp-json\/wp\/v2\/posts\/1842\/revisions\/19684"}],"wp:featuredmedia":[{"embeddable":true,"href":"https:\/\/www.fjardhundraland.se\/de\/wp-json\/wp\/v2\/media\/1603"}],"wp:attachment":[{"href":"https:\/\/www.fjardhundraland.se\/de\/wp-json\/wp\/v2\/media?parent=1842"}],"wp:term":[{"taxonomy":"category","embeddable":true,"href":"https:\/\/www.fjardhundraland.se\/de\/wp-json\/wp\/v2\/categories?post=1842"},{"taxonomy":"post_tag","embeddable":true,"href":"https:\/\/www.fjardhundraland.se\/de\/wp-json\/wp\/v2\/tags?post=1842"}],"curies":[{"name":"wp","href":"https:\/\/api.w.org\/{rel}","templated":true}]}}