
{"id":16581,"date":"2024-10-01T09:47:53","date_gmt":"2024-10-01T07:47:53","guid":{"rendered":"https:\/\/www.fjardhundraland.se\/?p=16581"},"modified":"2025-10-16T18:07:07","modified_gmt":"2025-10-16T16:07:07","slug":"kreativrunde-2024","status":"publish","type":"post","link":"https:\/\/www.fjardhundraland.se\/de\/kreativa-rundan\/2024\/kreativa-rundan-2024\/","title":{"rendered":"Kreatives Karussell 2025"},"content":{"rendered":"<p>Die Macher von Fj\u00e4rdhundraland laden Sie, Ihre Familie und Freunde zu einem Ausflug in die Welt der Kreativit\u00e4t ein! Sie werden die Gelegenheit haben, Werkst\u00e4tten zu besuchen und zu sehen, wie Objekte hergestellt werden, und mit einigen der Teilnehmer k\u00f6nnen Sie sich sogar selbst daran versuchen.\u00a0<\/p>\n\n\n\n<p>Die Kreativrunde 2024 findet am Samstag und Sonntag, 19. und 20. Oktober 10-16 statt.<\/p>\n\n\n\n<p> Lesen Sie mehr \u00fcber <a href=\"https:\/\/www.fjardhundraland.se\/de\/kreativa\/\">Kreative Runde hier<\/a>.<\/p>","protected":false},"excerpt":{"rendered":"<p>Die Macher von Fj\u00e4rdhundraland laden Sie, Ihre Familie und Freunde zu einem Ausflug in die Welt der Kreativit\u00e4t ein! Sie haben die M\u00f6glichkeit, Werkst\u00e4tten zu besuchen und zu sehen, wie Objekte hergestellt werden, und bei einigen Teilnehmern k\u00f6nnen Sie sich sogar selbst daran versuchen.  Die Kreativrunde 2024 findet am Samstag und Sonntag, 19. und 20. Oktober 10-16 Uhr statt. Mehr \u00fcber die Kreativrunde erfahren Sie hier.<\/p>","protected":false},"author":1,"featured_media":16578,"comment_status":"closed","ping_status":"closed","sticky":false,"template":"","format":"standard","meta":{"_acf_changed":false,"_relevanssi_hide_post":"","_relevanssi_hide_content":"","_relevanssi_pin_for_all":"","_relevanssi_pin_keywords":"","_relevanssi_unpin_keywords":"","_relevanssi_related_keywords":"","_relevanssi_related_include_ids":"","_relevanssi_related_exclude_ids":"","_relevanssi_related_no_append":"","_relevanssi_related_not_related":"","_relevanssi_related_posts":"16128,11478,10606,9569,10783,10366","_relevanssi_noindex_reason":"","_genesis_hide_title":false,"_genesis_hide_breadcrumbs":false,"_genesis_hide_singular_image":false,"_genesis_hide_footer_widgets":false,"_genesis_custom_body_class":"","_genesis_custom_post_class":"","_genesis_layout":"","_jetpack_memberships_contains_paid_content":false,"footnotes":""},"categories":[321],"tags":[],"class_list":{"0":"post-16581","1":"post","2":"type-post","3":"status-publish","4":"format-standard","5":"has-post-thumbnail","7":"category-kreativa-rundan","8":"entry"},"acf":[],"visa":null,"geo_latitude":null,"geo_longitude":null,"jetpack_featured_media_url":"https:\/\/www.fjardhundraland.se\/wp-content\/uploads\/2024\/09\/cropped-kreativa.jpg","featured_image_src":"https:\/\/www.fjardhundraland.se\/wp-content\/uploads\/2024\/09\/cropped-kreativa.jpg","featured_image_src_square":"https:\/\/www.fjardhundraland.se\/wp-content\/uploads\/2024\/09\/cropped-kreativa.jpg","author_info":{"display_name":"Mats Thorburn","author_link":"https:\/\/www.fjardhundraland.se\/de\/author\/matst\/"},"jetpack-related-posts":[{"id":19027,"url":"https:\/\/www.fjardhundraland.se\/de\/inlagg\/2025\/enkat-om-kreativa-rundan-2025\/","url_meta":{"origin":16581,"position":0},"title":"Umfrage zur Kreativrunde 2025","author":"Mats Thorburn","date":"23 Oktober 2025","format":false,"excerpt":"Haben Sie an der Kreativrunde teilgenommen? Wie hat es Ihnen gefallen? Bitte helfen Sie uns, indem Sie an unserer Umfrage teilnehmen. Sie finden die Umfrage hier!","rel":"","context":"In &quot;Inl\u00e4gg&quot;","block_context":{"text":"Inl\u00e4gg","link":"https:\/\/www.fjardhundraland.se\/de\/inlagg\/"},"img":{"alt_text":"Kreativa rundan","src":"https:\/\/i0.wp.com\/www.fjardhundraland.se\/wp-content\/uploads\/2025\/10\/kreativa.jpg?resize=350%2C200&ssl=1","width":350,"height":200,"srcset":"https:\/\/i0.wp.com\/www.fjardhundraland.se\/wp-content\/uploads\/2025\/10\/kreativa.jpg?resize=350%2C200&ssl=1 1x, https:\/\/i0.wp.com\/www.fjardhundraland.se\/wp-content\/uploads\/2025\/10\/kreativa.jpg?resize=525%2C300&ssl=1 1.5x, https:\/\/i0.wp.com\/www.fjardhundraland.se\/wp-content\/uploads\/2025\/10\/kreativa.jpg?resize=700%2C400&ssl=1 2x, https:\/\/i0.wp.com\/www.fjardhundraland.se\/wp-content\/uploads\/2025\/10\/kreativa.jpg?resize=1050%2C600&ssl=1 3x, https:\/\/i0.wp.com\/www.fjardhundraland.se\/wp-content\/uploads\/2025\/10\/kreativa.jpg?resize=1400%2C800&ssl=1 4x"},"classes":[]},{"id":13560,"url":"https:\/\/www.fjardhundraland.se\/de\/hantverk\/2023\/kreativarundan\/","url_meta":{"origin":16581,"position":1},"title":"Kreativrunde 2023","author":"Mats Thorburn","date":"18 September 2023","format":false,"excerpt":"Kreativrunde 14. Oktober 2023, ge\u00f6ffnet 11-17 Uhr Willkommen bei Fj\u00e4rdhundraland in den sch\u00f6nen Farben des Herbstes! Die Kreativen von Fj\u00e4rdhundraland laden Sie, Ihre Familie und Freunde zu einem Ausflug in die Welt der Kreativit\u00e4t ein!  Am Samstag, den 14. Oktober 2023 von 11 bis 17 Uhr gibt es kreative Begegnungen und zus\u00e4tzliche Er\u00f6ffnungen bei lokalen Kunsthandwerkern und kreativen Unternehmen.","rel":"","context":"In &quot;Hantverk&quot;","block_context":{"text":"Hantverk","link":"https:\/\/www.fjardhundraland.se\/de\/hantverk\/"},"img":{"alt_text":"","src":"https:\/\/i0.wp.com\/www.fjardhundraland.se\/wp-content\/uploads\/2023\/09\/headerkr.jpg?resize=350%2C200&ssl=1","width":350,"height":200,"srcset":"https:\/\/i0.wp.com\/www.fjardhundraland.se\/wp-content\/uploads\/2023\/09\/headerkr.jpg?resize=350%2C200&ssl=1 1x, https:\/\/i0.wp.com\/www.fjardhundraland.se\/wp-content\/uploads\/2023\/09\/headerkr.jpg?resize=525%2C300&ssl=1 1.5x, https:\/\/i0.wp.com\/www.fjardhundraland.se\/wp-content\/uploads\/2023\/09\/headerkr.jpg?resize=700%2C400&ssl=1 2x, https:\/\/i0.wp.com\/www.fjardhundraland.se\/wp-content\/uploads\/2023\/09\/headerkr.jpg?resize=1050%2C600&ssl=1 3x, https:\/\/i0.wp.com\/www.fjardhundraland.se\/wp-content\/uploads\/2023\/09\/headerkr.jpg?resize=1400%2C800&ssl=1 4x"},"classes":[]},{"id":3534,"url":"https:\/\/www.fjardhundraland.se\/de\/rebusrunda\/2016\/vinnare-rebusrundan-2016\/","url_meta":{"origin":16581,"position":2},"title":"Die Gewinner der Rebus-Runde 2016!","author":"Mats Thorburn","date":"21 August 2016","format":false,"excerpt":"Wow, was f\u00fcr ein Erfolg die Rebus-Runde in Fj\u00e4rdhundraland 2016 war! Die Zahl der Besucher ist im Vergleich zum letzten Jahr um 133% gestiegen. Der Rekord bei der Anzahl der gel\u00f6sten Rebusse wird von zwei Damen gehalten, die 37 von 40 m\u00f6glichen Punkten erreicht haben. Wir sind auch \u00fcberw\u00e4ltigt von all den positiven und anerkennenden Kommentaren unserer zahlreichen Besucher. Unser Weg der...","rel":"","context":"In &quot;Rebusrunda&quot;","block_context":{"text":"Rebusrunda","link":"https:\/\/www.fjardhundraland.se\/de\/rebusrunda\/"},"img":{"alt_text":"Rebusrundan 2016","src":"https:\/\/i0.wp.com\/www.fjardhundraland.se\/wp-content\/uploads\/2016\/07\/rebusrundan2016.jpg?resize=350%2C200&ssl=1","width":350,"height":200,"srcset":"https:\/\/i0.wp.com\/www.fjardhundraland.se\/wp-content\/uploads\/2016\/07\/rebusrundan2016.jpg?resize=350%2C200&ssl=1 1x, https:\/\/i0.wp.com\/www.fjardhundraland.se\/wp-content\/uploads\/2016\/07\/rebusrundan2016.jpg?resize=525%2C300&ssl=1 1.5x, https:\/\/i0.wp.com\/www.fjardhundraland.se\/wp-content\/uploads\/2016\/07\/rebusrundan2016.jpg?resize=700%2C400&ssl=1 2x, https:\/\/i0.wp.com\/www.fjardhundraland.se\/wp-content\/uploads\/2016\/07\/rebusrundan2016.jpg?resize=1050%2C600&ssl=1 3x, https:\/\/i0.wp.com\/www.fjardhundraland.se\/wp-content\/uploads\/2016\/07\/rebusrundan2016.jpg?resize=1400%2C800&ssl=1 4x"},"classes":[]},{"id":3458,"url":"https:\/\/www.fjardhundraland.se\/de\/rebusrunda\/2016\/rebusrundan-uppsala-2016\/","url_meta":{"origin":16581,"position":3},"title":"Rebus rund Uppsala","author":"Mats Thorburn","date":"1 August 2016","format":false,"excerpt":"Kommer du fr\u00e5n Uppsalah\u00e5llet? Det h\u00e4r \u00e4r v\u00e5rt f\u00f6rslag p\u00e5 en runda d\u00e4r du bes\u00f6ker tolv\u00a0sp\u00e4nnande st\u00e4llen, av de 40 som \u00e4r med i 2016 \u00e5rs Rebusrunda i Fj\u00e4rdhundraland. Ladda ner kartan h\u00e4r [pdf]. Rundan slingrar sig fram p\u00e5 sm\u00e5v\u00e4gar, genom sl\u00e4ttlandskap blandat med skog samt vackra dalg\u00e5ngar. Detta ger\u2026","rel":"","context":"In &quot;Rebusrunda&quot;","block_context":{"text":"Rebusrunda","link":"https:\/\/www.fjardhundraland.se\/de\/rebusrunda\/"},"img":{"alt_text":"Karta Rebusrundan Uppsala","src":"https:\/\/i0.wp.com\/www.fjardhundraland.se\/wp-content\/uploads\/2016\/08\/rebusrundan_uppsala_webb-1024x724.jpg?resize=350%2C200&ssl=1","width":350,"height":200,"srcset":"https:\/\/i0.wp.com\/www.fjardhundraland.se\/wp-content\/uploads\/2016\/08\/rebusrundan_uppsala_webb-1024x724.jpg?resize=350%2C200&ssl=1 1x, https:\/\/i0.wp.com\/www.fjardhundraland.se\/wp-content\/uploads\/2016\/08\/rebusrundan_uppsala_webb-1024x724.jpg?resize=525%2C300&ssl=1 1.5x, https:\/\/i0.wp.com\/www.fjardhundraland.se\/wp-content\/uploads\/2016\/08\/rebusrundan_uppsala_webb-1024x724.jpg?resize=700%2C400&ssl=1 2x"},"classes":[]},{"id":3443,"url":"https:\/\/www.fjardhundraland.se\/de\/rebusrunda\/2016\/rebusrundan-vasteras-2016\/","url_meta":{"origin":16581,"position":4},"title":"Rebus rund um V\u00e4ster\u00e5s","author":"Mats Thorburn","date":"1 August 2016","format":false,"excerpt":"\u00a0 H\u00e4r \u00e4r v\u00e5rt\u00a0f\u00f6rslag p\u00e5 en runda fr\u00e5n V\u00e4ster\u00e5s, d\u00e4r du bes\u00f6ker sexton av de 40 platser som \u00e4r med p\u00e5 Rebusrundan i Fj\u00e4rdhundraland. Ladda ner kartan h\u00e4r [pdf]. Rundan str\u00e4cker sig genom Fj\u00e4rdhundralands sl\u00e4ttlandskap blandat med skog samt vackra dalg\u00e5ngar. Detta ger dig m\u00e5nga fina naturupplevelser. F\u00f6retagen vid stoppen\u2026","rel":"","context":"In &quot;Rebusrunda&quot;","block_context":{"text":"Rebusrunda","link":"https:\/\/www.fjardhundraland.se\/de\/rebusrunda\/"},"img":{"alt_text":"Karta Rebusrundan V\u00e4ster\u00e5s","src":"https:\/\/i0.wp.com\/www.fjardhundraland.se\/wp-content\/uploads\/2016\/08\/rebusrundan_vasteras_webb-1024x724.jpg?resize=350%2C200&ssl=1","width":350,"height":200,"srcset":"https:\/\/i0.wp.com\/www.fjardhundraland.se\/wp-content\/uploads\/2016\/08\/rebusrundan_vasteras_webb-1024x724.jpg?resize=350%2C200&ssl=1 1x, https:\/\/i0.wp.com\/www.fjardhundraland.se\/wp-content\/uploads\/2016\/08\/rebusrundan_vasteras_webb-1024x724.jpg?resize=525%2C300&ssl=1 1.5x, https:\/\/i0.wp.com\/www.fjardhundraland.se\/wp-content\/uploads\/2016\/08\/rebusrundan_vasteras_webb-1024x724.jpg?resize=700%2C400&ssl=1 2x"},"classes":[]},{"id":3470,"url":"https:\/\/www.fjardhundraland.se\/de\/utflykt\/2016\/rebusrundan-salaheby-2016\/","url_meta":{"origin":16581,"position":5},"title":"Rebus-Kreisverkehr Sala\/Heby","author":"Mats Thorburn","date":"1 August 2016","format":false,"excerpt":"Det h\u00e4r \u00e4r v\u00e5rt f\u00f6rslag p\u00e5 en runda fr\u00e5n Sala eller Heby d\u00e4r du bes\u00f6ker femton\u00a0sp\u00e4nnande platser\u00a0av de 40 som \u00e4r med i 2016 \u00e5rs Rebusrunda i Fj\u00e4rdhundraland. Ladda ner kartan h\u00e4r\u00a0[pdf]. Rundan slingrar sig fram p\u00e5 sm\u00e5v\u00e4gar, genom sl\u00e4ttlandskap blandat med skog samt vackra dalg\u00e5ngar. Detta ger dig m\u00e5nga\u2026","rel":"","context":"In &quot;Utflykt&quot;","block_context":{"text":"Utflykt","link":"https:\/\/www.fjardhundraland.se\/de\/utflykt\/"},"img":{"alt_text":"Karta Rebusrundan Sala Heby","src":"https:\/\/i0.wp.com\/www.fjardhundraland.se\/wp-content\/uploads\/2016\/08\/rebusrundan_salaheby_webb-1024x724.jpg?resize=350%2C200&ssl=1","width":350,"height":200,"srcset":"https:\/\/i0.wp.com\/www.fjardhundraland.se\/wp-content\/uploads\/2016\/08\/rebusrundan_salaheby_webb-1024x724.jpg?resize=350%2C200&ssl=1 1x, https:\/\/i0.wp.com\/www.fjardhundraland.se\/wp-content\/uploads\/2016\/08\/rebusrundan_salaheby_webb-1024x724.jpg?resize=525%2C300&ssl=1 1.5x, https:\/\/i0.wp.com\/www.fjardhundraland.se\/wp-content\/uploads\/2016\/08\/rebusrundan_salaheby_webb-1024x724.jpg?resize=700%2C400&ssl=1 2x"},"classes":[]}],"jetpack_sharing_enabled":true,"_links":{"self":[{"href":"https:\/\/www.fjardhundraland.se\/de\/wp-json\/wp\/v2\/posts\/16581","targetHints":{"allow":["GET"]}}],"collection":[{"href":"https:\/\/www.fjardhundraland.se\/de\/wp-json\/wp\/v2\/posts"}],"about":[{"href":"https:\/\/www.fjardhundraland.se\/de\/wp-json\/wp\/v2\/types\/post"}],"author":[{"embeddable":true,"href":"https:\/\/www.fjardhundraland.se\/de\/wp-json\/wp\/v2\/users\/1"}],"replies":[{"embeddable":true,"href":"https:\/\/www.fjardhundraland.se\/de\/wp-json\/wp\/v2\/comments?post=16581"}],"version-history":[{"count":5,"href":"https:\/\/www.fjardhundraland.se\/de\/wp-json\/wp\/v2\/posts\/16581\/revisions"}],"predecessor-version":[{"id":19001,"href":"https:\/\/www.fjardhundraland.se\/de\/wp-json\/wp\/v2\/posts\/16581\/revisions\/19001"}],"wp:featuredmedia":[{"embeddable":true,"href":"https:\/\/www.fjardhundraland.se\/de\/wp-json\/wp\/v2\/media\/16578"}],"wp:attachment":[{"href":"https:\/\/www.fjardhundraland.se\/de\/wp-json\/wp\/v2\/media?parent=16581"}],"wp:term":[{"taxonomy":"category","embeddable":true,"href":"https:\/\/www.fjardhundraland.se\/de\/wp-json\/wp\/v2\/categories?post=16581"},{"taxonomy":"post_tag","embeddable":true,"href":"https:\/\/www.fjardhundraland.se\/de\/wp-json\/wp\/v2\/tags?post=16581"}],"curies":[{"name":"wp","href":"https:\/\/api.w.org\/{rel}","templated":true}]}}