
{"id":1485,"date":"2013-11-22T08:42:06","date_gmt":"2013-11-22T07:42:06","guid":{"rendered":"http:\/\/www.fjardhundraland.se\/?p=1485"},"modified":"2026-02-05T13:41:10","modified_gmt":"2026-02-05T12:41:10","slug":"advent-in-der-galerie-lundellska","status":"publish","type":"post","link":"https:\/\/www.fjardhundraland.se\/de\/externt\/2013\/adventstider-hos-lundellska-galleriet\/","title":{"rendered":"Adventszeit in der Galerie Lundellska"},"content":{"rendered":"<p><a href=\"https:\/\/www.fjardhundraland.se\/wp-content\/uploads\/2013\/11\/hand_ljusstake.jpg\"><img decoding=\"async\" class=\"alignleft size-medium wp-image-1487\" alt=\"Kerzenleuchter Gunilla Lundell\" src=\"https:\/\/www.fjardhundraland.se\/wp-content\/uploads\/2013\/11\/hand_ljusstake-300x225.jpg\" width=\"300\" height=\"225\" title=\"\"><\/a>Die Lundellska-Galerie in Kokkola ist am ersten und zweiten Adventswochenende ge\u00f6ffnet und l\u00e4dt zu Weihnachtseink\u00e4ufen in einer ruhigen und harmonischen Umgebung ein. Hier finden Sie Kunst und Keramik von Gunilla Lundell, und lokale Lebensmittelhersteller bieten Marmelade, K\u00e4se, Brot, Senf und Marmelade an.<\/p>\n<p>Willkommen im Programm!<\/p>\n<p>Ge\u00f6ffnet Samstag und Sonntag 12-17 Uhr (30\/11-1\/12 und 7-8\/12)<\/p>\n<p>Die Lundelska-Galerie befindet sich an der RV 70 gleich westlich der Simtuna-Kirche.<\/p>","protected":false},"excerpt":{"rendered":"<p>Lundellska galleriet i Karleby har \u00f6ppet b\u00e5de f\u00f6rsta och andra adventshelgen och inbjuder till julhandling i lugn och harmonisk milj\u00f6. D\u00e4r hittar du konst och keramik av Gunilla Lundell och traktens mathantverkare erbjuder marmelad, ost, br\u00f6d, senap och sylt. V\u00e4lkommen! \u00d6ppet l\u00f6rdag och s\u00f6ndag 12\u201317\u00a0(30\/11\u20131\/12 och 7\u20138\/12) Lundelska galleriet ligger vid RV 70 strax v\u00e4ster [&hellip;]<\/p>\n","protected":false},"author":4,"featured_media":0,"comment_status":"open","ping_status":"open","sticky":false,"template":"","format":"standard","meta":{"_acf_changed":false,"_relevanssi_hide_post":"","_relevanssi_hide_content":"","_relevanssi_pin_for_all":"","_relevanssi_pin_keywords":"","_relevanssi_unpin_keywords":"","_relevanssi_related_keywords":"","_relevanssi_related_include_ids":"","_relevanssi_related_exclude_ids":"","_relevanssi_related_no_append":"","_relevanssi_related_not_related":"","_relevanssi_related_posts":"","_relevanssi_noindex_reason":"Rank Math Uteslut fr\u00e5n Relevanssi index","_genesis_hide_title":false,"_genesis_hide_breadcrumbs":false,"_genesis_hide_singular_image":false,"_genesis_hide_footer_widgets":false,"_genesis_custom_body_class":"","_genesis_custom_post_class":"","_genesis_layout":"","_jetpack_memberships_contains_paid_content":false,"footnotes":""},"categories":[353,18],"tags":[352],"class_list":{"0":"post-1485","1":"post","2":"type-post","3":"status-publish","4":"format-standard","6":"category-aldre-inlagg","7":"category-externt","8":"tag-aldre-inlagg","9":"entry"},"acf":[],"visa":null,"geo_latitude":null,"geo_longitude":null,"jetpack_featured_media_url":"","featured_image_src":null,"featured_image_src_square":null,"author_info":{"display_name":"Ylva Fontell","author_link":"https:\/\/www.fjardhundraland.se\/de\/author\/ylva\/"},"jetpack-related-posts":[{"id":419,"url":"https:\/\/www.fjardhundraland.se\/de\/externt\/2011\/konst-och-tradgardskonst-i-karleby\/","url_meta":{"origin":1485,"position":0},"title":"Kunst und Gartenarbeit in Kokkola","author":"Mats Thorburn","date":"8 Juli 2011","format":false,"excerpt":"Sommerausflug an einem Sommerwochenende. Wohin sollten Sie gehen? - In der Lundellska-Galerie k\u00f6nnen Sie Kaffee mit Kunst kombinieren - und sich dabei Anregungen f\u00fcr Ihren Garten holen. Die Galerie Lundellska wird von der K\u00fcnstlerin Gunnilla Lundell betrieben und befindet sich in Kokkola, n\u00f6rdlich von Fj\u00e4rdhundra an der Stra\u00dfe 70 zwischen Enk\u00f6ping und Sala. Nutzen Sie die Gelegenheit, um...","rel":"","context":"In &quot;\u00c4ldre inl\u00e4gg&quot;","block_context":{"text":"\u00c4ldre inl\u00e4gg","link":"https:\/\/www.fjardhundraland.se\/de\/aldre-inlagg\/"},"img":{"alt_text":"","src":"https:\/\/i0.wp.com\/www.fjardhundraland.se\/wp-content\/uploads\/2011\/07\/lundellska1.jpg?resize=350%2C200&ssl=1","width":350,"height":200,"srcset":"https:\/\/i0.wp.com\/www.fjardhundraland.se\/wp-content\/uploads\/2011\/07\/lundellska1.jpg?resize=350%2C200&ssl=1 1x, https:\/\/i0.wp.com\/www.fjardhundraland.se\/wp-content\/uploads\/2011\/07\/lundellska1.jpg?resize=525%2C300&ssl=1 1.5x"},"classes":[]},{"id":1444,"url":"https:\/\/www.fjardhundraland.se\/de\/externt\/2013\/fjardhundralands-hostglod\/","url_meta":{"origin":1485,"position":1},"title":"Fj\u00e4rdhundralands Herbstgl\u00fchen","author":"Ylva Fontell","date":"30 September 2013","format":false,"excerpt":"Am Sonntag, dem 13. Oktober, sind Sie zu einem farbenfrohen Herbstumzug in der Lundellska Galerie in Simtuna eingeladen. Sie k\u00f6nnen regionale Produkte einkaufen, sich im Gew\u00e4chshaus beraten und massieren lassen, eine Pilzausstellung mit der Pilzberaterin Eva Allestedt besuchen oder sich Tipps zu den besten Apfelsorten holen. Es gibt Musik und die Gartenexpertin Lena M\u00e5nsson wird \u00fcber Blumenzwiebeln sprechen. Nehmen Sie ...","rel":"","context":"In &quot;\u00c4ldre inl\u00e4gg&quot;","block_context":{"text":"\u00c4ldre inl\u00e4gg","link":"https:\/\/www.fjardhundraland.se\/de\/aldre-inlagg\/"},"img":{"alt_text":"","src":"","width":0,"height":0},"classes":[]},{"id":858,"url":"https:\/\/www.fjardhundraland.se\/de\/gardsbutiker\/2023\/pask-i-fjardhundraland\/","url_meta":{"origin":1485,"position":2},"title":"Ostern in Fj\u00e4rdhundraland","author":"Mats Thorburn","date":"2 April 2023","format":false,"excerpt":"Ostern bedeutet Ausgehen! \u00dcberall in Fj\u00e4rdhundraland beginnen die Hofl\u00e4den, Caf\u00e9s und G\u00e4rtnereien mit der Vorbereitung auf die Sommersaison. Machen Sie einen Spaziergang zwischen Leckereien und Sehensw\u00fcrdigkeiten. Caf\u00e9 Forsby Mill. Ostertag zwischen 12-16 Uhr: Besichtigung des neuen Caf\u00e9s in der M\u00fchle von Forsby. Tischler TB Lindblom zeigt das Geb\u00e4ude. Goldener Brunnen. Ostertage Freitag-Montag.","rel":"","context":"In &quot;\u00c4ldre inl\u00e4gg&quot;","block_context":{"text":"\u00c4ldre inl\u00e4gg","link":"https:\/\/www.fjardhundraland.se\/de\/aldre-inlagg\/"},"img":{"alt_text":"","src":"https:\/\/i0.wp.com\/www.fjardhundraland.se\/wp-content\/uploads\/2021\/04\/pask-i-fjardhundraland-tupp-och-hona.jpg?resize=350%2C200&ssl=1","width":350,"height":200,"srcset":"https:\/\/i0.wp.com\/www.fjardhundraland.se\/wp-content\/uploads\/2021\/04\/pask-i-fjardhundraland-tupp-och-hona.jpg?resize=350%2C200&ssl=1 1x, https:\/\/i0.wp.com\/www.fjardhundraland.se\/wp-content\/uploads\/2021\/04\/pask-i-fjardhundraland-tupp-och-hona.jpg?resize=525%2C300&ssl=1 1.5x, https:\/\/i0.wp.com\/www.fjardhundraland.se\/wp-content\/uploads\/2021\/04\/pask-i-fjardhundraland-tupp-och-hona.jpg?resize=700%2C400&ssl=1 2x, https:\/\/i0.wp.com\/www.fjardhundraland.se\/wp-content\/uploads\/2021\/04\/pask-i-fjardhundraland-tupp-och-hona.jpg?resize=1050%2C600&ssl=1 3x, https:\/\/i0.wp.com\/www.fjardhundraland.se\/wp-content\/uploads\/2021\/04\/pask-i-fjardhundraland-tupp-och-hona.jpg?resize=1400%2C800&ssl=1 4x"},"classes":[]},{"id":1259,"url":"https:\/\/www.fjardhundraland.se\/de\/hantverk\/2013\/paskgott-och-paskoppet\/","url_meta":{"origin":1485,"position":3},"title":"Osterleckereien und Tage der offenen T\u00fcr zu Ostern","author":"Mats Thorburn","date":"30 M\u00e4rz 2013","format":false,"excerpt":"Einige Orte in Fj\u00e4rdhundraland, die man an Ostern besuchen sollte: Gyllene brunnen Dunderbo ljus och hantverk Forsby kvarn kaf\u00e9 Lundellska galleriet Farmor Elsas g\u00e5rdsbageri Kr\u00e5kvilan bageri DOMTA-grisen H\u00e4rnevi plantskola \u00a0","rel":"","context":"In &quot;\u00c4ldre inl\u00e4gg&quot;","block_context":{"text":"\u00c4ldre inl\u00e4gg","link":"https:\/\/www.fjardhundraland.se\/de\/aldre-inlagg\/"},"img":{"alt_text":"","src":"","width":0,"height":0},"classes":[]},{"id":1206,"url":"https:\/\/www.fjardhundraland.se\/de\/hantverk\/2012\/oppet-hus-18-november\/","url_meta":{"origin":1485,"position":4},"title":"Tag der offenen T\u00fcr am 18. November","author":"Ylva Fontell","date":"4 November 2012","format":false,"excerpt":"Am Sonntag, den 18. November, erhalten Sie einen Einblick in das, was Fj\u00e4rdhundraland zu bieten hat. Der Verein stellt sich vor, viele Mitglieder erz\u00e4hlen von ihren Aktivit\u00e4ten\/verkaufen ihre Produkte, Sie k\u00f6nnen essen und Kaffee aus lokaler Produktion trinken und Filme oder Kindertheater sehen. Herzlich willkommen zu einem spannenden Abend in der Herbstdunkelheit! Die G\u00e4rtnerei H\u00e4rnevi ist vor Ort ...","rel":"","context":"In &quot;\u00c4ldre inl\u00e4gg&quot;","block_context":{"text":"\u00c4ldre inl\u00e4gg","link":"https:\/\/www.fjardhundraland.se\/de\/aldre-inlagg\/"},"img":{"alt_text":"","src":"","width":0,"height":0},"classes":[]},{"id":2196,"url":"https:\/\/www.fjardhundraland.se\/de\/gardsbutiker\/2014\/paskens-utflykter\/","url_meta":{"origin":1485,"position":5},"title":"Ausfl\u00fcge zu Ostern","author":"Ylva Fontell","date":"9 April 2014","format":false,"excerpt":"Es ist sch\u00f6n, ein paar Tage frei zu haben, dann ist es Zeit f\u00fcr einen Ausflug aufs Land! In Fj\u00e4rdhundraland gibt es viel zu tun: Eier und regionale Produkte einkaufen, Kunst betrachten oder essen und einen guten Kaffee trinken. Es bleibt auch Zeit f\u00fcr einen Besuch in der Touristeninformation von Fj\u00e4rdhundraland oder im nostalgischsten Autohaus der Welt! Und vieles mehr... Herzlich willkommen...","rel":"","context":"In &quot;\u00c4ldre inl\u00e4gg&quot;","block_context":{"text":"\u00c4ldre inl\u00e4gg","link":"https:\/\/www.fjardhundraland.se\/de\/aldre-inlagg\/"},"img":{"alt_text":"","src":"https:\/\/i0.wp.com\/www.fjardhundraland.se\/wp-content\/uploads\/2014\/04\/pasktupp-1.jpg?resize=350%2C200&ssl=1","width":350,"height":200,"srcset":"https:\/\/i0.wp.com\/www.fjardhundraland.se\/wp-content\/uploads\/2014\/04\/pasktupp-1.jpg?resize=350%2C200&ssl=1 1x, https:\/\/i0.wp.com\/www.fjardhundraland.se\/wp-content\/uploads\/2014\/04\/pasktupp-1.jpg?resize=525%2C300&ssl=1 1.5x, https:\/\/i0.wp.com\/www.fjardhundraland.se\/wp-content\/uploads\/2014\/04\/pasktupp-1.jpg?resize=700%2C400&ssl=1 2x, https:\/\/i0.wp.com\/www.fjardhundraland.se\/wp-content\/uploads\/2014\/04\/pasktupp-1.jpg?resize=1050%2C600&ssl=1 3x, https:\/\/i0.wp.com\/www.fjardhundraland.se\/wp-content\/uploads\/2014\/04\/pasktupp-1.jpg?resize=1400%2C800&ssl=1 4x"},"classes":[]}],"jetpack_sharing_enabled":true,"_links":{"self":[{"href":"https:\/\/www.fjardhundraland.se\/de\/wp-json\/wp\/v2\/posts\/1485","targetHints":{"allow":["GET"]}}],"collection":[{"href":"https:\/\/www.fjardhundraland.se\/de\/wp-json\/wp\/v2\/posts"}],"about":[{"href":"https:\/\/www.fjardhundraland.se\/de\/wp-json\/wp\/v2\/types\/post"}],"author":[{"embeddable":true,"href":"https:\/\/www.fjardhundraland.se\/de\/wp-json\/wp\/v2\/users\/4"}],"replies":[{"embeddable":true,"href":"https:\/\/www.fjardhundraland.se\/de\/wp-json\/wp\/v2\/comments?post=1485"}],"version-history":[{"count":1,"href":"https:\/\/www.fjardhundraland.se\/de\/wp-json\/wp\/v2\/posts\/1485\/revisions"}],"predecessor-version":[{"id":19685,"href":"https:\/\/www.fjardhundraland.se\/de\/wp-json\/wp\/v2\/posts\/1485\/revisions\/19685"}],"wp:attachment":[{"href":"https:\/\/www.fjardhundraland.se\/de\/wp-json\/wp\/v2\/media?parent=1485"}],"wp:term":[{"taxonomy":"category","embeddable":true,"href":"https:\/\/www.fjardhundraland.se\/de\/wp-json\/wp\/v2\/categories?post=1485"},{"taxonomy":"post_tag","embeddable":true,"href":"https:\/\/www.fjardhundraland.se\/de\/wp-json\/wp\/v2\/tags?post=1485"}],"curies":[{"name":"wp","href":"https:\/\/api.w.org\/{rel}","templated":true}]}}