
{"id":1354,"date":"2013-06-14T23:37:06","date_gmt":"2013-06-14T21:37:06","guid":{"rendered":"http:\/\/www.fjardhundraland.se\/?p=1354"},"modified":"2026-02-05T13:41:10","modified_gmt":"2026-02-05T12:41:10","slug":"hochsommer-in-fjardhundraland-2013","status":"publish","type":"post","link":"https:\/\/www.fjardhundraland.se\/de\/utflykt\/2013\/midsommar-i-fjardhundraland-2013\/","title":{"rendered":"Mittsommer in Fj\u00e4rdhundraland 2013 - H\u00e4rkeberga, H\u00e4rled, Altuna und Fr\u00f6sthult"},"content":{"rendered":"<p>Jetzt schreiben wir das Jahr 2014. <a title=\"Mittsommer in Fj\u00e4rdhundraland 2014\" href=\"https:\/\/www.fjardhundraland.se\/de\/2014\/06\/mittsommer-fjardhundraland-2014\/\">Lesen Sie hier \u00fcber Midsummer 2014<\/a>!<\/p>\n<p><img decoding=\"async\" class=\"alignleft size-large wp-image-1372\" src=\"https:\/\/www.fjardhundraland.se\/wp-content\/uploads\/2013\/06\/mids-1-630x419.jpg\" alt=\"Mittsommer\" width=\"630\" height=\"419\" title=\"\"><\/p>\n<h2>Mittsommerfest im H\u00e4rledg\u00e5rden, Torstuna<\/h2>\n<p>13.30 Mittsommerfest in H\u00e4rled. Organisatoren 2013 K\u00e4llinge, Ekeby, Str\u00f6msta, Nydala. Tanz um die Stange, Unterhaltung, Volkstanz mit Enk\u00f6pings Folkdansgille, Kaffeeservice, Verlosungen. Veranstalter: Torstuna Hembygdsf\u00f6rening, Ort: H\u00e4rledg\u00e5rden.<br \/>\nE-Mail: <a href=\"mailto:katarina.wall@telia.com\" target=\"_blank\">katarina.wall@telia.com<\/a><br \/>\n<a title=\"Verein f\u00fcr Ortsgeschichte Torstuna\" href=\"https:\/\/www.hembygd.se\/uppland\/torstuna\" target=\"_blank\" rel=\"noopener\">Website<\/a><\/p>\n<h2>Mittsommer in H\u00e4rkeberga<\/h2>\n<p>Willkommen zu einem kulturellen und traditionellen Mittsommerfest in H\u00e4rkeberga am Kaplansg\u00e5rden. Der Mittsommerpfahl wird um 13.00 Uhr aufgestellt. Die Folkdansgille von Enk\u00f6ping beginnt dann mit einer Volkstanzvorf\u00fchrung. Tanz und Spiel um den Mittsommerpfahl. Musik von Tr\u00f6gds spelmanslag. Tipp-Wanderung, Spiele, Besichtigung des Museums im Kaplansg\u00e5rden. Kaffeeservice in der Lodge, W\u00fcrstchen und Eiscreme. Bei Fragen wenden Sie sich an Sophia Lindgren 0707-891585 alt.0171-414131<br \/>\nVeranstalter: H\u00e4rkeberga Gille, Ort: H\u00e4rkeberga Kaplansg\u00e5rden<br \/>\nE-Mail:\u00a0<a href=\"mailto:sophia_lindgren@hotmail.com\">sophia_lindgren@hotmail.com<\/a>\u00a0Tel: 0171-414131<br \/>\nWebsite:\u00a0<a href=\"https:\/\/www.hembygd.se\/harkeberga\" target=\"_blank\" rel=\"noopener\">https:\/\/www.hembygd.se\/harkeberga<\/a><\/p>\n<h2>Mittsommerfest in Altuna<\/h2>\n<p>Mittsommerfest in Altuna hembygdsg\u00e5rd um 14.00 Uhr. Tanz um den Mittsommerpfahl, Tipp-Walk, Lotterie und Ringspiele Treffen Sie Micke, den Zauberer. Kaffee und Saft mit selbstgebackenem Brot, Fischteich, Erraten des Gewichts eines Kaninchens usw.<\/p>\n<p>Willkommen im Programm!\u00a0<a title=\"Verein f\u00fcr Ortsgeschichte Altuna\" href=\"https:\/\/www.hembygd.se\/altuna-hembygdsforening\/\" target=\"_blank\" rel=\"noopener\">Lesen Sie mehr.<\/a><\/p>\n<h2>Mittsommerfeiern in Fr\u00f6sthult<\/h2>\n<p>Traditionelle Mittsommerfeier um 13.30 Uhr auf Fr\u00f6sthults Bygdeg\u00e5rd. Bringen Sie Blumen und Bl\u00e4tter f\u00fcr den Mittsommerpfahl, Freunde zum Genie\u00dfen und einen Kaffeekorb zum Genie\u00dfen im gr\u00fcnen Gras mit. Wir tanzen um den Mittsommerpfahl, machen einen Quizspaziergang und kaufen Lotterielose. Sie k\u00f6nnen gerne Ihr eigenes Fahrzeug zur Mittsommerfeier mitbringen. Bei schlechtem Wetter findet die Feier stattdessen drinnen statt.<br \/>\nVeranstalter: F\u00f6reningen Fr\u00f6sthults Bygdeg\u00e5rd, Ort: Fr\u00f6sthults Bygdeg\u00e5rd<br \/>\nE-Mail: <a href=\"mailto:o.englund@hotmail.com\" target=\"_blank\">o.englund@hotmail.com<\/a> Tel: 070-265 65 59<br \/>\nWebsite: <a title=\"Gemeindehaus F\u00f6rsthult\" href=\"https:\/\/www.frosthult.se\" target=\"_blank\" rel=\"noopener\">https:\/\/www.frosthult.se\/<\/a><\/p>\n<p>&nbsp;<\/p>","protected":false},"excerpt":{"rendered":"<p>Nu \u00e4r det 2014 \u2013 l\u00e4s om midsommar 2014 h\u00e4r! Midsommarfest p\u00e5 H\u00e4rledg\u00e5rden, Torstuna Kl 13.30 Midsommarfest p\u00e5 H\u00e4rled. Arrang\u00f6rer 2013 K\u00e4llinge, Ekeby, Str\u00f6msta, Nydala. Dans kring st\u00e5ngen, underh\u00e5llning, folkdans med Enk\u00f6pings Folkdansgille, kaffeservering, lotterier. Arrang\u00f6r: Torstuna Hembygdsf\u00f6rening, Plats: H\u00e4rledg\u00e5rden. E-post: katarina.wall@telia.com Hemsida Midsommar\u00a0i H\u00e4rkeberga V\u00e4lkommen att fira ett kulturellt och traditionellt midsommarfirande i H\u00e4rkeberga [&hellip;]<\/p>\n","protected":false},"author":1,"featured_media":374,"comment_status":"open","ping_status":"open","sticky":false,"template":"","format":"standard","meta":{"_acf_changed":false,"_relevanssi_hide_post":"","_relevanssi_hide_content":"","_relevanssi_pin_for_all":"","_relevanssi_pin_keywords":"","_relevanssi_unpin_keywords":"","_relevanssi_related_keywords":"","_relevanssi_related_include_ids":"","_relevanssi_related_exclude_ids":"","_relevanssi_related_no_append":"","_relevanssi_related_not_related":"","_relevanssi_related_posts":"","_relevanssi_noindex_reason":"Rank Math Uteslut fr\u00e5n Relevanssi index","_genesis_hide_title":false,"_genesis_hide_breadcrumbs":false,"_genesis_hide_singular_image":false,"_genesis_hide_footer_widgets":false,"_genesis_custom_body_class":"","_genesis_custom_post_class":"","_genesis_layout":"","_jetpack_memberships_contains_paid_content":false,"footnotes":""},"categories":[353,87],"tags":[352,29,90,31,32,33,91],"class_list":{"0":"post-1354","1":"post","2":"type-post","3":"status-publish","4":"format-standard","5":"has-post-thumbnail","7":"category-aldre-inlagg","8":"category-utflykt","9":"tag-aldre-inlagg","10":"tag-altuna","11":"tag-frosthult","12":"tag-harkeberga","13":"tag-harledgarden","14":"tag-midsommar","15":"tag-torstuna","16":"entry"},"acf":[],"visa":null,"geo_latitude":null,"geo_longitude":null,"jetpack_featured_media_url":"","featured_image_src":null,"featured_image_src_square":null,"author_info":{"display_name":"Mats Thorburn","author_link":"https:\/\/www.fjardhundraland.se\/de\/author\/matst\/"},"jetpack-related-posts":[{"id":1023,"url":"https:\/\/www.fjardhundraland.se\/de\/externt\/2012\/midsommar-2012-harkeberga-harled-altuna-och-frosthult\/","url_meta":{"origin":1354,"position":0},"title":"Mittsommer 2012 in H\u00e4rkeberga, H\u00e4rled, Altuna und Fr\u00f6sthult","author":"Mats Thorburn","date":"19 Juni 2012","format":false,"excerpt":"Mittsommer 2014: hier klicken! Feiern Sie Mittsommer im sch\u00f6nen Fj\u00e4rdhundraland! Mittsommerabend in Altuna, H\u00e4rledg\u00e5rden, H\u00e4rkeberga und Fr\u00f6sthult Altuna hembygdsg\u00e5rd. 13:30. Mittsommerfest in Altuna hembygdsg\u00e5rd. Tanz um den Mittsommerpfahl, Quizwanderung und Verlosung. Kaffee und selbstgebackenes Brot. Willkommen zum Fest! Fr\u00f6sthults Bygdeg\u00e5rd. Um 13.30 Uhr. Mittsommerfest. Bringen Sie Blumen und Bl\u00e4tter f\u00fcr den Mittsommerpfahl, Freunde zum Genie\u00dfen und einen Kaffeekorb mit.","rel":"","context":"In &quot;\u00c4ldre inl\u00e4gg&quot;","block_context":{"text":"\u00c4ldre inl\u00e4gg","link":"https:\/\/www.fjardhundraland.se\/de\/aldre-inlagg\/"},"img":{"alt_text":"","src":"https:\/\/i0.wp.com\/www.fjardhundraland.se\/wp-content\/uploads\/2011\/06\/MG_6913-1024x682.jpg?resize=350%2C200&ssl=1","width":350,"height":200,"srcset":"https:\/\/i0.wp.com\/www.fjardhundraland.se\/wp-content\/uploads\/2011\/06\/MG_6913-1024x682.jpg?resize=350%2C200&ssl=1 1x, https:\/\/i0.wp.com\/www.fjardhundraland.se\/wp-content\/uploads\/2011\/06\/MG_6913-1024x682.jpg?resize=525%2C300&ssl=1 1.5x"},"classes":[]},{"id":2677,"url":"https:\/\/www.fjardhundraland.se\/de\/inlagg\/2015\/midsommar-i-fjardhundraland-2015\/","url_meta":{"origin":1354,"position":1},"title":"Mittsommer in Fj\u00e4rdhundraland 2015","author":"","date":"10 Juni 2015","format":false,"excerpt":"Nat\u00fcrlich sind wir der Meinung, dass Mittsommer auf dem Lande gefeiert werden sollte. Und dann passt es gut zu der Landschaft, die so nah an Enk\u00f6ping sowie V\u00e4ster\u00e5s, Sala, Uppsala und Stockholm liegt. Willkommen zu einem Mittsommerausflug! Hier k\u00f6nnen Sie sehen, welche Mittsommerfeiern 2015 in Fj\u00e4rdhundraland stattfinden: Mittsommerfest auf dem H\u00e4rledg\u00e5rden in Torstuna. Tanzen um den Pfahl in...","rel":"","context":"In &quot;\u00c4ldre inl\u00e4gg&quot;","block_context":{"text":"\u00c4ldre inl\u00e4gg","link":"https:\/\/www.fjardhundraland.se\/de\/aldre-inlagg\/"},"img":{"alt_text":"Folkdanslag p\u00e5 H\u00e4rledg\u00e5rden p\u00e5 midsommar","src":"https:\/\/i0.wp.com\/www.fjardhundraland.se\/wp-content\/uploads\/2012\/05\/H%C3%A4rledg%C3%A5rden.jpg?resize=350%2C200&ssl=1","width":350,"height":200,"srcset":"https:\/\/i0.wp.com\/www.fjardhundraland.se\/wp-content\/uploads\/2012\/05\/H%C3%A4rledg%C3%A5rden.jpg?resize=350%2C200&ssl=1 1x, https:\/\/i0.wp.com\/www.fjardhundraland.se\/wp-content\/uploads\/2012\/05\/H%C3%A4rledg%C3%A5rden.jpg?resize=525%2C300&ssl=1 1.5x, https:\/\/i0.wp.com\/www.fjardhundraland.se\/wp-content\/uploads\/2012\/05\/H%C3%A4rledg%C3%A5rden.jpg?resize=700%2C400&ssl=1 2x, https:\/\/i0.wp.com\/www.fjardhundraland.se\/wp-content\/uploads\/2012\/05\/H%C3%A4rledg%C3%A5rden.jpg?resize=1050%2C600&ssl=1 3x, https:\/\/i0.wp.com\/www.fjardhundraland.se\/wp-content\/uploads\/2012\/05\/H%C3%A4rledg%C3%A5rden.jpg?resize=1400%2C800&ssl=1 4x"},"classes":[]},{"id":2376,"url":"https:\/\/www.fjardhundraland.se\/de\/inlagg\/2014\/midsommar-fjardhundraland-2014\/","url_meta":{"origin":1354,"position":2},"title":"Mittsommer in Fj\u00e4rdhundraland 2014","author":"Mats Thorburn","date":"5 Juni 2014","format":false,"excerpt":"Feiern Sie Mittsommer im sch\u00f6nen Fj\u00e4rdhundraland - in H\u00e4rkeberga, H\u00e4rledg\u00e5rden, Altuna, Biskopskulla und in Fr\u00f6sthult. Machen Sie einen Mittsommerausflug von Enk\u00f6ping, V\u00e4ster\u00e5s, Sala oder Uppsala - ein perfekter Mittsommer auf dem Land! Mittsommerfest um 13:30 Uhr im H\u00e4rledg\u00e5rden. Tanzen um den Pfahl. Unterhaltung. Volkst\u00e4nze. Kaffee-Bedienung. Freier Eintritt. Veranstalter: Torstuna Hembygdsf\u00f6rening Tel: 070-859 32 84 https:\/\/www.hembygd.se\/uppland\/torstuna Mittsommerfest in Altuna...","rel":"","context":"In &quot;\u00c4ldre inl\u00e4gg&quot;","block_context":{"text":"\u00c4ldre inl\u00e4gg","link":"https:\/\/www.fjardhundraland.se\/de\/aldre-inlagg\/"},"img":{"alt_text":"Folkdanslag p\u00e5 H\u00e4rledg\u00e5rden p\u00e5 midsommar","src":"https:\/\/i0.wp.com\/www.fjardhundraland.se\/wp-content\/uploads\/2012\/05\/H%C3%A4rledg%C3%A5rden.jpg?resize=350%2C200&ssl=1","width":350,"height":200,"srcset":"https:\/\/i0.wp.com\/www.fjardhundraland.se\/wp-content\/uploads\/2012\/05\/H%C3%A4rledg%C3%A5rden.jpg?resize=350%2C200&ssl=1 1x, https:\/\/i0.wp.com\/www.fjardhundraland.se\/wp-content\/uploads\/2012\/05\/H%C3%A4rledg%C3%A5rden.jpg?resize=525%2C300&ssl=1 1.5x, https:\/\/i0.wp.com\/www.fjardhundraland.se\/wp-content\/uploads\/2012\/05\/H%C3%A4rledg%C3%A5rden.jpg?resize=700%2C400&ssl=1 2x, https:\/\/i0.wp.com\/www.fjardhundraland.se\/wp-content\/uploads\/2012\/05\/H%C3%A4rledg%C3%A5rden.jpg?resize=1050%2C600&ssl=1 3x, https:\/\/i0.wp.com\/www.fjardhundraland.se\/wp-content\/uploads\/2012\/05\/H%C3%A4rledg%C3%A5rden.jpg?resize=1400%2C800&ssl=1 4x"},"classes":[]},{"id":3363,"url":"https:\/\/www.fjardhundraland.se\/de\/inlagg\/2016\/midsommar-fjardhundraland-2016\/","url_meta":{"origin":1354,"position":3},"title":"Mittsommer in Fj\u00e4rdhundraland 2016","author":"Ylva Fontell","date":"21 Juni 2016","format":false,"excerpt":"Mittsommer sollte auf dem Lande gefeiert werden! Und dann passt es gut zu der Landschaft, die sowohl in der N\u00e4he von Enk\u00f6ping als auch von V\u00e4ster\u00e5s, Sala, Uppsala und Stockholm liegt. Willkommen zu einem Mittsommerausflug! Mittsommerfest auf dem H\u00e4rledg\u00e5rden in Torstuna. Tanz um den Pfahl auf dem H\u00e4rledg\u00e5rden. Unterhaltung. Volkst\u00e4nze. Kaffeegedeck. Freier Eintritt. 13.30 Uhr Mittsommerpfahl wird hereingetragen und aufgestellt mehr Info Mittsommerfest...","rel":"","context":"In &quot;\u00c4ldre inl\u00e4gg&quot;","block_context":{"text":"\u00c4ldre inl\u00e4gg","link":"https:\/\/www.fjardhundraland.se\/de\/aldre-inlagg\/"},"img":{"alt_text":"Folkdanslag p\u00e5 H\u00e4rledg\u00e5rden p\u00e5 midsommar","src":"https:\/\/i0.wp.com\/www.fjardhundraland.se\/wp-content\/uploads\/2012\/05\/H%C3%A4rledg%C3%A5rden.jpg?resize=350%2C200&ssl=1","width":350,"height":200,"srcset":"https:\/\/i0.wp.com\/www.fjardhundraland.se\/wp-content\/uploads\/2012\/05\/H%C3%A4rledg%C3%A5rden.jpg?resize=350%2C200&ssl=1 1x, https:\/\/i0.wp.com\/www.fjardhundraland.se\/wp-content\/uploads\/2012\/05\/H%C3%A4rledg%C3%A5rden.jpg?resize=525%2C300&ssl=1 1.5x, https:\/\/i0.wp.com\/www.fjardhundraland.se\/wp-content\/uploads\/2012\/05\/H%C3%A4rledg%C3%A5rden.jpg?resize=700%2C400&ssl=1 2x, https:\/\/i0.wp.com\/www.fjardhundraland.se\/wp-content\/uploads\/2012\/05\/H%C3%A4rledg%C3%A5rden.jpg?resize=1050%2C600&ssl=1 3x, https:\/\/i0.wp.com\/www.fjardhundraland.se\/wp-content\/uploads\/2012\/05\/H%C3%A4rledg%C3%A5rden.jpg?resize=1400%2C800&ssl=1 4x"},"classes":[]},{"id":10768,"url":"https:\/\/www.fjardhundraland.se\/de\/inlagg\/2022\/midsommarafton-fjardhundraland-2022\/","url_meta":{"origin":1354,"position":4},"title":"Mittsommer in Fj\u00e4rdhundraland 2023","author":"Mats Thorburn","date":"21 Juni 2022","format":false,"excerpt":"Hier finden Sie einige gro\u00dfartige traditionelle Mittsommerfeiern der Fj\u00e4rdhundraland-Mitglieder. Es sind garantiert l\u00e4ndliche Mittsommerfeiern mit Pfahl, Gesang, Gras und Blumen - so wie es sein sollte! Husby-Sjutolftsg\u00e5rden um 13.00 Uhr Aufrichten und Tanzen um den Mittsommerpfahl, Spelem\u00e4n. Eine Fahrt mit dem Laubwinder, Fischteich und Gewinnspiele. Verkauf von selbstgemachter Fika. Sie k\u00f6nnen gerne etwas mitbringen ...","rel":"","context":"In &quot;\u00c4ldre inl\u00e4gg&quot;","block_context":{"text":"\u00c4ldre inl\u00e4gg","link":"https:\/\/www.fjardhundraland.se\/de\/aldre-inlagg\/"},"img":{"alt_text":"Folkdanslag p\u00e5 H\u00e4rledg\u00e5rden p\u00e5 midsommar","src":"https:\/\/i0.wp.com\/www.fjardhundraland.se\/wp-content\/uploads\/2012\/05\/H%C3%A4rledg%C3%A5rden.jpg?resize=350%2C200&ssl=1","width":350,"height":200,"srcset":"https:\/\/i0.wp.com\/www.fjardhundraland.se\/wp-content\/uploads\/2012\/05\/H%C3%A4rledg%C3%A5rden.jpg?resize=350%2C200&ssl=1 1x, https:\/\/i0.wp.com\/www.fjardhundraland.se\/wp-content\/uploads\/2012\/05\/H%C3%A4rledg%C3%A5rden.jpg?resize=525%2C300&ssl=1 1.5x, https:\/\/i0.wp.com\/www.fjardhundraland.se\/wp-content\/uploads\/2012\/05\/H%C3%A4rledg%C3%A5rden.jpg?resize=700%2C400&ssl=1 2x, https:\/\/i0.wp.com\/www.fjardhundraland.se\/wp-content\/uploads\/2012\/05\/H%C3%A4rledg%C3%A5rden.jpg?resize=1050%2C600&ssl=1 3x, https:\/\/i0.wp.com\/www.fjardhundraland.se\/wp-content\/uploads\/2012\/05\/H%C3%A4rledg%C3%A5rden.jpg?resize=1400%2C800&ssl=1 4x"},"classes":[]},{"id":367,"url":"https:\/\/www.fjardhundraland.se\/de\/externt\/2011\/midsommar-i-det-grona\/","url_meta":{"origin":1354,"position":5},"title":"Mittsommer im Gr\u00fcnen!","author":"Mats Thorburn","date":"23 Juni 2011","format":false,"excerpt":"Mittsommer 2013: hier klicken! Feiern Sie Mittsommer im sch\u00f6nen Fj\u00e4rdhundraland! Bereits am 23\/6 k\u00f6nnen Sie den Maibaum am Biskopskulla-Tag um 19 Uhr oder am Kaplansg\u00e5rden, H\u00e4rkeberga, um 19 Uhr aufstellen. Mittsommerabend: Altuna hembygdsg\u00e5rd. 13:30-16:30. Tanz um den Pfahl mit Akkordeonmusik, Zauberer Micke Ramsell, Tipp-Walk, Lotterie f\u00fcr Kinder und Erwachsene, Erraten des Gewichts des Kaninchens, Spiele, Gelegenheit zum Besuch der Wandbeh\u00e4nge-Ausstellung ...","rel":"","context":"In &quot;\u00c4ldre inl\u00e4gg&quot;","block_context":{"text":"\u00c4ldre inl\u00e4gg","link":"https:\/\/www.fjardhundraland.se\/de\/aldre-inlagg\/"},"img":{"alt_text":"","src":"https:\/\/i0.wp.com\/www.fjardhundraland.se\/wp-content\/uploads\/2011\/06\/MG_6913-1024x682.jpg?resize=350%2C200&ssl=1","width":350,"height":200,"srcset":"https:\/\/i0.wp.com\/www.fjardhundraland.se\/wp-content\/uploads\/2011\/06\/MG_6913-1024x682.jpg?resize=350%2C200&ssl=1 1x, https:\/\/i0.wp.com\/www.fjardhundraland.se\/wp-content\/uploads\/2011\/06\/MG_6913-1024x682.jpg?resize=525%2C300&ssl=1 1.5x"},"classes":[]}],"jetpack_sharing_enabled":true,"_links":{"self":[{"href":"https:\/\/www.fjardhundraland.se\/de\/wp-json\/wp\/v2\/posts\/1354","targetHints":{"allow":["GET"]}}],"collection":[{"href":"https:\/\/www.fjardhundraland.se\/de\/wp-json\/wp\/v2\/posts"}],"about":[{"href":"https:\/\/www.fjardhundraland.se\/de\/wp-json\/wp\/v2\/types\/post"}],"author":[{"embeddable":true,"href":"https:\/\/www.fjardhundraland.se\/de\/wp-json\/wp\/v2\/users\/1"}],"replies":[{"embeddable":true,"href":"https:\/\/www.fjardhundraland.se\/de\/wp-json\/wp\/v2\/comments?post=1354"}],"version-history":[{"count":1,"href":"https:\/\/www.fjardhundraland.se\/de\/wp-json\/wp\/v2\/posts\/1354\/revisions"}],"predecessor-version":[{"id":19692,"href":"https:\/\/www.fjardhundraland.se\/de\/wp-json\/wp\/v2\/posts\/1354\/revisions\/19692"}],"wp:featuredmedia":[{"embeddable":true,"href":"https:\/\/www.fjardhundraland.se\/de\/wp-json\/"}],"wp:attachment":[{"href":"https:\/\/www.fjardhundraland.se\/de\/wp-json\/wp\/v2\/media?parent=1354"}],"wp:term":[{"taxonomy":"category","embeddable":true,"href":"https:\/\/www.fjardhundraland.se\/de\/wp-json\/wp\/v2\/categories?post=1354"},{"taxonomy":"post_tag","embeddable":true,"href":"https:\/\/www.fjardhundraland.se\/de\/wp-json\/wp\/v2\/tags?post=1354"}],"curies":[{"name":"wp","href":"https:\/\/api.w.org\/{rel}","templated":true}]}}