
{"id":124,"date":"2011-05-11T19:29:51","date_gmt":"2011-05-11T17:29:51","guid":{"rendered":"http:\/\/www.fjardhundraland.se\/?p=124"},"modified":"2026-02-05T13:40:42","modified_gmt":"2026-02-05T12:40:42","slug":"das-programm-hat","status":"publish","type":"post","link":"https:\/\/www.fjardhundraland.se\/de\/externt\/2011\/programmet-ar-har\/","title":{"rendered":"Das Programm finden Sie hier"},"content":{"rendered":"<p>Fj\u00e4rdhundraland bietet am Samstag ein reichhaltiges Programm auf dem Platz in Enk\u00f6ping. Das Programm f\u00fcr die B\u00fchne und das Erz\u00e4hlzelt ist jetzt fertig. <a title=\"Programm am Samstag, 14. Mai\" href=\"https:\/\/www.fjardhundraland.se\/de\/program-lordagen-den-14-maj\/\">Lesen Sie hier mehr.<\/a><\/p>","protected":false},"excerpt":{"rendered":"<p>Fj\u00e4rdhundraland bietet am Samstag ein reichhaltiges Programm auf dem Platz in Enk\u00f6ping. Das Programm f\u00fcr die B\u00fchne und das M\u00e4rchenzelt steht jetzt fest. Lesen Sie hier mehr.<\/p>","protected":false},"author":1,"featured_media":0,"comment_status":"open","ping_status":"open","sticky":false,"template":"","format":"standard","meta":{"_acf_changed":false,"_relevanssi_hide_post":"","_relevanssi_hide_content":"","_relevanssi_pin_for_all":"","_relevanssi_pin_keywords":"","_relevanssi_unpin_keywords":"","_relevanssi_related_keywords":"","_relevanssi_related_include_ids":"","_relevanssi_related_exclude_ids":"","_relevanssi_related_no_append":"","_relevanssi_related_not_related":"","_relevanssi_related_posts":"","_relevanssi_noindex_reason":"Rank Math Uteslut fr\u00e5n Relevanssi index","_genesis_hide_title":false,"_genesis_hide_breadcrumbs":false,"_genesis_hide_singular_image":false,"_genesis_hide_footer_widgets":false,"_genesis_custom_body_class":"","_genesis_custom_post_class":"","_genesis_layout":"","_jetpack_memberships_contains_paid_content":false,"footnotes":""},"categories":[353,18,19],"tags":[352],"class_list":{"0":"post-124","1":"post","2":"type-post","3":"status-publish","4":"format-standard","6":"category-aldre-inlagg","7":"category-externt","8":"category-forsmak-2","9":"tag-aldre-inlagg","10":"entry"},"acf":[],"visa":null,"geo_latitude":null,"geo_longitude":null,"jetpack_featured_media_url":"","featured_image_src":null,"featured_image_src_square":null,"author_info":{"display_name":"Mats Thorburn","author_link":"https:\/\/www.fjardhundraland.se\/de\/author\/matst\/"},"jetpack-related-posts":[{"id":1847,"url":"https:\/\/www.fjardhundraland.se\/de\/inlagg\/2014\/slaktforskningens-dag\/","url_meta":{"origin":124,"position":0},"title":"Tag der Genealogie","author":"Mats Thorburn","date":"28 Februar 2014","format":false,"excerpt":"Haben Sie dar\u00fcber nachgedacht, Ahnenforschung zu betreiben? Oder m\u00f6chten Sie vielleicht mehr \u00fcber Ihren Hof oder Ihr Dorf erfahren? Am Samstag, den 15. M\u00e4rz, findet im Dorfgemeinschaftshaus von Fr\u00f6sthult ein Tag voller lokaler Geschichte statt. Es gibt Tipps zur Ahnenforschung, Sie k\u00f6nnen alte Postkarten, Fotos und Karten anschauen. Sie werden...","rel":"","context":"In &quot;\u00c4ldre inl\u00e4gg&quot;","block_context":{"text":"\u00c4ldre inl\u00e4gg","link":"https:\/\/www.fjardhundraland.se\/de\/aldre-inlagg\/"},"img":{"alt_text":"FLY1563","src":"https:\/\/i0.wp.com\/www.fjardhundraland.se\/wp-content\/uploads\/2014\/02\/FLY1563-300x189.jpg?resize=350%2C200&ssl=1","width":350,"height":200},"classes":[]},{"id":2320,"url":"https:\/\/www.fjardhundraland.se\/de\/hantverk\/2014\/varmarknad-historia\/","url_meta":{"origin":124,"position":1},"title":"Fr\u00fchlingsmarkt mit Geschichte","author":"Mats Thorburn","date":"22 Mai 2014","format":false,"excerpt":"I helgen bjuder Dunderbo ljus & hantverk in till V\u00e5rmarknad. F\u00f6rutom f\u00f6rs\u00e4ljning av hantverk, och br\u00f6d och annat \u00e4tbart finns ett kaf\u00e9 d\u00e4r allt \u00e4r gott och hembakt. Dessutom kan du g\u00e5 den sp\u00e4nnande historiska vandringen Krigsstigen. Se programmet h\u00e4r.\u00a0[pdf].","rel":"","context":"In &quot;\u00c4ldre inl\u00e4gg&quot;","block_context":{"text":"\u00c4ldre inl\u00e4gg","link":"https:\/\/www.fjardhundraland.se\/de\/aldre-inlagg\/"},"img":{"alt_text":"","src":"https:\/\/i0.wp.com\/www.fjardhundraland.se\/wp-content\/uploads\/2014\/05\/DunderboHantverk-Banner-vitsippor.jpg?resize=350%2C200&ssl=1","width":350,"height":200,"srcset":"https:\/\/i0.wp.com\/www.fjardhundraland.se\/wp-content\/uploads\/2014\/05\/DunderboHantverk-Banner-vitsippor.jpg?resize=350%2C200&ssl=1 1x, https:\/\/i0.wp.com\/www.fjardhundraland.se\/wp-content\/uploads\/2014\/05\/DunderboHantverk-Banner-vitsippor.jpg?resize=525%2C300&ssl=1 1.5x, https:\/\/i0.wp.com\/www.fjardhundraland.se\/wp-content\/uploads\/2014\/05\/DunderboHantverk-Banner-vitsippor.jpg?resize=700%2C400&ssl=1 2x"},"classes":[]},{"id":5439,"url":"https:\/\/www.fjardhundraland.se\/de\/marknad-2\/2018\/julmarknad-salnecke-slott-2018\/","url_meta":{"origin":124,"position":2},"title":"Weihnachtsmarkt auf Schloss Salnecke","author":"Mats Thorburn","date":"7 November 2018","format":false,"excerpt":"Am 16. Dezember von 11-16 Uhr ist die Premiere des neuen Weihnachtsmarktes auf Schloss Salnecke, \u00d6rsundsbro! Im gro\u00dfen Gew\u00e4chshaus unterhalb des Schlosses wird historisches und modernes Lebensmittelhandwerk f\u00fcr die Weihnachtstafel aufgetischt - K\u00e4se, Wurst, Brot, Upplandskubb. Au\u00dferdem erg\u00e4nzen wir mit hochwertigem, lokalem Handwerk und Aktivit\u00e4ten rund um das Schloss. Ein Schloss aus dem 17. Jahrhundert in...","rel":"","context":"In &quot;Marknad&quot;","block_context":{"text":"Marknad","link":"https:\/\/www.fjardhundraland.se\/de\/marknad-2\/"},"img":{"alt_text":"Salnecke julmarknad","src":"https:\/\/i0.wp.com\/www.fjardhundraland.se\/wp-content\/uploads\/2018\/11\/salnecke-julmarknad.jpg?resize=350%2C200&ssl=1","width":350,"height":200,"srcset":"https:\/\/i0.wp.com\/www.fjardhundraland.se\/wp-content\/uploads\/2018\/11\/salnecke-julmarknad.jpg?resize=350%2C200&ssl=1 1x, https:\/\/i0.wp.com\/www.fjardhundraland.se\/wp-content\/uploads\/2018\/11\/salnecke-julmarknad.jpg?resize=525%2C300&ssl=1 1.5x, https:\/\/i0.wp.com\/www.fjardhundraland.se\/wp-content\/uploads\/2018\/11\/salnecke-julmarknad.jpg?resize=700%2C400&ssl=1 2x, https:\/\/i0.wp.com\/www.fjardhundraland.se\/wp-content\/uploads\/2018\/11\/salnecke-julmarknad.jpg?resize=1050%2C600&ssl=1 3x, https:\/\/i0.wp.com\/www.fjardhundraland.se\/wp-content\/uploads\/2018\/11\/salnecke-julmarknad.jpg?resize=1400%2C800&ssl=1 4x"},"classes":[]},{"id":942,"url":"https:\/\/www.fjardhundraland.se\/de\/inlagg\/2012\/pa-krigsstigen-i-fjardhundraland\/","url_meta":{"origin":124,"position":3},"title":"Auf dem Kriegspfad in Fj\u00e4rdhundraland","author":"Mats Thorburn","date":"19 Mai 2012","format":false,"excerpt":"Am Samstag und Sonntag um 11 und 13 Uhr f\u00fchrt Sie G\u00f6ran Mellstr\u00f6m durch das Soldatendorf in Dunderbo (Wegbeschreibung). 10 bis 16 Uhr findet in Dunderbo au\u00dferdem ein Fr\u00fchlingsmarkt statt - danach k\u00f6nnen Sie eine der vielen Sehensw\u00fcrdigkeiten in Fj\u00e4rdhundraland besuchen. Sehen Sie sich die wei\u00dfen Anemonen in H\u00e5rsb\u00e4cksdalen an, am Samstag vielleicht kombiniert mit einem Besuch in Lagerl\u00f6fska...","rel":"","context":"In &quot;\u00c4ldre inl\u00e4gg&quot;","block_context":{"text":"\u00c4ldre inl\u00e4gg","link":"https:\/\/www.fjardhundraland.se\/de\/aldre-inlagg\/"},"img":{"alt_text":"Krigsstigen soldattorp","src":"https:\/\/i0.wp.com\/www.fjardhundraland.se\/wp-content\/uploads\/2012\/05\/krigsstigen-1024x682.jpg?resize=350%2C200&ssl=1","width":350,"height":200,"srcset":"https:\/\/i0.wp.com\/www.fjardhundraland.se\/wp-content\/uploads\/2012\/05\/krigsstigen-1024x682.jpg?resize=350%2C200&ssl=1 1x, https:\/\/i0.wp.com\/www.fjardhundraland.se\/wp-content\/uploads\/2012\/05\/krigsstigen-1024x682.jpg?resize=525%2C300&ssl=1 1.5x"},"classes":[]},{"id":2950,"url":"https:\/\/www.fjardhundraland.se\/de\/inlagg\/2015\/sekelskiftesmarknad-pa-hostglod-i-fjardhundraland\/","url_meta":{"origin":124,"position":4},"title":"Sekelskiftes-Markt in H\u00f6stgl\u00f6d in Fj\u00e4rdhundraland","author":"Mats Thorburn","date":"28 September 2015","format":false,"excerpt":"Am 10. und 11. Oktober l\u00e4dt Fj\u00e4rdhundraland Sie zu einem altmodischen Markt im Dorf Altuna ein. Sie werden Mitglieder von Fj\u00e4rdhundraland und eine Reihe von eingeladenen Ausstellern treffen, Musik h\u00f6ren und vieles mehr. Mehr Informationen finden Sie hier.","rel":"","context":"In &quot;\u00c4ldre inl\u00e4gg&quot;","block_context":{"text":"\u00c4ldre inl\u00e4gg","link":"https:\/\/www.fjardhundraland.se\/de\/aldre-inlagg\/"},"img":{"alt_text":"","src":"","width":0,"height":0},"classes":[]},{"id":3619,"url":"https:\/\/www.fjardhundraland.se\/de\/musik\/2016\/sprakande-hostglod-8-9-oktober\/","url_meta":{"origin":124,"position":5},"title":"Funkelndes Herbstgl\u00fchen 8. und 9. Oktober","author":"Mats Thorburn","date":"29 September 2016","format":false,"excerpt":"Helgen 8\u20139 oktober sprakar Fj\u00e4rdhundra av H\u00f6stgl\u00f6d. Tv\u00e5 dagar fyllda av samtal, m\u00e4nskliga ber\u00e4ttelser och m\u00e5ngfald f\u00f6r alla \u00e5ldrar! Gratis aktiviteter. Insamling till All V\u00e4rldens Barn! H\u00e4r finns programmet att skriva ut [pdf]. Mel\u2019s Drive in l\u00f6rdag och s\u00f6ndag kl 11\u00a0till 16 Marknad - Hantverkare och Mathantverkare fr\u00e5n Fj\u00e4rdhundraland och\u2026","rel":"","context":"In &quot;\u00c4ldre inl\u00e4gg&quot;","block_context":{"text":"\u00c4ldre inl\u00e4gg","link":"https:\/\/www.fjardhundraland.se\/de\/aldre-inlagg\/"},"img":{"alt_text":"","src":"https:\/\/i0.wp.com\/www.fjardhundraland.se\/wp-content\/uploads\/2015\/10\/hostglod-banner1.jpg?resize=350%2C200&ssl=1","width":350,"height":200,"srcset":"https:\/\/i0.wp.com\/www.fjardhundraland.se\/wp-content\/uploads\/2015\/10\/hostglod-banner1.jpg?resize=350%2C200&ssl=1 1x, https:\/\/i0.wp.com\/www.fjardhundraland.se\/wp-content\/uploads\/2015\/10\/hostglod-banner1.jpg?resize=525%2C300&ssl=1 1.5x, https:\/\/i0.wp.com\/www.fjardhundraland.se\/wp-content\/uploads\/2015\/10\/hostglod-banner1.jpg?resize=700%2C400&ssl=1 2x, https:\/\/i0.wp.com\/www.fjardhundraland.se\/wp-content\/uploads\/2015\/10\/hostglod-banner1.jpg?resize=1050%2C600&ssl=1 3x, https:\/\/i0.wp.com\/www.fjardhundraland.se\/wp-content\/uploads\/2015\/10\/hostglod-banner1.jpg?resize=1400%2C800&ssl=1 4x"},"classes":[]}],"jetpack_sharing_enabled":true,"_links":{"self":[{"href":"https:\/\/www.fjardhundraland.se\/de\/wp-json\/wp\/v2\/posts\/124","targetHints":{"allow":["GET"]}}],"collection":[{"href":"https:\/\/www.fjardhundraland.se\/de\/wp-json\/wp\/v2\/posts"}],"about":[{"href":"https:\/\/www.fjardhundraland.se\/de\/wp-json\/wp\/v2\/types\/post"}],"author":[{"embeddable":true,"href":"https:\/\/www.fjardhundraland.se\/de\/wp-json\/wp\/v2\/users\/1"}],"replies":[{"embeddable":true,"href":"https:\/\/www.fjardhundraland.se\/de\/wp-json\/wp\/v2\/comments?post=124"}],"version-history":[{"count":1,"href":"https:\/\/www.fjardhundraland.se\/de\/wp-json\/wp\/v2\/posts\/124\/revisions"}],"predecessor-version":[{"id":19771,"href":"https:\/\/www.fjardhundraland.se\/de\/wp-json\/wp\/v2\/posts\/124\/revisions\/19771"}],"wp:attachment":[{"href":"https:\/\/www.fjardhundraland.se\/de\/wp-json\/wp\/v2\/media?parent=124"}],"wp:term":[{"taxonomy":"category","embeddable":true,"href":"https:\/\/www.fjardhundraland.se\/de\/wp-json\/wp\/v2\/categories?post=124"},{"taxonomy":"post_tag","embeddable":true,"href":"https:\/\/www.fjardhundraland.se\/de\/wp-json\/wp\/v2\/tags?post=124"}],"curies":[{"name":"wp","href":"https:\/\/api.w.org\/{rel}","templated":true}]}}