
{"id":1206,"date":"2012-11-04T19:59:06","date_gmt":"2012-11-04T18:59:06","guid":{"rendered":"http:\/\/www.fjardhundraland.se\/?p=1206"},"modified":"2026-02-05T13:41:11","modified_gmt":"2026-02-05T12:41:11","slug":"tag-der-offenen-tur-am-18-november","status":"publish","type":"post","link":"https:\/\/www.fjardhundraland.se\/de\/hantverk\/2012\/oppet-hus-18-november\/","title":{"rendered":"Tag der offenen T\u00fcr am 18. November"},"content":{"rendered":"<p><strong>Am Sonntag, den 18. November, erhalten Sie einen Einblick in das, was Fj\u00e4rdhundraland zu bieten hat. Der Verein stellt sich vor, viele Mitglieder erz\u00e4hlen von ihren Aktivit\u00e4ten\/verkaufen ihre Produkte, Sie k\u00f6nnen essen und Kaffee aus lokaler Produktion trinken und Filme oder Kindertheater sehen. Willkommen zu einem spannenden Abend in der Herbstdunkelheit!<\/strong><\/p>\n<p>Die G\u00e4rtnerei H\u00e4rnevi ist vor Ort und betreibt auch den Grill, wo Sie W\u00fcrstchen von Fr\u00f6slunda ekok\u00f6tt kaufen k\u00f6nnen. Die Interessengemeinschaft Skattmans\u00f6\u00e5dalen verkauft Kaffee mit selbstgebackenem Kuchen.<\/p>\n<p>Weitere Teilnehmer sind Dunderbo ljus &amp; hantverk, Forsby kvarn kaf\u00e9 och musikscen, Fr\u00f6 &amp; Freja, Fr\u00f6slunda ekok\u00f6tt, Glada F\u00e5ret, Gyllene Brunnen, H\u00e4stkraft Fj\u00e4rdhundra, Kr\u00e5kvilan Bageri, Lundellska galleriet, Paddebo kulturf\u00f6rening, Pekoe ekologiskt te, Priroda media, Rotbrunna h\u00e4st och kursg\u00e5rd, Siggesta v\u00e4vstuga und Tusen och en bok.<\/p>\n<p><strong>Um 16.00 Uhr<\/strong> Kindertheater: Geburtstagsfeier mit \u00c5sa und Ludmilla dem Clown. (30 kr) <strong>Um 17.00 Uhr.<\/strong> ein Auszug aus dem Film des Kinoerfolgs dieses Sommers, It's Buzzing.<\/p>\n<p>Der Standort ist <a title=\"Haus der Kirche, Karte\" href=\"https:\/\/maps.google.se\/maps\/ms?msid=212602814899978404195.0004cdf9287033a1467e3&amp;msa=0&amp;ll=59.7723,16.940231&amp;spn=0.046754,0.145912\" target=\"_blank\" rel=\"noopener\"><strong>Das Kirchengeb\u00e4ude <\/strong><\/a>i Fj\u00e4rdhundra<strong>, die Zeit ist 16-19.30 Uhr<\/strong><\/p>","protected":false},"excerpt":{"rendered":"<p>S\u00f6ndagen den 18 november f\u00e5r du en inblick i allt som Fj\u00e4rdhundraland har att erbjuda. F\u00f6reningen presenterar sig, m\u00e5nga medlemmar ber\u00e4ttar om sina verksamheter\/s\u00e4ljer sina produkter, du kan \u00e4ta och fika n\u00e4rproducerat och titta p\u00e5 film eller barnteater. V\u00e4lkommen till en sp\u00e4nnande kv\u00e4ll i h\u00f6stm\u00f6rkret! H\u00e4rnevi plantskola \u00e4r p\u00e5 plats och sk\u00f6ter \u00e4ven grillen d\u00e4r [&hellip;]<\/p>\n","protected":false},"author":4,"featured_media":0,"comment_status":"open","ping_status":"open","sticky":false,"template":"","format":"standard","meta":{"_acf_changed":false,"_relevanssi_hide_post":"","_relevanssi_hide_content":"","_relevanssi_pin_for_all":"","_relevanssi_pin_keywords":"","_relevanssi_unpin_keywords":"","_relevanssi_related_keywords":"","_relevanssi_related_include_ids":"","_relevanssi_related_exclude_ids":"","_relevanssi_related_no_append":"","_relevanssi_related_not_related":"","_relevanssi_related_posts":"","_relevanssi_noindex_reason":"Rank Math Uteslut fr\u00e5n Relevanssi index","_genesis_hide_title":false,"_genesis_hide_breadcrumbs":false,"_genesis_hide_singular_image":false,"_genesis_hide_footer_widgets":false,"_genesis_custom_body_class":"","_genesis_custom_post_class":"","_genesis_layout":"","_jetpack_memberships_contains_paid_content":false,"footnotes":""},"categories":[353,48,84,18,15,78,22,50,25],"tags":[352],"class_list":{"0":"post-1206","1":"post","2":"type-post","3":"status-publish","4":"format-standard","6":"category-aldre-inlagg","7":"category-barn","8":"category-entreprenorskap-i-fjardhundraland","9":"category-externt","10":"category-hantverk","11":"category-marknad-2","12":"category-mat","13":"category-teater","14":"category-upplevelser","15":"tag-aldre-inlagg","16":"entry"},"acf":[],"visa":null,"geo_latitude":null,"geo_longitude":null,"jetpack_featured_media_url":"","featured_image_src":null,"featured_image_src_square":null,"author_info":{"display_name":"Ylva Fontell","author_link":"https:\/\/www.fjardhundraland.se\/de\/author\/ylva\/"},"jetpack-related-posts":[{"id":1444,"url":"https:\/\/www.fjardhundraland.se\/de\/externt\/2013\/fjardhundralands-hostglod\/","url_meta":{"origin":1206,"position":0},"title":"Fj\u00e4rdhundralands Herbstgl\u00fchen","author":"Ylva Fontell","date":"30 September 2013","format":false,"excerpt":"Am Sonntag, dem 13. Oktober, sind Sie zu einem farbenfrohen Herbstumzug in der Lundellska Galerie in Simtuna eingeladen. Sie k\u00f6nnen regionale Produkte einkaufen, sich im Gew\u00e4chshaus beraten und massieren lassen, eine Pilzausstellung mit der Pilzberaterin Eva Allestedt besuchen oder sich Tipps zu den besten Apfelsorten holen. Es gibt Musik und die Gartenexpertin Lena M\u00e5nsson wird \u00fcber Blumenzwiebeln sprechen. Nehmen Sie ...","rel":"","context":"In &quot;\u00c4ldre inl\u00e4gg&quot;","block_context":{"text":"\u00c4ldre inl\u00e4gg","link":"https:\/\/www.fjardhundraland.se\/de\/aldre-inlagg\/"},"img":{"alt_text":"","src":"","width":0,"height":0},"classes":[]},{"id":2858,"url":"https:\/\/www.fjardhundraland.se\/de\/inlagg\/2015\/vilka-ar-med-matmanniskor\/","url_meta":{"origin":1206,"position":1},"title":"Wer ist an Food &amp; People beteiligt?","author":"Mats Thorburn","date":"21 August 2015","format":false,"excerpt":"Jetzt ist klar, wer am 27. September 2015 bei Mat&amp;M\u00e4nniskor dabei sein wird - gro\u00dfe Vielfalt auf kleinem Raum! Hier ist die Liste. Caf\u00e9 Samt Domta-grisen Forsby kvarn caf\u00e9 Franz\u00e9ns charkuterier Fr\u00f6slunda ekok\u00f6tt Gula Stallet caf\u00e9 and shop Kromsta lantbod Kr\u00e5kvilan M\u00e4lby tr\u00e4dg\u00e5rd Pekoe ekologiskt te Refvelsta godsf\u00f6rvaltning Resta g\u00e5rd Skogsbackens ost Sunnansj\u00f6...","rel":"","context":"In &quot;\u00c4ldre inl\u00e4gg&quot;","block_context":{"text":"\u00c4ldre inl\u00e4gg","link":"https:\/\/www.fjardhundraland.se\/de\/aldre-inlagg\/"},"img":{"alt_text":"","src":"","width":0,"height":0},"classes":[]},{"id":2799,"url":"https:\/\/www.fjardhundraland.se\/de\/utflykt\/2015\/vinster-pa-rebusrundan-2015\/","url_meta":{"origin":1206,"position":2},"title":"Die Gewinner der Rebus-Runde 2015","author":"Mats Thorburn","date":"1 August 2015","format":false,"excerpt":"Wussten Sie, dass Sie Preise gewinnen k\u00f6nnen, die von den Teilnehmern der Rebus-Runde gestiftet wurden? Sie k\u00f6nnen die Preise auf dem Teilnahmeformular hier ausw\u00e4hlen. Hier ist die Liste: Zwei Eintrittskarten f\u00fcr ein Kuchenbuffet, f\u00fcr eine von drei Gelegenheiten w\u00e4hrend des Jahres (Altuna bygdeg\u00e5rdsf\u00f6rening) 2 Eintrittskarten f\u00fcr den gem\u00fctlichen Abend des altmodischen Essens am 16. August, alternativer Geschenkgutschein (Altuna hembygdsf\u00f6rening)...","rel":"","context":"In &quot;\u00c4ldre inl\u00e4gg&quot;","block_context":{"text":"\u00c4ldre inl\u00e4gg","link":"https:\/\/www.fjardhundraland.se\/de\/aldre-inlagg\/"},"img":{"alt_text":"Rebusrundan","src":"https:\/\/i0.wp.com\/www.fjardhundraland.se\/wp-content\/uploads\/2015\/08\/biskopskulla-rebusbild.jpg?resize=350%2C200&ssl=1","width":350,"height":200,"srcset":"https:\/\/i0.wp.com\/www.fjardhundraland.se\/wp-content\/uploads\/2015\/08\/biskopskulla-rebusbild.jpg?resize=350%2C200&ssl=1 1x, https:\/\/i0.wp.com\/www.fjardhundraland.se\/wp-content\/uploads\/2015\/08\/biskopskulla-rebusbild.jpg?resize=525%2C300&ssl=1 1.5x, https:\/\/i0.wp.com\/www.fjardhundraland.se\/wp-content\/uploads\/2015\/08\/biskopskulla-rebusbild.jpg?resize=700%2C400&ssl=1 2x, https:\/\/i0.wp.com\/www.fjardhundraland.se\/wp-content\/uploads\/2015\/08\/biskopskulla-rebusbild.jpg?resize=1050%2C600&ssl=1 3x, https:\/\/i0.wp.com\/www.fjardhundraland.se\/wp-content\/uploads\/2015\/08\/biskopskulla-rebusbild.jpg?resize=1400%2C800&ssl=1 4x"},"classes":[]},{"id":4259,"url":"https:\/\/www.fjardhundraland.se\/de\/rebusrunda\/2017\/medverkande-rebusrundan-2017\/","url_meta":{"origin":1206,"position":3},"title":"Teilnehmer an der Rebus-Runde 2017","author":"Ylva Fontell","date":"5 Juni 2017","format":false,"excerpt":"Dieses Jahr k\u00f6nnen Sie auf der Rebus-Tour nicht weniger als 40 verschiedene Organisationen besuchen! Hier ist die vollst\u00e4ndige Liste. Klicken Sie auf die Links, um mehr \u00fcber jeden Ort zu erfahren. Alsta tr\u00e4dg\u00e5rdar - Gartencaf\u00e9, Galerie und Inspirationsgarten. Essen &amp; Kaffeebrote aus der eigenen K\u00fcche. Lustige und phantasievolle Ausstellung! Altuna bygdeg\u00e5rdsf\u00f6rening - Verpflegung mit Kaffee...","rel":"","context":"In &quot;Rebusrunda&quot;","block_context":{"text":"Rebusrunda","link":"https:\/\/www.fjardhundraland.se\/de\/rebusrunda\/"},"img":{"alt_text":"Startkort Rebusrundan","src":"https:\/\/i0.wp.com\/www.fjardhundraland.se\/wp-content\/uploads\/2017\/07\/startkort.jpg?resize=350%2C200&ssl=1","width":350,"height":200,"srcset":"https:\/\/i0.wp.com\/www.fjardhundraland.se\/wp-content\/uploads\/2017\/07\/startkort.jpg?resize=350%2C200&ssl=1 1x, https:\/\/i0.wp.com\/www.fjardhundraland.se\/wp-content\/uploads\/2017\/07\/startkort.jpg?resize=525%2C300&ssl=1 1.5x, https:\/\/i0.wp.com\/www.fjardhundraland.se\/wp-content\/uploads\/2017\/07\/startkort.jpg?resize=700%2C400&ssl=1 2x, https:\/\/i0.wp.com\/www.fjardhundraland.se\/wp-content\/uploads\/2017\/07\/startkort.jpg?resize=1050%2C600&ssl=1 3x, https:\/\/i0.wp.com\/www.fjardhundraland.se\/wp-content\/uploads\/2017\/07\/startkort.jpg?resize=1400%2C800&ssl=1 4x"},"classes":[]},{"id":1191,"url":"https:\/\/www.fjardhundraland.se\/de\/inlagg\/2012\/oppet-hus-i-fjardhundraland-18-november\/","url_meta":{"origin":1206,"position":4},"title":"Tag der offenen T\u00fcr in Fj\u00e4rdhundraland am 18. November","author":"Mats Thorburn","date":"2 Oktober 2012","format":false,"excerpt":"Am Sonntag, den 18. November von 16-19.30 Uhr sind Sie herzlich eingeladen, im Haus der Kirche in Fj\u00e4rdhundra zu sprechen! Wir zeigen um 17-18 Uhr einen Ausschnitt aus dem Film des Theatererfolgs \u201dDet susar\u201d von diesem Sommer. Mini-Messe mit den kleinen Unternehmen des Dorfes. Nutzen Sie die Gelegenheit, lokal produzierte Lebensmittel und Kaffee zu kaufen. Erfahren Sie mehr \u00fcber Unternehmertum mit dem Projekt Entrepreneurship in...","rel":"","context":"In &quot;\u00c4ldre inl\u00e4gg&quot;","block_context":{"text":"\u00c4ldre inl\u00e4gg","link":"https:\/\/www.fjardhundraland.se\/de\/aldre-inlagg\/"},"img":{"alt_text":"Det susar","src":"https:\/\/i0.wp.com\/www.fjardhundraland.se\/wp-content\/uploads\/2012\/10\/detsusar-630x403.jpg?resize=350%2C200&ssl=1","width":350,"height":200,"srcset":"https:\/\/i0.wp.com\/www.fjardhundraland.se\/wp-content\/uploads\/2012\/10\/detsusar-630x403.jpg?resize=350%2C200&ssl=1 1x, https:\/\/i0.wp.com\/www.fjardhundraland.se\/wp-content\/uploads\/2012\/10\/detsusar-630x403.jpg?resize=525%2C300&ssl=1 1.5x"},"classes":[]},{"id":1204,"url":"https:\/\/www.fjardhundraland.se\/de\/externt\/2012\/oppet-hus-i-dunderbo\/","url_meta":{"origin":1206,"position":5},"title":"Offenes Haus in Dunderbo","author":"Ylva Fontell","date":"2 November 2012","format":false,"excerpt":"Dunderbo Ljus &amp; Hantverk veranstaltet vom 2. bis 4. November einen Tag der offenen T\u00fcr. Es werden selbstgemachte Kerzen, Flickenteppiche und viele andere Kunsthandwerke aus dem Dorf zum Verkauf angeboten. Die \u00d6ffnungszeiten sind 10-18 Uhr.","rel":"","context":"In &quot;\u00c4ldre inl\u00e4gg&quot;","block_context":{"text":"\u00c4ldre inl\u00e4gg","link":"https:\/\/www.fjardhundraland.se\/de\/aldre-inlagg\/"},"img":{"alt_text":"","src":"","width":0,"height":0},"classes":[]}],"jetpack_sharing_enabled":true,"_links":{"self":[{"href":"https:\/\/www.fjardhundraland.se\/de\/wp-json\/wp\/v2\/posts\/1206","targetHints":{"allow":["GET"]}}],"collection":[{"href":"https:\/\/www.fjardhundraland.se\/de\/wp-json\/wp\/v2\/posts"}],"about":[{"href":"https:\/\/www.fjardhundraland.se\/de\/wp-json\/wp\/v2\/types\/post"}],"author":[{"embeddable":true,"href":"https:\/\/www.fjardhundraland.se\/de\/wp-json\/wp\/v2\/users\/4"}],"replies":[{"embeddable":true,"href":"https:\/\/www.fjardhundraland.se\/de\/wp-json\/wp\/v2\/comments?post=1206"}],"version-history":[{"count":1,"href":"https:\/\/www.fjardhundraland.se\/de\/wp-json\/wp\/v2\/posts\/1206\/revisions"}],"predecessor-version":[{"id":19703,"href":"https:\/\/www.fjardhundraland.se\/de\/wp-json\/wp\/v2\/posts\/1206\/revisions\/19703"}],"wp:attachment":[{"href":"https:\/\/www.fjardhundraland.se\/de\/wp-json\/wp\/v2\/media?parent=1206"}],"wp:term":[{"taxonomy":"category","embeddable":true,"href":"https:\/\/www.fjardhundraland.se\/de\/wp-json\/wp\/v2\/categories?post=1206"},{"taxonomy":"post_tag","embeddable":true,"href":"https:\/\/www.fjardhundraland.se\/de\/wp-json\/wp\/v2\/tags?post=1206"}],"curies":[{"name":"wp","href":"https:\/\/api.w.org\/{rel}","templated":true}]}}