
{"id":1167,"date":"2012-08-22T21:16:30","date_gmt":"2012-08-22T19:16:30","guid":{"rendered":"http:\/\/www.fjardhundraland.se\/?p=1167"},"modified":"2026-02-05T13:41:11","modified_gmt":"2026-02-05T12:41:11","slug":"gewinner-der-rebusrunde","status":"publish","type":"post","link":"https:\/\/www.fjardhundraland.se\/de\/entreprenorskap-i-fjardhundraland\/2012\/vinnare-rebusrundan\/","title":{"rendered":"Die Gewinner der Rebus-Runde"},"content":{"rendered":"<p><a href=\"https:\/\/www.fjardhundraland.se\/wp-content\/uploads\/2012\/08\/2012-08-12-at-13-29-07.jpg\"><img decoding=\"async\" class=\"alignleft size-large wp-image-1174\" title=\"Besucher des Crow&#039;s Will. Foto: Mats Thorburn.\" src=\"https:\/\/www.fjardhundraland.se\/wp-content\/uploads\/2012\/08\/2012-08-12-at-13-29-07-630x420.jpg\" alt=\"Besucher des Crow&#039;s Will. Foto: Mats Thorburn.\" width=\"630\" height=\"420\" \/><\/a><\/p>\n<p><a href=\"https:\/\/www.fjardhundraland.se\/wp-content\/uploads\/2012\/08\/2012-08-12-at-16-06-34.jpg\"><img decoding=\"async\" class=\"size-medium wp-image-1175 alignright\" title=\"Rebus beim L\u00f6sen. Foto: Mats Thorburn.\" src=\"https:\/\/www.fjardhundraland.se\/wp-content\/uploads\/2012\/08\/2012-08-12-at-16-06-34-300x200.jpg\" alt=\"Rebus beim L\u00f6sen. Foto: Mats Thorburn.\" width=\"300\" height=\"200\" \/><\/a>Vielen Dank an alle Besucher, die mit Fj\u00e4rdhundraland auf der Rebus-Tour unterwegs waren! Herzlichen Gl\u00fcckwunsch auch an diejenigen, die die tollen Preise gewonnen haben. Sie werden in K\u00fcrze benachrichtigt.<\/p>\n<table cellspacing=\"0\" cellpadding=\"0\">\n<tbody>\n<tr>\n<td valign=\"middle\">Name der Organisation<\/td>\n<td valign=\"middle\">Standort<\/td>\n<td valign=\"middle\">\u00a0Gewinn<\/td>\n<\/tr>\n<tr>\n<td valign=\"middle\">Maud Pettersson<\/td>\n<td valign=\"middle\">Fj\u00e4rdhundra<\/td>\n<td valign=\"middle\">Geschenkgutschein f\u00fcr \u201dTrivselkv\u00e4ll med underh\u00e5llning och gammeldags mat\u201d am 19.8. um 18 Uhr, gestiftet von Altuna hembygdsf\u00f6rening.<\/td>\n<\/tr>\n<tr>\n<td valign=\"middle\">Gunilla Lidholm<\/td>\n<td valign=\"middle\">Enk\u00f6ping<\/td>\n<td valign=\"middle\">Geschenkgutschein im Wert von 500 SEK f\u00fcr eine beliebige Unterrichtsstunde\/einen beliebigen Kurs bei Rotbrunna H\u00e4st- och kursg\u00e5rd.<\/td>\n<\/tr>\n<tr>\n<td valign=\"middle\">Gunilla Stjernstr\u00f6m<\/td>\n<td valign=\"middle\">Enk\u00f6ping<\/td>\n<td valign=\"middle\">Probefahrt f\u00fcr eine Person (Teilnahme an Gruppenaktivit\u00e4t) oder Kutschfahrt ca. 1,5 Stunden f\u00fcr 2 Personen inkl. Kaffee. Gespendet von H\u00e4stkraft Fj\u00e4rdhundra.<\/td>\n<\/tr>\n<tr>\n<td valign=\"middle\">Monica Eggefors<\/td>\n<td valign=\"middle\">Fj\u00e4rdhundra<\/td>\n<td valign=\"middle\">Eine Eintrittskarte f\u00fcr \u201d\u00c5gust i kvarnen\u201d am 25. August in Forsby Kvarn.<\/td>\n<\/tr>\n<tr>\n<td valign=\"middle\">Herr Jan Johansson<\/td>\n<td valign=\"middle\">Piste<\/td>\n<td valign=\"middle\">Delikatessenkorb mit K\u00e4se, Brot, Schinken, Tee usw. Gestiftet von Skogsbackens K\u00e4se, Kr\u00e5kvilan, V\u00e5nsj\u00f6 Schmetterlingsgarten &amp; Pekoe Bio-Tee.<\/td>\n<\/tr>\n<tr>\n<td valign=\"middle\">Frau Gunilla Lachmann<\/td>\n<td valign=\"middle\">B\u00e5lsta<\/td>\n<td valign=\"middle\">Optionaler Eiscremekarton von Untra G\u00e5rd. \u00d6rsundsbro country store.<\/td>\n<\/tr>\n<tr>\n<td valign=\"middle\">Ir\u00e9ne Melander<\/td>\n<td valign=\"middle\">Fj\u00e4rdhundra<\/td>\n<td valign=\"middle\">Tisch-Kerosinlampe. Gestiftet von HH Loppis in G\u00e4stre.<\/td>\n<\/tr>\n<tr>\n<td valign=\"middle\">M Ragnarsson<\/td>\n<td valign=\"middle\">Vittinge<\/td>\n<td valign=\"middle\">Das Buch \u201dAlte Fenster - renovieren, restaurieren und pflegen\u201d. Gestiftet von Stenbackas Holz und Glas.<\/td>\n<\/tr>\n<tr>\n<td valign=\"middle\">Ann-Mari Jerner<\/td>\n<td valign=\"middle\">Enk\u00f6ping<\/td>\n<td valign=\"middle\">Optional Futterbeutel von Hills oder Royal Canin. Gespendet von Distriktsveterin\u00e4rerna.<\/td>\n<\/tr>\n<tr>\n<td valign=\"middle\">Herr Bertil Lundin<\/td>\n<td valign=\"middle\">Enk\u00f6ping<\/td>\n<td valign=\"middle\">K\u00e4setablett. Gespendet von Vallgarns G\u00e5rdsmejeri.<\/td>\n<\/tr>\n<tr>\n<td valign=\"middle\">Ann-Mari und Bror-Erik Lundin<\/td>\n<td valign=\"middle\">Uppsala<\/td>\n<td valign=\"middle\">Mohnkerzen-Laterne. Gestiftet von der Galerie Lundellska.<\/td>\n<\/tr>\n<tr>\n<td valign=\"middle\">B\u00f6rje Jodensvi<\/td>\n<td valign=\"middle\">Fj\u00e4rdhundra<\/td>\n<td valign=\"middle\">Brosch\u00fcre \u00fcber H\u00e4rledg\u00e5rden. Gestiftet von Torstuna Hembygdsf\u00f6rening.<\/td>\n<\/tr>\n<tr>\n<td valign=\"middle\">Frank Patrickson<\/td>\n<td valign=\"middle\">Horntal<\/td>\n<td valign=\"middle\">Geschenkgutschein f\u00fcr das Ostercaf\u00e9 im Gyllene Brunnen f\u00fcr 2 Personen.<\/td>\n<\/tr>\n<tr>\n<td valign=\"middle\">Els-Britt Adelhag<\/td>\n<td valign=\"middle\">Enk\u00f6ping<\/td>\n<td valign=\"middle\">Blumengruppe. Gespendet von der Baumschule H\u00e4rnevi.<\/td>\n<\/tr>\n<tr>\n<td valign=\"middle\">G\u00f6ran Dahlgren<\/td>\n<td valign=\"middle\">Enk\u00f6ping<\/td>\n<td valign=\"middle\">Kerze oder Kerzengruppe im Wert von 100 SEK. Gespendet von Dunderbo Kerzen und Handwerk.<\/td>\n<\/tr>\n<tr>\n<td valign=\"middle\">Birgitta Buskenstr\u00f6m<\/td>\n<td valign=\"middle\">Enk\u00f6ping<\/td>\n<td valign=\"middle\">Buchpaket (3-5 B\u00fccher) von Tusen och en Bok<\/td>\n<\/tr>\n<\/tbody>\n<\/table>","protected":false},"excerpt":{"rendered":"<p>Tack till alla bes\u00f6kare som \u00e5kte runt i Fj\u00e4rdhundraland p\u00e5 Rebusrunda! Grattis s\u00e4ger vi ocks\u00e5 till er som vunnit de fina priserna. Ni kommer att bli kontaktade inom kort. Namn Ort \u00a0Vinst Maud Pettersson Fj\u00e4rdhundra Presentkort till \u201dTrivselkv\u00e4ll med underh\u00e5llning och gammeldags mat\u201d den 19\/8 kl 18. Sk\u00e4nkt av Altuna hembygdsf\u00f6rening. Gunilla Lidholm Enk\u00f6ping Presentkort [&hellip;]<\/p>\n","protected":false},"author":1,"featured_media":0,"comment_status":"open","ping_status":"open","sticky":false,"template":"","format":"standard","meta":{"_acf_changed":false,"_relevanssi_hide_post":"","_relevanssi_hide_content":"","_relevanssi_pin_for_all":"","_relevanssi_pin_keywords":"","_relevanssi_unpin_keywords":"","_relevanssi_related_keywords":"","_relevanssi_related_include_ids":"","_relevanssi_related_exclude_ids":"","_relevanssi_related_no_append":"","_relevanssi_related_not_related":"","_relevanssi_related_posts":"","_relevanssi_noindex_reason":"Rank Math Uteslut fr\u00e5n Relevanssi index","_genesis_hide_title":false,"_genesis_hide_breadcrumbs":false,"_genesis_hide_singular_image":false,"_genesis_hide_footer_widgets":false,"_genesis_custom_body_class":"","_genesis_custom_post_class":"","_genesis_layout":"","_jetpack_memberships_contains_paid_content":false,"footnotes":""},"categories":[353,84],"tags":[352,206],"class_list":{"0":"post-1167","1":"post","2":"type-post","3":"status-publish","4":"format-standard","6":"category-aldre-inlagg","7":"category-entreprenorskap-i-fjardhundraland","8":"tag-aldre-inlagg","9":"tag-rebusrunda","10":"entry"},"acf":[],"visa":null,"geo_latitude":null,"geo_longitude":null,"jetpack_featured_media_url":"","featured_image_src":null,"featured_image_src_square":null,"author_info":{"display_name":"Mats Thorburn","author_link":"https:\/\/www.fjardhundraland.se\/de\/author\/matst\/"},"jetpack-related-posts":[{"id":1340,"url":"https:\/\/www.fjardhundraland.se\/de\/gardsbutiker\/2013\/rebusrunda-i-fjardhundraland-2013\/","url_meta":{"origin":1167,"position":0},"title":"Rebus-Runde in Fj\u00e4rdhundraland 2013","author":"Mats Thorburn","date":"6 Juni 2013","format":false,"excerpt":"Auch in diesem Jahr sind Sie wieder herzlich eingeladen, an der Fj\u00e4rdhundraland-Schnitzeljagd teilzunehmen! An zwei Sonntagen im August, am 4.8. und am 11.8. um 11-17 Uhr, k\u00f6nnen Sie mit Hilfe einer einfachen und lustigen Schnitzeljagd einen Vorgeschmack auf Fj\u00e4rdhundraland bekommen. Mehr Informationen finden Sie hier!","rel":"","context":"In &quot;\u00c4ldre inl\u00e4gg&quot;","block_context":{"text":"\u00c4ldre inl\u00e4gg","link":"https:\/\/www.fjardhundraland.se\/de\/aldre-inlagg\/"},"img":{"alt_text":"Flyer_rebus","src":"https:\/\/i0.wp.com\/www.fjardhundraland.se\/wp-content\/uploads\/2013\/06\/Flyer_rebus-e1371801846169-150x79.jpg?resize=350%2C200&ssl=1","width":350,"height":200},"classes":[]},{"id":1160,"url":"https:\/\/www.fjardhundraland.se\/de\/externt\/2012\/andra-sondagen-med-rebusrunda\/","url_meta":{"origin":1167,"position":1},"title":"Zweiter Sonntag der Rebus-Runde","author":"Mats Thorburn","date":"9 August 2012","format":false,"excerpt":"Die Rebus-Tour am letzten Sonntag wurde von den Besuchern aus nah und fern sehr gesch\u00e4tzt. Diesen Sonntag ist es wieder so weit - besuchen Sie all die tollen Dinge, die Fj\u00e4rdhundraland zu bieten hat, und sichern Sie sich einen der tollen Preise!","rel":"","context":"In &quot;\u00c4ldre inl\u00e4gg&quot;","block_context":{"text":"\u00c4ldre inl\u00e4gg","link":"https:\/\/www.fjardhundraland.se\/de\/aldre-inlagg\/"},"img":{"alt_text":"","src":"","width":0,"height":0},"classes":[]},{"id":2471,"url":"https:\/\/www.fjardhundraland.se\/de\/rebusrunda\/2014\/startkort-och-karta-till-rebusrundan\/","url_meta":{"origin":1167,"position":2},"title":"Startkarte und Karte f\u00fcr Rebusrundan","author":"Mats Thorburn","date":"31 Juli 2014","format":false,"excerpt":"Sonntag 3\/8 ist die erste Rebus-Runde 2014. Hier k\u00f6nnen Sie eine Karte und eine Startkarte abholen - ausdrucken und mit auf die Reise nehmen! Startkarte - Karte","rel":"","context":"In &quot;\u00c4ldre inl\u00e4gg&quot;","block_context":{"text":"\u00c4ldre inl\u00e4gg","link":"https:\/\/www.fjardhundraland.se\/de\/aldre-inlagg\/"},"img":{"alt_text":"KartaRebusrundan2014","src":"https:\/\/i0.wp.com\/www.fjardhundraland.se\/wp-content\/uploads\/2014\/07\/KartaRebusrundan2014.jpg?resize=350%2C200&ssl=1","width":350,"height":200,"srcset":"https:\/\/i0.wp.com\/www.fjardhundraland.se\/wp-content\/uploads\/2014\/07\/KartaRebusrundan2014.jpg?resize=350%2C200&ssl=1 1x, https:\/\/i0.wp.com\/www.fjardhundraland.se\/wp-content\/uploads\/2014\/07\/KartaRebusrundan2014.jpg?resize=525%2C300&ssl=1 1.5x, https:\/\/i0.wp.com\/www.fjardhundraland.se\/wp-content\/uploads\/2014\/07\/KartaRebusrundan2014.jpg?resize=700%2C400&ssl=1 2x, https:\/\/i0.wp.com\/www.fjardhundraland.se\/wp-content\/uploads\/2014\/07\/KartaRebusrundan2014.jpg?resize=1050%2C600&ssl=1 3x, https:\/\/i0.wp.com\/www.fjardhundraland.se\/wp-content\/uploads\/2014\/07\/KartaRebusrundan2014.jpg?resize=1400%2C800&ssl=1 4x"},"classes":[]},{"id":4678,"url":"https:\/\/www.fjardhundraland.se\/de\/rebusrunda\/2017\/vinnare-barnrebusrundan\/","url_meta":{"origin":1167,"position":3},"title":"Gewinner der Kinderbustour","author":"Ylva Fontell","date":"20 August 2017","format":false,"excerpt":"Herzlichen Gl\u00fcckwunsch an die Gewinner! Herzlichen Gl\u00fcckwunsch an alle Kinder, die w\u00e4hrend der Rebus-Runde 2017 den Kinder-Rebus gel\u00f6st haben.","rel":"","context":"In &quot;Rebusrunda&quot;","block_context":{"text":"Rebusrunda","link":"https:\/\/www.fjardhundraland.se\/de\/rebusrunda\/"},"img":{"alt_text":"","src":"","width":0,"height":0},"classes":[]},{"id":4641,"url":"https:\/\/www.fjardhundraland.se\/de\/rebusrunda\/2017\/lamna-svar-pa-rebusrundan\/","url_meta":{"origin":1167,"position":4},"title":"Eine Antwort auf Rebusrundan hinterlassen","author":"Mats Thorburn","date":"6 August 2017","format":false,"excerpt":"Sie k\u00f6nnen keine Antworten mehr f\u00fcr die Rebus-Runde einreichen.  Alle Gewinner werden am Sonntag bekannt gegeben. Wie hat Ihnen die Rebus-Runde 2017 gefallen? Sie k\u00f6nnen Ihre Kommentare hier hinterlassen. \u00a0","rel":"","context":"In &quot;Rebusrunda&quot;","block_context":{"text":"Rebusrunda","link":"https:\/\/www.fjardhundraland.se\/de\/rebusrunda\/"},"img":{"alt_text":"Rebusrundan - bild p\u00e5 rebus","src":"https:\/\/i0.wp.com\/www.fjardhundraland.se\/wp-content\/uploads\/2014\/07\/2012-08-12-at-16-06-46.jpg?resize=350%2C200&ssl=1","width":350,"height":200,"srcset":"https:\/\/i0.wp.com\/www.fjardhundraland.se\/wp-content\/uploads\/2014\/07\/2012-08-12-at-16-06-46.jpg?resize=350%2C200&ssl=1 1x, https:\/\/i0.wp.com\/www.fjardhundraland.se\/wp-content\/uploads\/2014\/07\/2012-08-12-at-16-06-46.jpg?resize=525%2C300&ssl=1 1.5x, https:\/\/i0.wp.com\/www.fjardhundraland.se\/wp-content\/uploads\/2014\/07\/2012-08-12-at-16-06-46.jpg?resize=700%2C400&ssl=1 2x, https:\/\/i0.wp.com\/www.fjardhundraland.se\/wp-content\/uploads\/2014\/07\/2012-08-12-at-16-06-46.jpg?resize=1050%2C600&ssl=1 3x, https:\/\/i0.wp.com\/www.fjardhundraland.se\/wp-content\/uploads\/2014\/07\/2012-08-12-at-16-06-46.jpg?resize=1400%2C800&ssl=1 4x"},"classes":[]},{"id":4671,"url":"https:\/\/www.fjardhundraland.se\/de\/rebusrunda\/2017\/och-vinnarna-2017-ar\/","url_meta":{"origin":1167,"position":5},"title":"Und die Gewinner 2017 sind...","author":"Ylva Fontell","date":"20 August 2017","format":false,"excerpt":"Herzlichen Gl\u00fcckwunsch an alle Gewinner der Rebus-Runde 2017. Alle Gewinner werden in K\u00fcrze von den ausschreibenden Unternehmen\/Organisationen pers\u00f6nlich kontaktiert. Wir gratulieren besonders Eila Tolonen. Sie hat letztes Jahr gewonnen, und auch dieses Jahr war das Gl\u00fcck auf ihrer Seite! \u00a0","rel":"","context":"In &quot;Rebusrunda&quot;","block_context":{"text":"Rebusrunda","link":"https:\/\/www.fjardhundraland.se\/de\/rebusrunda\/"},"img":{"alt_text":"","src":"","width":0,"height":0},"classes":[]}],"jetpack_sharing_enabled":true,"_links":{"self":[{"href":"https:\/\/www.fjardhundraland.se\/de\/wp-json\/wp\/v2\/posts\/1167","targetHints":{"allow":["GET"]}}],"collection":[{"href":"https:\/\/www.fjardhundraland.se\/de\/wp-json\/wp\/v2\/posts"}],"about":[{"href":"https:\/\/www.fjardhundraland.se\/de\/wp-json\/wp\/v2\/types\/post"}],"author":[{"embeddable":true,"href":"https:\/\/www.fjardhundraland.se\/de\/wp-json\/wp\/v2\/users\/1"}],"replies":[{"embeddable":true,"href":"https:\/\/www.fjardhundraland.se\/de\/wp-json\/wp\/v2\/comments?post=1167"}],"version-history":[{"count":1,"href":"https:\/\/www.fjardhundraland.se\/de\/wp-json\/wp\/v2\/posts\/1167\/revisions"}],"predecessor-version":[{"id":19709,"href":"https:\/\/www.fjardhundraland.se\/de\/wp-json\/wp\/v2\/posts\/1167\/revisions\/19709"}],"wp:attachment":[{"href":"https:\/\/www.fjardhundraland.se\/de\/wp-json\/wp\/v2\/media?parent=1167"}],"wp:term":[{"taxonomy":"category","embeddable":true,"href":"https:\/\/www.fjardhundraland.se\/de\/wp-json\/wp\/v2\/categories?post=1167"},{"taxonomy":"post_tag","embeddable":true,"href":"https:\/\/www.fjardhundraland.se\/de\/wp-json\/wp\/v2\/tags?post=1167"}],"curies":[{"name":"wp","href":"https:\/\/api.w.org\/{rel}","templated":true}]}}