
{"id":1155,"date":"2012-08-07T15:48:31","date_gmt":"2012-08-07T13:48:31","guid":{"rendered":"http:\/\/www.fjardhundraland.se\/?p=1155"},"modified":"2026-02-05T13:41:12","modified_gmt":"2026-02-05T12:41:12","slug":"opfer-im-sommersteinbruch","status":"publish","type":"post","link":"https:\/\/www.fjardhundraland.se\/de\/musik\/2012\/varoffer-i-sommarkvallen\/","title":{"rendered":"Fr\u00fchlingsopfer am Sommerabend"},"content":{"rendered":"<p><a href=\"https:\/\/www.fjardhundraland.se\/wp-content\/uploads\/2012\/08\/IMG_7095.jpg\"><img decoding=\"async\" class=\"alignleft size-large wp-image-1156\" title=\"M\u00fchle von Forsby. Foto: Mats Thorburn.\" src=\"https:\/\/www.fjardhundraland.se\/wp-content\/uploads\/2012\/08\/IMG_7095-630x403.jpg\" alt=\"M\u00fchle von Forsby. Foto: Mats Thorburn.\" width=\"630\" height=\"403\" \/><\/a><\/p>\n<p>Am Samstag, den 11. August, findet das zweite Konzert des Jahres im <a title=\"Musikzentrum Forsby Mill\" href=\"https:\/\/forsbykvarn.se\/konserter-2012\/\" target=\"_blank\" rel=\"noopener\">Musikb\u00fchne Forsby-M\u00fchle<\/a>. Auf eine vierh\u00e4ndige Version von Igor Strawinskys \"Rite of Spring\" mit Kristine Scholz und Mats Persson folgt Jazz mit Monica Dominique und Palle Danielsson.<\/p>","protected":false},"excerpt":{"rendered":"<p>Am Samstag, den 11. August, findet das zweite Konzert des Jahres im Forsby kvarn musikscen statt. Auf eine vierh\u00e4ndige Version von Igor Strawinskys \"Rite of Spring\" mit Kristine Scholz und Mats Persson folgt Jazz mit Monica Dominique und Palle Danielsson.<\/p>","protected":false},"author":1,"featured_media":0,"comment_status":"open","ping_status":"open","sticky":false,"template":"","format":"standard","meta":{"_acf_changed":false,"_relevanssi_hide_post":"","_relevanssi_hide_content":"","_relevanssi_pin_for_all":"","_relevanssi_pin_keywords":"","_relevanssi_unpin_keywords":"","_relevanssi_related_keywords":"","_relevanssi_related_include_ids":"","_relevanssi_related_exclude_ids":"","_relevanssi_related_no_append":"","_relevanssi_related_not_related":"","_relevanssi_related_posts":"","_relevanssi_noindex_reason":"Rank Math Uteslut fr\u00e5n Relevanssi index","_genesis_hide_title":false,"_genesis_hide_breadcrumbs":false,"_genesis_hide_singular_image":false,"_genesis_hide_footer_widgets":false,"_genesis_custom_body_class":"","_genesis_custom_post_class":"","_genesis_layout":"","_jetpack_memberships_contains_paid_content":false,"footnotes":""},"categories":[353,23],"tags":[352],"class_list":{"0":"post-1155","1":"post","2":"type-post","3":"status-publish","4":"format-standard","6":"category-aldre-inlagg","7":"category-musik","8":"tag-aldre-inlagg","9":"entry"},"acf":[],"visa":null,"geo_latitude":null,"geo_longitude":null,"jetpack_featured_media_url":"","featured_image_src":null,"featured_image_src_square":null,"author_info":{"display_name":"Mats Thorburn","author_link":"https:\/\/www.fjardhundraland.se\/de\/author\/matst\/"},"jetpack-related-posts":[{"id":2838,"url":"https:\/\/www.fjardhundraland.se\/de\/inlagg\/2015\/losningar-rebusrundan-2015\/","url_meta":{"origin":1155,"position":0},"title":"L\u00f6sungen Rebus-Runde 2015","author":"Mats Thorburn","date":"18 August 2015","format":false,"excerpt":"Knifflig? Immer noch verwundert? Hier sind alle L\u00f6sungen f\u00fcr die Rebus-Runde 2015.","rel":"","context":"In &quot;\u00c4ldre inl\u00e4gg&quot;","block_context":{"text":"\u00c4ldre inl\u00e4gg","link":"https:\/\/www.fjardhundraland.se\/de\/aldre-inlagg\/"},"img":{"alt_text":"","src":"","width":0,"height":0},"classes":[]},{"id":2950,"url":"https:\/\/www.fjardhundraland.se\/de\/inlagg\/2015\/sekelskiftesmarknad-pa-hostglod-i-fjardhundraland\/","url_meta":{"origin":1155,"position":1},"title":"Sekelskiftes-Markt in H\u00f6stgl\u00f6d in Fj\u00e4rdhundraland","author":"Mats Thorburn","date":"28 September 2015","format":false,"excerpt":"Am 10. und 11. Oktober l\u00e4dt Fj\u00e4rdhundraland Sie zu einem altmodischen Markt im Dorf Altuna ein. Sie werden Mitglieder von Fj\u00e4rdhundraland und eine Reihe von eingeladenen Ausstellern treffen, Musik h\u00f6ren und vieles mehr. Mehr Informationen finden Sie hier.","rel":"","context":"In &quot;\u00c4ldre inl\u00e4gg&quot;","block_context":{"text":"\u00c4ldre inl\u00e4gg","link":"https:\/\/www.fjardhundraland.se\/de\/aldre-inlagg\/"},"img":{"alt_text":"","src":"","width":0,"height":0},"classes":[]},{"id":942,"url":"https:\/\/www.fjardhundraland.se\/de\/inlagg\/2012\/pa-krigsstigen-i-fjardhundraland\/","url_meta":{"origin":1155,"position":2},"title":"Auf dem Kriegspfad in Fj\u00e4rdhundraland","author":"Mats Thorburn","date":"19 Mai 2012","format":false,"excerpt":"Am Samstag und Sonntag um 11 und 13 Uhr f\u00fchrt Sie G\u00f6ran Mellstr\u00f6m durch das Soldatendorf in Dunderbo (Wegbeschreibung). 10 bis 16 Uhr findet in Dunderbo au\u00dferdem ein Fr\u00fchlingsmarkt statt - danach k\u00f6nnen Sie eine der vielen Sehensw\u00fcrdigkeiten in Fj\u00e4rdhundraland besuchen. Sehen Sie sich die wei\u00dfen Anemonen in H\u00e5rsb\u00e4cksdalen an, am Samstag vielleicht kombiniert mit einem Besuch in Lagerl\u00f6fska...","rel":"","context":"In &quot;\u00c4ldre inl\u00e4gg&quot;","block_context":{"text":"\u00c4ldre inl\u00e4gg","link":"https:\/\/www.fjardhundraland.se\/de\/aldre-inlagg\/"},"img":{"alt_text":"Krigsstigen soldattorp","src":"https:\/\/i0.wp.com\/www.fjardhundraland.se\/wp-content\/uploads\/2012\/05\/krigsstigen-1024x682.jpg?resize=350%2C200&ssl=1","width":350,"height":200,"srcset":"https:\/\/i0.wp.com\/www.fjardhundraland.se\/wp-content\/uploads\/2012\/05\/krigsstigen-1024x682.jpg?resize=350%2C200&ssl=1 1x, https:\/\/i0.wp.com\/www.fjardhundraland.se\/wp-content\/uploads\/2012\/05\/krigsstigen-1024x682.jpg?resize=525%2C300&ssl=1 1.5x"},"classes":[]},{"id":1842,"url":"https:\/\/www.fjardhundraland.se\/de\/inlagg\/2014\/pa-glid-med-utsikt\/","url_meta":{"origin":1155,"position":3},"title":"Segelfliegen mit Aussicht","author":"Mats Thorburn","date":"27 Januar 2014","format":false,"excerpt":"Die sch\u00f6ne Skipiste Skattmans\u00f6backen von Fj\u00e4rdhundraland hat f\u00fcr die Saison ge\u00f6ffnet! Es ist eine familienfreundliche Skipiste mit einer tollen Atmosph\u00e4re - und fr\u00f6hlichen und hilfsbereiten Mitarbeitern! Zwei Lifte, ein Skiverleih, eine Cafeteria und mehrere Grillpl\u00e4tze machen sie den ganzen Winter \u00fcber zu einem beliebten Ziel.  Ge\u00f6ffnet samstags und sonntags von 10 bis 16 Uhr und dienstags abends von 18 bis 21 Uhr. Weitere Informationen unter www.skattman.nu P. S....","rel":"","context":"In &quot;\u00c4ldre inl\u00e4gg&quot;","block_context":{"text":"\u00c4ldre inl\u00e4gg","link":"https:\/\/www.fjardhundraland.se\/de\/aldre-inlagg\/"},"img":{"alt_text":"Skattmans\u00f6backen","src":"https:\/\/i0.wp.com\/www.fjardhundraland.se\/wp-content\/uploads\/2014\/01\/Skattmans%C3%B6backen.jpg?resize=350%2C200&ssl=1","width":350,"height":200,"srcset":"https:\/\/i0.wp.com\/www.fjardhundraland.se\/wp-content\/uploads\/2014\/01\/Skattmans%C3%B6backen.jpg?resize=350%2C200&ssl=1 1x, https:\/\/i0.wp.com\/www.fjardhundraland.se\/wp-content\/uploads\/2014\/01\/Skattmans%C3%B6backen.jpg?resize=525%2C300&ssl=1 1.5x, https:\/\/i0.wp.com\/www.fjardhundraland.se\/wp-content\/uploads\/2014\/01\/Skattmans%C3%B6backen.jpg?resize=700%2C400&ssl=1 2x, https:\/\/i0.wp.com\/www.fjardhundraland.se\/wp-content\/uploads\/2014\/01\/Skattmans%C3%B6backen.jpg?resize=1050%2C600&ssl=1 3x, https:\/\/i0.wp.com\/www.fjardhundraland.se\/wp-content\/uploads\/2014\/01\/Skattmans%C3%B6backen.jpg?resize=1400%2C800&ssl=1 4x"},"classes":[]},{"id":4866,"url":"https:\/\/www.fjardhundraland.se\/de\/inlagg\/2018\/textila-spar-pa-antikmassan\/","url_meta":{"origin":1155,"position":4},"title":"Textile Spuren auf der Antiquit\u00e4tenmesse","author":"Ylva Fontell","date":"8 Februar 2018","format":false,"excerpt":"Auf der Antiquit\u00e4tenmesse in \u00c4lvsj\u00f6 vom 15. bis 18. Februar sollten Sie unbedingt die Ausstellung Textile Spuren besuchen, die vier Jahrzehnte umfasst, von den 1940er bis zu den 1970er Jahren. Alte Stoffe mit sch\u00f6nen Mustern sind ein wichtiger Teil der Ausstellung, aber die Besucher treffen auch Menschen, die typische Kleidung aus dieser Zeit tragen. Textile Traces ist eine Kreation von Margareta...","rel":"","context":"In &quot;\u00c4ldre inl\u00e4gg&quot;","block_context":{"text":"\u00c4ldre inl\u00e4gg","link":"https:\/\/www.fjardhundraland.se\/de\/aldre-inlagg\/"},"img":{"alt_text":"","src":"https:\/\/i0.wp.com\/www.fjardhundraland.se\/wp-content\/uploads\/2018\/02\/antikmassan-lata-pigan-tyg.jpg?resize=350%2C200&ssl=1","width":350,"height":200,"srcset":"https:\/\/i0.wp.com\/www.fjardhundraland.se\/wp-content\/uploads\/2018\/02\/antikmassan-lata-pigan-tyg.jpg?resize=350%2C200&ssl=1 1x, https:\/\/i0.wp.com\/www.fjardhundraland.se\/wp-content\/uploads\/2018\/02\/antikmassan-lata-pigan-tyg.jpg?resize=525%2C300&ssl=1 1.5x, https:\/\/i0.wp.com\/www.fjardhundraland.se\/wp-content\/uploads\/2018\/02\/antikmassan-lata-pigan-tyg.jpg?resize=700%2C400&ssl=1 2x, https:\/\/i0.wp.com\/www.fjardhundraland.se\/wp-content\/uploads\/2018\/02\/antikmassan-lata-pigan-tyg.jpg?resize=1050%2C600&ssl=1 3x, https:\/\/i0.wp.com\/www.fjardhundraland.se\/wp-content\/uploads\/2018\/02\/antikmassan-lata-pigan-tyg.jpg?resize=1400%2C800&ssl=1 4x"},"classes":[]},{"id":1844,"url":"https:\/\/www.fjardhundraland.se\/de\/inlagg\/2014\/teater-i-frosthult\/","url_meta":{"origin":1155,"position":5},"title":"Theater in Fr\u00f6sthult","author":"Mats Thorburn","date":"25 Februar 2014","format":false,"excerpt":"Am Freitag, den 14. M\u00e4rz um 19:00 Uhr kommt Panikteatern in die Dorfhalle von Fr\u00f6sthult und spielt \u00c4lskade Elvis. Eine Theaterauff\u00fchrung \u00fcber Tr\u00e4ume und die harte Realit\u00e4t, \u00fcber Hoffnungen, \u00fcber Vers\u00f6hnung, \u00fcber das, was wir wollten und dar\u00fcber, wie alles geworden ist. Ein bisschen Herz und ein bisschen Schmerz, eine Dosis Kom\u00f6die und ein Spritzer Trag\u00f6die, und das ganze Drumherum...","rel":"","context":"In &quot;\u00c4ldre inl\u00e4gg&quot;","block_context":{"text":"\u00c4ldre inl\u00e4gg","link":"https:\/\/www.fjardhundraland.se\/de\/aldre-inlagg\/"},"img":{"alt_text":"photo36","src":"https:\/\/i0.wp.com\/www.fjardhundraland.se\/wp-content\/uploads\/2014\/03\/photo36-300x200.jpg?resize=350%2C200&ssl=1","width":350,"height":200},"classes":[]}],"jetpack_sharing_enabled":true,"_links":{"self":[{"href":"https:\/\/www.fjardhundraland.se\/de\/wp-json\/wp\/v2\/posts\/1155","targetHints":{"allow":["GET"]}}],"collection":[{"href":"https:\/\/www.fjardhundraland.se\/de\/wp-json\/wp\/v2\/posts"}],"about":[{"href":"https:\/\/www.fjardhundraland.se\/de\/wp-json\/wp\/v2\/types\/post"}],"author":[{"embeddable":true,"href":"https:\/\/www.fjardhundraland.se\/de\/wp-json\/wp\/v2\/users\/1"}],"replies":[{"embeddable":true,"href":"https:\/\/www.fjardhundraland.se\/de\/wp-json\/wp\/v2\/comments?post=1155"}],"version-history":[{"count":1,"href":"https:\/\/www.fjardhundraland.se\/de\/wp-json\/wp\/v2\/posts\/1155\/revisions"}],"predecessor-version":[{"id":19710,"href":"https:\/\/www.fjardhundraland.se\/de\/wp-json\/wp\/v2\/posts\/1155\/revisions\/19710"}],"wp:attachment":[{"href":"https:\/\/www.fjardhundraland.se\/de\/wp-json\/wp\/v2\/media?parent=1155"}],"wp:term":[{"taxonomy":"category","embeddable":true,"href":"https:\/\/www.fjardhundraland.se\/de\/wp-json\/wp\/v2\/categories?post=1155"},{"taxonomy":"post_tag","embeddable":true,"href":"https:\/\/www.fjardhundraland.se\/de\/wp-json\/wp\/v2\/tags?post=1155"}],"curies":[{"name":"wp","href":"https:\/\/api.w.org\/{rel}","templated":true}]}}