
{"id":1037,"date":"2012-06-29T09:05:53","date_gmt":"2012-06-29T07:05:53","guid":{"rendered":"http:\/\/www.fjardhundraland.se\/?p=1037"},"modified":"2026-02-05T13:41:12","modified_gmt":"2026-02-05T12:41:12","slug":"oppen-mill-yard-sale","status":"publish","type":"post","link":"https:\/\/www.fjardhundraland.se\/de\/externt\/2012\/oppen-kvarn-gardsloppis\/","title":{"rendered":"Offene M\u00fchle &amp; Hofverkauf"},"content":{"rendered":"<p><a href=\"https:\/\/forsbykvarn.se\/wp-content\/uploads\/2012\/05\/Forsby-Kvarntak-2009-389-617x347.jpg\" target=\"_blank\" rel=\"noopener\"><img decoding=\"async\" class=\"alignnone\" title=\"Forby-M\u00fchle, Ostseite\" src=\"https:\/\/forsbykvarn.se\/wp-content\/uploads\/2012\/05\/Forsby-Kvarntak-2009-389-617x347.jpg\" alt=\"Forby-M\u00fchle, Ostseite\" width=\"617\" height=\"347\" \/><\/a><\/p>\n<p>Morgen, Samstag, k\u00f6nnen Sie Folgendes besuchen <strong>Naturschutzcamp Forsby-M\u00fchle<\/strong>, und verfolgen Sie die laufenden Renovierungsarbeiten an der dem Fluss zugewandten Seite der M\u00fchle. \u201d<a title=\"Was gibt es Neues?\" href=\"https:\/\/forsbykvarn.se\/nyheter\/\" target=\"_blank\" rel=\"noopener\">Tag der offenen Nachbarschaft\u201d um 12-15 Uhr<\/a>. <a title=\"Caf\u00e9 Forsby-M\u00fchle\" href=\"https:\/\/www.forsbykvarnkafe.se\/\" target=\"_blank\" rel=\"noopener\">Caf\u00e9 Forsby-M\u00fchle<\/a> ist ebenfalls ge\u00f6ffnet.<\/p>\n<p>Am Samstag ist es auch\u00a0<strong>Bauernhof-Flohmarkt in G\u00e4stre<\/strong>\u00a010 bis 17 Uhr. Mehrere Verk\u00e4ufer, Gartencaf\u00e9, Pelagone, Petroleumlampen mit Ersatzteilen usw.<\/p>","protected":false},"excerpt":{"rendered":"<p>Am morgigen Samstag k\u00f6nnen Sie das Bauinstandhaltungslager der Forsby-M\u00fchle besuchen und die laufenden Arbeiten zur Renovierung der dem Fluss zugewandten Seite der M\u00fchle verfolgen. \u201dTag der offenen M\u00fchle\u201d von 12-15 Uhr, das M\u00fchlencaf\u00e9 in Forsby ist ebenfalls ge\u00f6ffnet. Am Samstag findet von 10-17 Uhr ein Bauernflohmarkt in G\u00e4stre statt, mit verschiedenen Anbietern, Gartencaf\u00e9, Pelagons, Petroleumlampen mit Ersatzteilen usw.<\/p>","protected":false},"author":1,"featured_media":0,"comment_status":"open","ping_status":"open","sticky":false,"template":"","format":"standard","meta":{"_acf_changed":false,"_relevanssi_hide_post":"","_relevanssi_hide_content":"","_relevanssi_pin_for_all":"","_relevanssi_pin_keywords":"","_relevanssi_unpin_keywords":"","_relevanssi_related_keywords":"","_relevanssi_related_include_ids":"","_relevanssi_related_exclude_ids":"","_relevanssi_related_no_append":"","_relevanssi_related_not_related":"","_relevanssi_related_posts":"","_relevanssi_noindex_reason":"Rank Math Uteslut fr\u00e5n Relevanssi index","_genesis_hide_title":false,"_genesis_hide_breadcrumbs":false,"_genesis_hide_singular_image":false,"_genesis_hide_footer_widgets":false,"_genesis_custom_body_class":"","_genesis_custom_post_class":"","_genesis_layout":"","_jetpack_memberships_contains_paid_content":false,"footnotes":""},"categories":[353,18,65],"tags":[352],"class_list":{"0":"post-1037","1":"post","2":"type-post","3":"status-publish","4":"format-standard","6":"category-aldre-inlagg","7":"category-externt","8":"category-loppis","9":"tag-aldre-inlagg","10":"entry"},"acf":[],"visa":null,"geo_latitude":null,"geo_longitude":null,"jetpack_featured_media_url":"","featured_image_src":null,"featured_image_src_square":null,"author_info":{"display_name":"Mats Thorburn","author_link":"https:\/\/www.fjardhundraland.se\/de\/author\/matst\/"},"jetpack-related-posts":[{"id":393,"url":"https:\/\/www.fjardhundraland.se\/de\/externt\/2011\/byggnadsvard-i-oppen-kvarn\/","url_meta":{"origin":1037,"position":0},"title":"Geb\u00e4udeerhaltung in einer offenen M\u00fchle","author":"Mats Thorburn","date":"1 Juli 2011","format":false,"excerpt":"Morgen, Samstag, 2. Juli, 12-15 Uhr, ist Tag der offenen T\u00fcr in Forsby Mill. Wir k\u00f6nnen die Arbeiten w\u00e4hrend des laufenden Baupflegecamps verfolgen, k\u00f6nnen Baupflegeprodukte und Lein\u00f6lfarbe kaufen. Kaffee mit Forsby M\u00fchle Br\u00f6tchen!","rel":"","context":"In &quot;\u00c4ldre inl\u00e4gg&quot;","block_context":{"text":"\u00c4ldre inl\u00e4gg","link":"https:\/\/www.fjardhundraland.se\/de\/aldre-inlagg\/"},"img":{"alt_text":"","src":"https:\/\/i0.wp.com\/forsbykvarn.se\/images\/forsby.jpg?resize=350%2C200&ssl=1","width":350,"height":200},"classes":[]},{"id":914,"url":"https:\/\/www.fjardhundraland.se\/de\/mat\/2012\/nu-oppnar-forsby-kvarn-kafe\/","url_meta":{"origin":1037,"position":1},"title":"Caf\u00e9 in Forsby Mill jetzt ge\u00f6ffnet","author":"Mats Thorburn","date":"26 April 2012","format":false,"excerpt":"Am Samstag wird das lang erwartete Caf\u00e9 in Forsby Mill er\u00f6ffnet. Dort, wo einst die Lokomotive die M\u00fchle und das S\u00e4gewerk antrieb, wird nun Ibba's Geb\u00e4ck serviert. Versprochen werden Leckereien und auch n\u00fctzliche Lebensmittel. Lesen Sie mehr auf der neuen Website!","rel":"","context":"In &quot;\u00c4ldre inl\u00e4gg&quot;","block_context":{"text":"\u00c4ldre inl\u00e4gg","link":"https:\/\/www.fjardhundraland.se\/de\/aldre-inlagg\/"},"img":{"alt_text":"","src":"https:\/\/i0.wp.com\/forsbykvarn.se\/wp-content\/uploads\/2011\/08\/Forsbybageriets-gamla-monter.jpg?resize=350%2C200&ssl=1","width":350,"height":200},"classes":[]},{"id":1442,"url":"https:\/\/www.fjardhundraland.se\/de\/hantverk\/2013\/hantverks-skordemarknad\/","url_meta":{"origin":1037,"position":2},"title":"Handwerks- und Erntemarkt","author":"Ylva Fontell","date":"26 September 2013","format":false,"excerpt":"Willkommen in der M\u00fchle von Forsby am Samstag, den 28. September von 11-16 Uhr. Fj\u00e4rdhundrabygdens sl\u00f6jdare organisiert einen Markt mit Kunsthandwerk und saisonalen Ernteprodukten. Das Caf\u00e9 in der M\u00fchle ist ebenfalls ge\u00f6ffnet! \u00a0","rel":"","context":"In &quot;\u00c4ldre inl\u00e4gg&quot;","block_context":{"text":"\u00c4ldre inl\u00e4gg","link":"https:\/\/www.fjardhundraland.se\/de\/aldre-inlagg\/"},"img":{"alt_text":"","src":"","width":0,"height":0},"classes":[]},{"id":600,"url":"https:\/\/www.fjardhundraland.se\/de\/externt\/2011\/musik-du-aldrig-mer-kommer-att-fa-hora\/","url_meta":{"origin":1037,"position":3},"title":"Musik f\u00fcr den Augenblick in der M\u00fchle von Forsby","author":"Mats Thorburn","date":"16 August 2011","format":false,"excerpt":"Forsby Mill, der Konzertort in Forsby in der N\u00e4he von Fj\u00e4rdhundra, l\u00e4dt am Samstag, den 20. August, zu seinem zweiten Konzert des Jahres ein. An diesem Abend werden Sie improvisierte Musik h\u00f6ren - Musik, die so gespielt wird, dass sie sich nie mehr wiederholt!","rel":"","context":"In &quot;\u00c4ldre inl\u00e4gg&quot;","block_context":{"text":"\u00c4ldre inl\u00e4gg","link":"https:\/\/www.fjardhundraland.se\/de\/aldre-inlagg\/"},"img":{"alt_text":"Torbj\u00f6rn Lillieqvist, Forsby kvarn","src":"https:\/\/i0.wp.com\/www.fjardhundraland.se\/wp-content\/uploads\/2011\/08\/forsby-1-630x289.jpg?resize=350%2C200&ssl=1","width":350,"height":200,"srcset":"https:\/\/i0.wp.com\/www.fjardhundraland.se\/wp-content\/uploads\/2011\/08\/forsby-1-630x289.jpg?resize=350%2C200&ssl=1 1x, https:\/\/i0.wp.com\/www.fjardhundraland.se\/wp-content\/uploads\/2011\/08\/forsby-1-630x289.jpg?resize=525%2C300&ssl=1 1.5x"},"classes":[]},{"id":942,"url":"https:\/\/www.fjardhundraland.se\/de\/inlagg\/2012\/pa-krigsstigen-i-fjardhundraland\/","url_meta":{"origin":1037,"position":4},"title":"Auf dem Kriegspfad in Fj\u00e4rdhundraland","author":"Mats Thorburn","date":"19 Mai 2012","format":false,"excerpt":"Am Samstag und Sonntag um 11 und 13 Uhr f\u00fchrt Sie G\u00f6ran Mellstr\u00f6m durch das Soldatendorf in Dunderbo (Wegbeschreibung). 10 bis 16 Uhr findet in Dunderbo au\u00dferdem ein Fr\u00fchlingsmarkt statt - danach k\u00f6nnen Sie eine der vielen Sehensw\u00fcrdigkeiten in Fj\u00e4rdhundraland besuchen. Sehen Sie sich die wei\u00dfen Anemonen in H\u00e5rsb\u00e4cksdalen an, am Samstag vielleicht kombiniert mit einem Besuch in Lagerl\u00f6fska...","rel":"","context":"In &quot;\u00c4ldre inl\u00e4gg&quot;","block_context":{"text":"\u00c4ldre inl\u00e4gg","link":"https:\/\/www.fjardhundraland.se\/de\/aldre-inlagg\/"},"img":{"alt_text":"Krigsstigen soldattorp","src":"https:\/\/i0.wp.com\/www.fjardhundraland.se\/wp-content\/uploads\/2012\/05\/krigsstigen-1024x682.jpg?resize=350%2C200&ssl=1","width":350,"height":200,"srcset":"https:\/\/i0.wp.com\/www.fjardhundraland.se\/wp-content\/uploads\/2012\/05\/krigsstigen-1024x682.jpg?resize=350%2C200&ssl=1 1x, https:\/\/i0.wp.com\/www.fjardhundraland.se\/wp-content\/uploads\/2012\/05\/krigsstigen-1024x682.jpg?resize=525%2C300&ssl=1 1.5x"},"classes":[]},{"id":1274,"url":"https:\/\/www.fjardhundraland.se\/de\/externt\/2013\/grattis\/","url_meta":{"origin":1037,"position":5},"title":"Herzlichen Gl\u00fcckwunsch!","author":"Ylva Fontell","date":"7 Mai 2013","format":false,"excerpt":"Die Weberei Siggesta wird 20 Jahre alt und feiert dies mit einer Jubil\u00e4umsausstellung in der Forsby M\u00fchle am Samstag und Sonntag, den 11. und 12. Mai. Die Ausstellung tr\u00e4gt den Titel \"Vom Altartuch bis zum Flickenteppich\", was die Bandbreite des Gezeigten verr\u00e4t. Das Caf\u00e9 in der M\u00fchle von Forsby ist nat\u00fcrlich zur gleichen Zeit ge\u00f6ffnet. Ge\u00f6ffnet 12-17 Uhr","rel":"","context":"In &quot;\u00c4ldre inl\u00e4gg&quot;","block_context":{"text":"\u00c4ldre inl\u00e4gg","link":"https:\/\/www.fjardhundraland.se\/de\/aldre-inlagg\/"},"img":{"alt_text":"IMG_2384","src":"https:\/\/i0.wp.com\/www.fjardhundraland.se\/wp-content\/uploads\/2013\/05\/IMG_2384-300x200.jpg?resize=350%2C200&ssl=1","width":350,"height":200},"classes":[]}],"jetpack_sharing_enabled":true,"_links":{"self":[{"href":"https:\/\/www.fjardhundraland.se\/de\/wp-json\/wp\/v2\/posts\/1037","targetHints":{"allow":["GET"]}}],"collection":[{"href":"https:\/\/www.fjardhundraland.se\/de\/wp-json\/wp\/v2\/posts"}],"about":[{"href":"https:\/\/www.fjardhundraland.se\/de\/wp-json\/wp\/v2\/types\/post"}],"author":[{"embeddable":true,"href":"https:\/\/www.fjardhundraland.se\/de\/wp-json\/wp\/v2\/users\/1"}],"replies":[{"embeddable":true,"href":"https:\/\/www.fjardhundraland.se\/de\/wp-json\/wp\/v2\/comments?post=1037"}],"version-history":[{"count":1,"href":"https:\/\/www.fjardhundraland.se\/de\/wp-json\/wp\/v2\/posts\/1037\/revisions"}],"predecessor-version":[{"id":19711,"href":"https:\/\/www.fjardhundraland.se\/de\/wp-json\/wp\/v2\/posts\/1037\/revisions\/19711"}],"wp:attachment":[{"href":"https:\/\/www.fjardhundraland.se\/de\/wp-json\/wp\/v2\/media?parent=1037"}],"wp:term":[{"taxonomy":"category","embeddable":true,"href":"https:\/\/www.fjardhundraland.se\/de\/wp-json\/wp\/v2\/categories?post=1037"},{"taxonomy":"post_tag","embeddable":true,"href":"https:\/\/www.fjardhundraland.se\/de\/wp-json\/wp\/v2\/tags?post=1037"}],"curies":[{"name":"wp","href":"https:\/\/api.w.org\/{rel}","templated":true}]}}