
{"id":1025,"date":"2012-06-26T10:10:36","date_gmt":"2012-06-26T08:10:36","guid":{"rendered":"http:\/\/www.fjardhundraland.se\/?p=1025"},"modified":"2026-02-05T13:41:12","modified_gmt":"2026-02-05T12:41:12","slug":"ein-ticket-in-die-funfziger-jahre","status":"publish","type":"post","link":"https:\/\/www.fjardhundraland.se\/de\/externt\/2012\/en-biljett-till-femtiotalet\/","title":{"rendered":"Ein Ticket in die f\u00fcnfziger Jahre"},"content":{"rendered":"<p><img decoding=\"async\" class=\"alignnone\" title=\"Frauenchor beim \u00dcben\" src=\"https:\/\/fbcdn-sphotos-a.akamaihd.net\/hphotos-ak-ash3\/600747_10151028904635325_1111507348_n.jpg\" alt=\"Frauenchor beim \u00dcben\" width=\"576\" height=\"432\" \/><\/p>\n<p>Am Freitag, den 29. Juni, ist es soweit: Die Premiere von <em>Es gibt ein Summen<\/em>, das gro\u00dfe Theaterprojekt des Kulturvereins Paddebo im Rahmen von Fj\u00e4rdhundra, in dem wir drei M\u00e4dchen in ihren Tr\u00e4umen, ihrer Sehnsucht und ihrer Realit\u00e4t, \u00fcber Mut, Freundschaft und Autos begleiten. Die Geschichte spielt in den 1940er und 50er Jahren, irgendwo in Schweden. Reservieren Sie Ihre Karten - es wird ein Erlebnis sein!<\/p>\n<p><a title=\"Es gibt ein Summen\" href=\"https:\/\/www.paddebo.se\/det-susar\/\" target=\"_blank\" rel=\"noopener\">Es gibt ein Summen<\/a><\/p>","protected":false},"excerpt":{"rendered":"<p>Am Freitag, den 29.6. ist es Zeit f\u00fcr die Premiere von Det susar, dem gro\u00dfen Theaterprojekt von Paddebo kulturf\u00f6reningen im Fj\u00e4rdhundra, in dem wir drei M\u00e4dchen in ihren Tr\u00e4umen, ihrer Sehnsucht und ihrer Realit\u00e4t, \u00fcber Mut, Freundschaft und Autos begleiten k\u00f6nnen. Die Geschichte spielt in den 1940er und 50er Jahren, irgendwo in Schweden. Sichern Sie sich Ihre Tickets - es wird ein Erlebnis sein! Es herrscht Aufregung<\/p>","protected":false},"author":1,"featured_media":0,"comment_status":"open","ping_status":"open","sticky":false,"template":"","format":"standard","meta":{"_acf_changed":false,"_relevanssi_hide_post":"","_relevanssi_hide_content":"","_relevanssi_pin_for_all":"","_relevanssi_pin_keywords":"","_relevanssi_unpin_keywords":"","_relevanssi_related_keywords":"","_relevanssi_related_include_ids":"","_relevanssi_related_exclude_ids":"","_relevanssi_related_no_append":"","_relevanssi_related_not_related":"","_relevanssi_related_posts":"","_relevanssi_noindex_reason":"Rank Math Uteslut fr\u00e5n Relevanssi index","_genesis_hide_title":false,"_genesis_hide_breadcrumbs":false,"_genesis_hide_singular_image":false,"_genesis_hide_footer_widgets":false,"_genesis_custom_body_class":"","_genesis_custom_post_class":"","_genesis_layout":"","_jetpack_memberships_contains_paid_content":false,"footnotes":""},"categories":[353,18,45,50],"tags":[352],"class_list":{"0":"post-1025","1":"post","2":"type-post","3":"status-publish","4":"format-standard","6":"category-aldre-inlagg","7":"category-externt","8":"category-kultur","9":"category-teater","10":"tag-aldre-inlagg","11":"entry"},"acf":[],"visa":null,"geo_latitude":null,"geo_longitude":null,"jetpack_featured_media_url":"","featured_image_src":null,"featured_image_src_square":null,"author_info":{"display_name":"Mats Thorburn","author_link":"https:\/\/www.fjardhundraland.se\/de\/author\/matst\/"},"jetpack-related-posts":[{"id":925,"url":"https:\/\/www.fjardhundraland.se\/de\/externt\/2012\/925\/","url_meta":{"origin":1025,"position":0},"title":"Der Trubel in diesem Sommer","author":"Mats Thorburn","date":"4 Mai 2012","format":false,"excerpt":"Es ist an der Zeit, Ihre Karten f\u00fcr das Theatererlebnis dieses Sommers in Fj\u00e4rdhundra n\u00f6rdlich von Enk\u00f6ping zu kaufen. Achtzig Schauspieler, Musiker und T\u00e4nzer im Alter von sechs bis siebzig Jahren laden Sie zu einem unvergesslichen Sommererlebnis ein. Die 1950er Jahre, Autos und drei junge M\u00e4dchen, die davon tr\u00e4umen, eine Rallye zu leiten, ein Caf\u00e9 und eine Werkstatt zu er\u00f6ffnen. Das ist eine tolle Sache!","rel":"","context":"In &quot;\u00c4ldre inl\u00e4gg&quot;","block_context":{"text":"\u00c4ldre inl\u00e4gg","link":"https:\/\/www.fjardhundraland.se\/de\/aldre-inlagg\/"},"img":{"alt_text":"Det susar","src":"https:\/\/i0.wp.com\/www.paddebo.se\/wp-content\/uploads\/2012\/01\/Det.jpg?resize=350%2C200&ssl=1","width":350,"height":200},"classes":[]},{"id":889,"url":"https:\/\/www.fjardhundraland.se\/de\/externt\/2012\/fjardhundraland-pa-foretagsmassa\/","url_meta":{"origin":1025,"position":1},"title":"Fj\u00e4rdhundraland auf einer Wirtschaftsmesse","author":"Mats Thorburn","date":"19 April 2012","format":false,"excerpt":"Morgen und Samstag k\u00f6nnen Sie mit uns auf der Wirtschaftsmesse Enk\u00f6ping2012 \u00fcber Fj\u00e4rdhundraland sprechen! Der Wirtschaftsverband Fj\u00e4rdhundraland ist auf der Messe vertreten und stellt seine Aktivit\u00e4ten und das Projekt \u201dUnternehmertum in Fj\u00e4rdhundaland\u201d vor. Mit am Stand sind auch Vallgarns Hofmolkerei, Skogsbackens K\u00e4se, Lagerl\u00f6fska magasinet, der Kulturverein Paddebo und H\u00e4stkraft Fj\u00e4rdhundra. Kommen Sie vorbei und sprechen Sie mit uns, kaufen Sie guten K\u00e4se ...","rel":"","context":"In &quot;\u00c4ldre inl\u00e4gg&quot;","block_context":{"text":"\u00c4ldre inl\u00e4gg","link":"https:\/\/www.fjardhundraland.se\/de\/aldre-inlagg\/"},"img":{"alt_text":"","src":"","width":0,"height":0},"classes":[]},{"id":1191,"url":"https:\/\/www.fjardhundraland.se\/de\/inlagg\/2012\/oppet-hus-i-fjardhundraland-18-november\/","url_meta":{"origin":1025,"position":2},"title":"Tag der offenen T\u00fcr in Fj\u00e4rdhundraland am 18. November","author":"Mats Thorburn","date":"2 Oktober 2012","format":false,"excerpt":"Am Sonntag, den 18. November von 16-19.30 Uhr sind Sie herzlich eingeladen, im Haus der Kirche in Fj\u00e4rdhundra zu sprechen! Wir zeigen um 17-18 Uhr einen Ausschnitt aus dem Film des Theatererfolgs \u201dDet susar\u201d von diesem Sommer. Mini-Messe mit den kleinen Unternehmen des Dorfes. Nutzen Sie die Gelegenheit, lokal produzierte Lebensmittel und Kaffee zu kaufen. Erfahren Sie mehr \u00fcber Unternehmertum mit dem Projekt Entrepreneurship in...","rel":"","context":"In &quot;\u00c4ldre inl\u00e4gg&quot;","block_context":{"text":"\u00c4ldre inl\u00e4gg","link":"https:\/\/www.fjardhundraland.se\/de\/aldre-inlagg\/"},"img":{"alt_text":"Det susar","src":"https:\/\/i0.wp.com\/www.fjardhundraland.se\/wp-content\/uploads\/2012\/10\/detsusar-630x403.jpg?resize=350%2C200&ssl=1","width":350,"height":200,"srcset":"https:\/\/i0.wp.com\/www.fjardhundraland.se\/wp-content\/uploads\/2012\/10\/detsusar-630x403.jpg?resize=350%2C200&ssl=1 1x, https:\/\/i0.wp.com\/www.fjardhundraland.se\/wp-content\/uploads\/2012\/10\/detsusar-630x403.jpg?resize=525%2C300&ssl=1 1.5x"},"classes":[]},{"id":1206,"url":"https:\/\/www.fjardhundraland.se\/de\/hantverk\/2012\/oppet-hus-18-november\/","url_meta":{"origin":1025,"position":3},"title":"Tag der offenen T\u00fcr am 18. November","author":"Ylva Fontell","date":"4 November 2012","format":false,"excerpt":"Am Sonntag, den 18. November, erhalten Sie einen Einblick in das, was Fj\u00e4rdhundraland zu bieten hat. Der Verein stellt sich vor, viele Mitglieder erz\u00e4hlen von ihren Aktivit\u00e4ten\/verkaufen ihre Produkte, Sie k\u00f6nnen essen und Kaffee aus lokaler Produktion trinken und Filme oder Kindertheater sehen. Herzlich willkommen zu einem spannenden Abend in der Herbstdunkelheit! Die G\u00e4rtnerei H\u00e4rnevi ist vor Ort ...","rel":"","context":"In &quot;\u00c4ldre inl\u00e4gg&quot;","block_context":{"text":"\u00c4ldre inl\u00e4gg","link":"https:\/\/www.fjardhundraland.se\/de\/aldre-inlagg\/"},"img":{"alt_text":"","src":"","width":0,"height":0},"classes":[]},{"id":80,"url":"https:\/\/www.fjardhundraland.se\/de\/externt\/2011\/forsmak-pa-fjardhundraland-2\/","url_meta":{"origin":1025,"position":4},"title":"Anreise nach Fj\u00e4rdhundraland","author":"Ylva Fontell","date":"3 Mai 2011","format":false,"excerpt":"Folgen Sie alten Wikingerpfaden mit dem Bus nach Fj\u00e4rdhundraland und erleben Sie mit allen Sinnen eine Reise in die herrliche Natur.  Betreten Sie alte Kulturst\u00e4tten, lauschen Sie dem sch\u00f6nen Gesang und bestaunen Sie die Kirchenmalereien von Pictor. Genie\u00dfen Sie Kaffee und hausgemachten Kuchen im sch\u00f6nen H\u00e4rledsg\u00e5rden aus dem Jahre 1700. Die Bustour beginnt an Gustav Adolfs Plan...","rel":"","context":"In &quot;\u00c4ldre inl\u00e4gg&quot;","block_context":{"text":"\u00c4ldre inl\u00e4gg","link":"https:\/\/www.fjardhundraland.se\/de\/aldre-inlagg\/"},"img":{"alt_text":"","src":"","width":0,"height":0},"classes":[]},{"id":600,"url":"https:\/\/www.fjardhundraland.se\/de\/externt\/2011\/musik-du-aldrig-mer-kommer-att-fa-hora\/","url_meta":{"origin":1025,"position":5},"title":"Musik f\u00fcr den Augenblick in der M\u00fchle von Forsby","author":"Mats Thorburn","date":"16 August 2011","format":false,"excerpt":"Forsby Mill, der Konzertort in Forsby in der N\u00e4he von Fj\u00e4rdhundra, l\u00e4dt am Samstag, den 20. August, zu seinem zweiten Konzert des Jahres ein. An diesem Abend werden Sie improvisierte Musik h\u00f6ren - Musik, die so gespielt wird, dass sie sich nie mehr wiederholt!","rel":"","context":"In &quot;\u00c4ldre inl\u00e4gg&quot;","block_context":{"text":"\u00c4ldre inl\u00e4gg","link":"https:\/\/www.fjardhundraland.se\/de\/aldre-inlagg\/"},"img":{"alt_text":"Torbj\u00f6rn Lillieqvist, Forsby kvarn","src":"https:\/\/i0.wp.com\/www.fjardhundraland.se\/wp-content\/uploads\/2011\/08\/forsby-1-630x289.jpg?resize=350%2C200&ssl=1","width":350,"height":200,"srcset":"https:\/\/i0.wp.com\/www.fjardhundraland.se\/wp-content\/uploads\/2011\/08\/forsby-1-630x289.jpg?resize=350%2C200&ssl=1 1x, https:\/\/i0.wp.com\/www.fjardhundraland.se\/wp-content\/uploads\/2011\/08\/forsby-1-630x289.jpg?resize=525%2C300&ssl=1 1.5x"},"classes":[]}],"jetpack_sharing_enabled":true,"_links":{"self":[{"href":"https:\/\/www.fjardhundraland.se\/de\/wp-json\/wp\/v2\/posts\/1025","targetHints":{"allow":["GET"]}}],"collection":[{"href":"https:\/\/www.fjardhundraland.se\/de\/wp-json\/wp\/v2\/posts"}],"about":[{"href":"https:\/\/www.fjardhundraland.se\/de\/wp-json\/wp\/v2\/types\/post"}],"author":[{"embeddable":true,"href":"https:\/\/www.fjardhundraland.se\/de\/wp-json\/wp\/v2\/users\/1"}],"replies":[{"embeddable":true,"href":"https:\/\/www.fjardhundraland.se\/de\/wp-json\/wp\/v2\/comments?post=1025"}],"version-history":[{"count":1,"href":"https:\/\/www.fjardhundraland.se\/de\/wp-json\/wp\/v2\/posts\/1025\/revisions"}],"predecessor-version":[{"id":19712,"href":"https:\/\/www.fjardhundraland.se\/de\/wp-json\/wp\/v2\/posts\/1025\/revisions\/19712"}],"wp:attachment":[{"href":"https:\/\/www.fjardhundraland.se\/de\/wp-json\/wp\/v2\/media?parent=1025"}],"wp:term":[{"taxonomy":"category","embeddable":true,"href":"https:\/\/www.fjardhundraland.se\/de\/wp-json\/wp\/v2\/categories?post=1025"},{"taxonomy":"post_tag","embeddable":true,"href":"https:\/\/www.fjardhundraland.se\/de\/wp-json\/wp\/v2\/tags?post=1025"}],"curies":[{"name":"wp","href":"https:\/\/api.w.org\/{rel}","templated":true}]}}