
{"id":1023,"date":"2012-06-19T11:36:07","date_gmt":"2012-06-19T09:36:07","guid":{"rendered":"http:\/\/www.fjardhundraland.se\/?p=1008"},"modified":"2026-02-05T13:41:12","modified_gmt":"2026-02-05T12:41:12","slug":"hochsommer-2012-harkeberga-harled-altuna-und-frosthult","status":"publish","type":"post","link":"https:\/\/www.fjardhundraland.se\/de\/externt\/2012\/midsommar-2012-harkeberga-harled-altuna-och-frosthult\/","title":{"rendered":"Mittsommer 2012 in H\u00e4rkeberga, H\u00e4rled, Altuna und Fr\u00f6sthult"},"content":{"rendered":"<h1><span style=\"color: #008000;\"><strong><a title=\"Mittsommer in Fj\u00e4rdhundraland 2014\" href=\"https:\/\/www.fjardhundraland.se\/de\/2014\/06\/mittsommer-fjardhundraland-2014\/\"><span style=\"color: #008000;\">Hochsommer 2014: hier klicken!<\/span><\/a><\/strong><\/span><\/h1>\n<p><a href=\"https:\/\/www.fjardhundraland.se\/wp-content\/uploads\/2011\/06\/MG_6913.jpg\"><img decoding=\"async\" class=\"alignnone size-large wp-image-374\" title=\"Mittsommerpfahl, H\u00e4rledg\u00e5rden\" src=\"https:\/\/www.fjardhundraland.se\/wp-content\/uploads\/2011\/06\/MG_6913-1024x682.jpg\" alt=\"\" width=\"640\" height=\"426\"><\/a><\/p>\n<p>Feiern Sie Mittsommer im sch\u00f6nen Fj\u00e4rdhundraland!<\/p>\n<h2>Mittsommerabend in Altuna, H\u00e4rledg\u00e5rden, H\u00e4rkeberga und Fr\u00f6sthult<\/h2>\n<p><a title=\"Geh\u00f6ft Altuna\" href=\"https:\/\/www.hembygd.se\/aktivitet\/id\/2708\/midsommarfest\/\" target=\"_blank\" rel=\"noopener\">Geh\u00f6ft Altuna<\/a>. 13:30. Mittsommerfest in Altuna hembygdsg\u00e5rd. Tanz um den Mittsommerpfahl, Quizwanderung und Verlosung. Kaffee und selbstgebackenes Brot. Willkommen zum Fest!<\/p>\n<p><a title=\"Fr\u00f6sthults Dorfhalle\" href=\"https:\/\/www.frosthult.se\" target=\"_blank\" rel=\"noopener\">Fr\u00f6sthults Dorfhalle<\/a>. 13.30 Uhr. Mittsommer-Feier. Bringen Sie Blumen und Bl\u00e4tter f\u00fcr den Mittsommerpfahl, Freunde zum Genie\u00dfen und einen Kaffeekorb zum Genie\u00dfen im gr\u00fcnen Gras mit. Wir tanzen um den Mittsommerpfahl, machen einen Quizspaziergang und kaufen Lotterielose. Sie k\u00f6nnen gerne Ihr eigenes Fahrzeug zur Sonnwendfeier mitbringen. Bei schlechtem Wetter findet die Feier stattdessen drinnen statt.<\/p>\n<p><a title=\"H\u00e4rledg\u00e5rden - Verein f\u00fcr Ortsgeschichte Torstuna\" href=\"https:\/\/www.hembygd.se\/torstuna\/\" target=\"_blank\" rel=\"noopener\">H\u00e4rledg\u00e5rden<\/a>. 13.30. Mittsommerfest mit Tanz um den Pfahl, Auff\u00fchrung, Volkstanzshow, Spielen und Erfrischungen. Eintritt frei.<\/p>\n<p><a title=\"Kaplansg\u00e5rden\" href=\"https:\/\/www.nordiskamuseet.se\/category.asp?cat=177&amp;catname=&amp;tmpid=1028\" target=\"_blank\" rel=\"noopener\">Kaplansg\u00e5rden, H\u00e4rkeberga<\/a>. Willkommen zum Mittsommerfest in H\u00e4rkeberga am Kaplansg\u00e5rden. Der Mittsommerpfahl wird um 13.00 Uhr aufgestellt. Enk\u00f6pings Folkdansgille beginnt dann mit Volkstanz Performance. Tanz und Spiel um den Pfahl von G\u00f6ran und Ingrid und anderen. Musik von Tr\u00f6gds spelmanslag. Tippwanderung, Spiele, Besichtigung des Museums im Kaplansg\u00e5rden. Kaffeeservice, W\u00fcrstchen und Eis. Organisator: H\u00e4rkeberga Gille.<\/p>\n<p><a href=\"https:\/\/www.fjardhundraland.se\/wp-content\/uploads\/2011\/06\/MG_6853.jpg\"><img decoding=\"async\" class=\"alignnone size-large wp-image-376\" title=\"Mittsommer, H\u00e4rledg\u00e5rden. Foto: Mats Thorburn.\" src=\"https:\/\/www.fjardhundraland.se\/wp-content\/uploads\/2011\/06\/MG_6853-682x1024.jpg\" alt=\"\" width=\"640\" height=\"960\"><\/a><\/p>","protected":false},"excerpt":{"rendered":"<p>Midsommar 2014: klicka h\u00e4r! Fira midsommar i vackra Fj\u00e4rdhundraland! Midsommarafton i Altuna, H\u00e4rledg\u00e5rden, H\u00e4rkeberga och Fr\u00f6sthult Altuna hembygdsg\u00e5rd. Kl&nbsp;13:30.&nbsp;Midsommarfest i Altuna hembygdsg\u00e5rd.&nbsp;Dans kring midsommarst\u00e5ngen, tipspromenad och lotteri. Kaffe och hembakat br\u00f6d. V\u00e4lkommen! Fr\u00f6sthults Bygdeg\u00e5rd. Kl 13.30. Midsommarfirande.&nbsp;Ta med blommor och l\u00f6v till midsommarst\u00e5ngen, v\u00e4nner att trivas med och kaffekorg att njuta av i gr\u00f6ngr\u00e4set. Vi [&hellip;]<\/p>\n","protected":false},"author":1,"featured_media":374,"comment_status":"open","ping_status":"open","sticky":false,"template":"","format":"standard","meta":{"_acf_changed":false,"_relevanssi_hide_post":"","_relevanssi_hide_content":"","_relevanssi_pin_for_all":"","_relevanssi_pin_keywords":"","_relevanssi_unpin_keywords":"","_relevanssi_related_keywords":"","_relevanssi_related_include_ids":"","_relevanssi_related_exclude_ids":"","_relevanssi_related_no_append":"","_relevanssi_related_not_related":"","_relevanssi_related_posts":"","_relevanssi_noindex_reason":"Rank Math Uteslut fr\u00e5n Relevanssi index","_genesis_hide_title":false,"_genesis_hide_breadcrumbs":false,"_genesis_hide_singular_image":false,"_genesis_hide_footer_widgets":false,"_genesis_custom_body_class":"","_genesis_custom_post_class":"","_genesis_layout":"","_jetpack_memberships_contains_paid_content":false,"footnotes":""},"categories":[353,18,25,87],"tags":[352,29,30,31,32,33],"class_list":{"0":"post-1023","1":"post","2":"type-post","3":"status-publish","4":"format-standard","5":"has-post-thumbnail","7":"category-aldre-inlagg","8":"category-externt","9":"category-upplevelser","10":"category-utflykt","11":"tag-aldre-inlagg","12":"tag-altuna","13":"tag-frosthults-bygdegard","14":"tag-harkeberga","15":"tag-harledgarden","16":"tag-midsommar","17":"entry"},"acf":[],"visa":null,"geo_latitude":null,"geo_longitude":null,"jetpack_featured_media_url":"","featured_image_src":null,"featured_image_src_square":null,"author_info":{"display_name":"Mats Thorburn","author_link":"https:\/\/www.fjardhundraland.se\/de\/author\/matst\/"},"jetpack-related-posts":[{"id":1354,"url":"https:\/\/www.fjardhundraland.se\/de\/utflykt\/2013\/midsommar-i-fjardhundraland-2013\/","url_meta":{"origin":1023,"position":0},"title":"Mittsommer in Fj\u00e4rdhundraland 2013 - H\u00e4rkeberga, H\u00e4rled, Altuna und Fr\u00f6sthult","author":"Mats Thorburn","date":"14 Juni 2013","format":false,"excerpt":"Jetzt ist es 2014 - lesen Sie hier \u00fcber Mittsommer 2014! Mittsommerfest im H\u00e4rledg\u00e5rden, Torstuna 13.30 Mittsommerfest im H\u00e4rled. Organisatoren 2013 K\u00e4llinge, Ekeby, Str\u00f6msta, Nydala. Tanz um die Stange, Unterhaltung, Volkstanz mit Enk\u00f6pings Folkdansgille, Kaffeeservice, Verlosungen. Veranstalter: Torstuna Hembygdsf\u00f6rening, Veranstaltungsort: H\u00e4rledg\u00e5rden. E-mail: katarina.wall@telia.com Website Mittsommer in H\u00e4rkeberga Willkommen zum Feiern einer kulturellen...","rel":"","context":"In &quot;\u00c4ldre inl\u00e4gg&quot;","block_context":{"text":"\u00c4ldre inl\u00e4gg","link":"https:\/\/www.fjardhundraland.se\/de\/aldre-inlagg\/"},"img":{"alt_text":"midsommar","src":"https:\/\/i0.wp.com\/www.fjardhundraland.se\/wp-content\/uploads\/2013\/06\/mids-1-630x419.jpg?resize=350%2C200&ssl=1","width":350,"height":200,"srcset":"https:\/\/i0.wp.com\/www.fjardhundraland.se\/wp-content\/uploads\/2013\/06\/mids-1-630x419.jpg?resize=350%2C200&ssl=1 1x, https:\/\/i0.wp.com\/www.fjardhundraland.se\/wp-content\/uploads\/2013\/06\/mids-1-630x419.jpg?resize=525%2C300&ssl=1 1.5x"},"classes":[]},{"id":2677,"url":"https:\/\/www.fjardhundraland.se\/de\/inlagg\/2015\/midsommar-i-fjardhundraland-2015\/","url_meta":{"origin":1023,"position":1},"title":"Mittsommer in Fj\u00e4rdhundraland 2015","author":"","date":"10 Juni 2015","format":false,"excerpt":"Nat\u00fcrlich sind wir der Meinung, dass Mittsommer auf dem Lande gefeiert werden sollte. Und dann passt es gut zu der Landschaft, die so nah an Enk\u00f6ping sowie V\u00e4ster\u00e5s, Sala, Uppsala und Stockholm liegt. Willkommen zu einem Mittsommerausflug! Hier k\u00f6nnen Sie sehen, welche Mittsommerfeiern 2015 in Fj\u00e4rdhundraland stattfinden: Mittsommerfest auf dem H\u00e4rledg\u00e5rden in Torstuna. Tanzen um den Pfahl in...","rel":"","context":"In &quot;\u00c4ldre inl\u00e4gg&quot;","block_context":{"text":"\u00c4ldre inl\u00e4gg","link":"https:\/\/www.fjardhundraland.se\/de\/aldre-inlagg\/"},"img":{"alt_text":"Folkdanslag p\u00e5 H\u00e4rledg\u00e5rden p\u00e5 midsommar","src":"https:\/\/i0.wp.com\/www.fjardhundraland.se\/wp-content\/uploads\/2012\/05\/H%C3%A4rledg%C3%A5rden.jpg?resize=350%2C200&ssl=1","width":350,"height":200,"srcset":"https:\/\/i0.wp.com\/www.fjardhundraland.se\/wp-content\/uploads\/2012\/05\/H%C3%A4rledg%C3%A5rden.jpg?resize=350%2C200&ssl=1 1x, https:\/\/i0.wp.com\/www.fjardhundraland.se\/wp-content\/uploads\/2012\/05\/H%C3%A4rledg%C3%A5rden.jpg?resize=525%2C300&ssl=1 1.5x, https:\/\/i0.wp.com\/www.fjardhundraland.se\/wp-content\/uploads\/2012\/05\/H%C3%A4rledg%C3%A5rden.jpg?resize=700%2C400&ssl=1 2x, https:\/\/i0.wp.com\/www.fjardhundraland.se\/wp-content\/uploads\/2012\/05\/H%C3%A4rledg%C3%A5rden.jpg?resize=1050%2C600&ssl=1 3x, https:\/\/i0.wp.com\/www.fjardhundraland.se\/wp-content\/uploads\/2012\/05\/H%C3%A4rledg%C3%A5rden.jpg?resize=1400%2C800&ssl=1 4x"},"classes":[]},{"id":3363,"url":"https:\/\/www.fjardhundraland.se\/de\/inlagg\/2016\/midsommar-fjardhundraland-2016\/","url_meta":{"origin":1023,"position":2},"title":"Mittsommer in Fj\u00e4rdhundraland 2016","author":"Ylva Fontell","date":"21 Juni 2016","format":false,"excerpt":"Mittsommer sollte auf dem Lande gefeiert werden! Und dann passt es gut zu der Landschaft, die sowohl in der N\u00e4he von Enk\u00f6ping als auch von V\u00e4ster\u00e5s, Sala, Uppsala und Stockholm liegt. Willkommen zu einem Mittsommerausflug! Mittsommerfest auf dem H\u00e4rledg\u00e5rden in Torstuna. Tanz um den Pfahl auf dem H\u00e4rledg\u00e5rden. Unterhaltung. Volkst\u00e4nze. Kaffeegedeck. Freier Eintritt. 13.30 Uhr Mittsommerpfahl wird hereingetragen und aufgestellt mehr Info Mittsommerfest...","rel":"","context":"In &quot;\u00c4ldre inl\u00e4gg&quot;","block_context":{"text":"\u00c4ldre inl\u00e4gg","link":"https:\/\/www.fjardhundraland.se\/de\/aldre-inlagg\/"},"img":{"alt_text":"Folkdanslag p\u00e5 H\u00e4rledg\u00e5rden p\u00e5 midsommar","src":"https:\/\/i0.wp.com\/www.fjardhundraland.se\/wp-content\/uploads\/2012\/05\/H%C3%A4rledg%C3%A5rden.jpg?resize=350%2C200&ssl=1","width":350,"height":200,"srcset":"https:\/\/i0.wp.com\/www.fjardhundraland.se\/wp-content\/uploads\/2012\/05\/H%C3%A4rledg%C3%A5rden.jpg?resize=350%2C200&ssl=1 1x, https:\/\/i0.wp.com\/www.fjardhundraland.se\/wp-content\/uploads\/2012\/05\/H%C3%A4rledg%C3%A5rden.jpg?resize=525%2C300&ssl=1 1.5x, https:\/\/i0.wp.com\/www.fjardhundraland.se\/wp-content\/uploads\/2012\/05\/H%C3%A4rledg%C3%A5rden.jpg?resize=700%2C400&ssl=1 2x, https:\/\/i0.wp.com\/www.fjardhundraland.se\/wp-content\/uploads\/2012\/05\/H%C3%A4rledg%C3%A5rden.jpg?resize=1050%2C600&ssl=1 3x, https:\/\/i0.wp.com\/www.fjardhundraland.se\/wp-content\/uploads\/2012\/05\/H%C3%A4rledg%C3%A5rden.jpg?resize=1400%2C800&ssl=1 4x"},"classes":[]},{"id":2376,"url":"https:\/\/www.fjardhundraland.se\/de\/inlagg\/2014\/midsommar-fjardhundraland-2014\/","url_meta":{"origin":1023,"position":3},"title":"Mittsommer in Fj\u00e4rdhundraland 2014","author":"Mats Thorburn","date":"5 Juni 2014","format":false,"excerpt":"Feiern Sie Mittsommer im sch\u00f6nen Fj\u00e4rdhundraland - in H\u00e4rkeberga, H\u00e4rledg\u00e5rden, Altuna, Biskopskulla und in Fr\u00f6sthult. Machen Sie einen Mittsommerausflug von Enk\u00f6ping, V\u00e4ster\u00e5s, Sala oder Uppsala - ein perfekter Mittsommer auf dem Land! Mittsommerfest um 13:30 Uhr im H\u00e4rledg\u00e5rden. Tanzen um den Pfahl. Unterhaltung. Volkst\u00e4nze. Kaffee-Bedienung. Freier Eintritt. Veranstalter: Torstuna Hembygdsf\u00f6rening Tel: 070-859 32 84 https:\/\/www.hembygd.se\/uppland\/torstuna Mittsommerfest in Altuna...","rel":"","context":"In &quot;\u00c4ldre inl\u00e4gg&quot;","block_context":{"text":"\u00c4ldre inl\u00e4gg","link":"https:\/\/www.fjardhundraland.se\/de\/aldre-inlagg\/"},"img":{"alt_text":"Folkdanslag p\u00e5 H\u00e4rledg\u00e5rden p\u00e5 midsommar","src":"https:\/\/i0.wp.com\/www.fjardhundraland.se\/wp-content\/uploads\/2012\/05\/H%C3%A4rledg%C3%A5rden.jpg?resize=350%2C200&ssl=1","width":350,"height":200,"srcset":"https:\/\/i0.wp.com\/www.fjardhundraland.se\/wp-content\/uploads\/2012\/05\/H%C3%A4rledg%C3%A5rden.jpg?resize=350%2C200&ssl=1 1x, https:\/\/i0.wp.com\/www.fjardhundraland.se\/wp-content\/uploads\/2012\/05\/H%C3%A4rledg%C3%A5rden.jpg?resize=525%2C300&ssl=1 1.5x, https:\/\/i0.wp.com\/www.fjardhundraland.se\/wp-content\/uploads\/2012\/05\/H%C3%A4rledg%C3%A5rden.jpg?resize=700%2C400&ssl=1 2x, https:\/\/i0.wp.com\/www.fjardhundraland.se\/wp-content\/uploads\/2012\/05\/H%C3%A4rledg%C3%A5rden.jpg?resize=1050%2C600&ssl=1 3x, https:\/\/i0.wp.com\/www.fjardhundraland.se\/wp-content\/uploads\/2012\/05\/H%C3%A4rledg%C3%A5rden.jpg?resize=1400%2C800&ssl=1 4x"},"classes":[]},{"id":367,"url":"https:\/\/www.fjardhundraland.se\/de\/externt\/2011\/midsommar-i-det-grona\/","url_meta":{"origin":1023,"position":4},"title":"Mittsommer im Gr\u00fcnen!","author":"Mats Thorburn","date":"23 Juni 2011","format":false,"excerpt":"Mittsommer 2013: hier klicken! Feiern Sie Mittsommer im sch\u00f6nen Fj\u00e4rdhundraland! Bereits am 23\/6 k\u00f6nnen Sie den Maibaum am Biskopskulla-Tag um 19 Uhr oder am Kaplansg\u00e5rden, H\u00e4rkeberga, um 19 Uhr aufstellen. Mittsommerabend: Altuna hembygdsg\u00e5rd. 13:30-16:30. Tanz um den Pfahl mit Akkordeonmusik, Zauberer Micke Ramsell, Tipp-Walk, Lotterie f\u00fcr Kinder und Erwachsene, Erraten des Gewichts des Kaninchens, Spiele, Gelegenheit zum Besuch der Wandbeh\u00e4nge-Ausstellung ...","rel":"","context":"In &quot;\u00c4ldre inl\u00e4gg&quot;","block_context":{"text":"\u00c4ldre inl\u00e4gg","link":"https:\/\/www.fjardhundraland.se\/de\/aldre-inlagg\/"},"img":{"alt_text":"","src":"https:\/\/i0.wp.com\/www.fjardhundraland.se\/wp-content\/uploads\/2011\/06\/MG_6913-1024x682.jpg?resize=350%2C200&ssl=1","width":350,"height":200,"srcset":"https:\/\/i0.wp.com\/www.fjardhundraland.se\/wp-content\/uploads\/2011\/06\/MG_6913-1024x682.jpg?resize=350%2C200&ssl=1 1x, https:\/\/i0.wp.com\/www.fjardhundraland.se\/wp-content\/uploads\/2011\/06\/MG_6913-1024x682.jpg?resize=525%2C300&ssl=1 1.5x"},"classes":[]},{"id":10768,"url":"https:\/\/www.fjardhundraland.se\/de\/inlagg\/2022\/midsommarafton-fjardhundraland-2022\/","url_meta":{"origin":1023,"position":5},"title":"Mittsommer in Fj\u00e4rdhundraland 2023","author":"Mats Thorburn","date":"21 Juni 2022","format":false,"excerpt":"Hier finden Sie einige gro\u00dfartige traditionelle Mittsommerfeiern der Fj\u00e4rdhundraland-Mitglieder. Es sind garantiert l\u00e4ndliche Mittsommerfeiern mit Pfahl, Gesang, Gras und Blumen - so wie es sein sollte! Husby-Sjutolftsg\u00e5rden um 13.00 Uhr Aufrichten und Tanzen um den Mittsommerpfahl, Spelem\u00e4n. Eine Fahrt mit dem Laubwinder, Fischteich und Gewinnspiele. Verkauf von selbstgemachter Fika. Sie k\u00f6nnen gerne etwas mitbringen ...","rel":"","context":"In &quot;\u00c4ldre inl\u00e4gg&quot;","block_context":{"text":"\u00c4ldre inl\u00e4gg","link":"https:\/\/www.fjardhundraland.se\/de\/aldre-inlagg\/"},"img":{"alt_text":"Folkdanslag p\u00e5 H\u00e4rledg\u00e5rden p\u00e5 midsommar","src":"https:\/\/i0.wp.com\/www.fjardhundraland.se\/wp-content\/uploads\/2012\/05\/H%C3%A4rledg%C3%A5rden.jpg?resize=350%2C200&ssl=1","width":350,"height":200,"srcset":"https:\/\/i0.wp.com\/www.fjardhundraland.se\/wp-content\/uploads\/2012\/05\/H%C3%A4rledg%C3%A5rden.jpg?resize=350%2C200&ssl=1 1x, https:\/\/i0.wp.com\/www.fjardhundraland.se\/wp-content\/uploads\/2012\/05\/H%C3%A4rledg%C3%A5rden.jpg?resize=525%2C300&ssl=1 1.5x, https:\/\/i0.wp.com\/www.fjardhundraland.se\/wp-content\/uploads\/2012\/05\/H%C3%A4rledg%C3%A5rden.jpg?resize=700%2C400&ssl=1 2x, https:\/\/i0.wp.com\/www.fjardhundraland.se\/wp-content\/uploads\/2012\/05\/H%C3%A4rledg%C3%A5rden.jpg?resize=1050%2C600&ssl=1 3x, https:\/\/i0.wp.com\/www.fjardhundraland.se\/wp-content\/uploads\/2012\/05\/H%C3%A4rledg%C3%A5rden.jpg?resize=1400%2C800&ssl=1 4x"},"classes":[]}],"jetpack_sharing_enabled":true,"_links":{"self":[{"href":"https:\/\/www.fjardhundraland.se\/de\/wp-json\/wp\/v2\/posts\/1023","targetHints":{"allow":["GET"]}}],"collection":[{"href":"https:\/\/www.fjardhundraland.se\/de\/wp-json\/wp\/v2\/posts"}],"about":[{"href":"https:\/\/www.fjardhundraland.se\/de\/wp-json\/wp\/v2\/types\/post"}],"author":[{"embeddable":true,"href":"https:\/\/www.fjardhundraland.se\/de\/wp-json\/wp\/v2\/users\/1"}],"replies":[{"embeddable":true,"href":"https:\/\/www.fjardhundraland.se\/de\/wp-json\/wp\/v2\/comments?post=1023"}],"version-history":[{"count":1,"href":"https:\/\/www.fjardhundraland.se\/de\/wp-json\/wp\/v2\/posts\/1023\/revisions"}],"predecessor-version":[{"id":19714,"href":"https:\/\/www.fjardhundraland.se\/de\/wp-json\/wp\/v2\/posts\/1023\/revisions\/19714"}],"wp:featuredmedia":[{"embeddable":true,"href":"https:\/\/www.fjardhundraland.se\/de\/wp-json\/"}],"wp:attachment":[{"href":"https:\/\/www.fjardhundraland.se\/de\/wp-json\/wp\/v2\/media?parent=1023"}],"wp:term":[{"taxonomy":"category","embeddable":true,"href":"https:\/\/www.fjardhundraland.se\/de\/wp-json\/wp\/v2\/categories?post=1023"},{"taxonomy":"post_tag","embeddable":true,"href":"https:\/\/www.fjardhundraland.se\/de\/wp-json\/wp\/v2\/tags?post=1023"}],"curies":[{"name":"wp","href":"https:\/\/api.w.org\/{rel}","templated":true}]}}